{"id":5835,"date":"2025-03-31T17:41:44","date_gmt":"2025-03-31T20:41:44","guid":{"rendered":"https:\/\/muycritico.com.ar\/web\/?p=5835"},"modified":"2026-01-18T19:18:12","modified_gmt":"2026-01-18T22:18:12","slug":"el-sabado-5-de-abril-la-muni-en-tu-barrio-estara-en-limache","status":"publish","type":"post","link":"https:\/\/muycritico.com.ar\/web\/?p=5835","title":{"rendered":"EL S\u00c1BADO 5 DE ABRIL \u201cLA MUNI EN TU BARRIO\u201d ESTAR\u00c1 EN LIMACHE"},"content":{"rendered":"<p><strong>Personal de la comuna atender\u00e1 en el SUM de esa barriada, ubicado en avenida Cabo Primero Cisterna y Abraham Rall\u00e9 de 8 a 12 hs. Adem\u00e1s de los servicios municipales, habr\u00e1 stands del Registro Civil, Saeta, PAMI, Concejo Deliberante, entre otros.<\/strong><\/p>\n<p><!--more--><\/p>\n<p>El programa municipal de descentralizaci\u00f3n de servicios \u201cLa Muni en tu barrio\u201d visitar\u00e1 barrio Limache. La atenci\u00f3n ser\u00e1 el pr\u00f3ximo s\u00e1bado 5 desde las 8 de la ma\u00f1ana, en el Sal\u00f3n de Usos M\u00faltiples, en avenida Cabo Primero Cisterna y Abraham Rall\u00e9.<\/p>\n<p>En el lugar, los vecinos de la ciudad podr\u00e1n acercarse a los stands de la Municipalidad para recibir asesoramiento sobre habilitaciones, alumbrado p\u00fablico, micro basurales, desmalezado, cami\u00f3n atmosf\u00e9rico, inspecciones, se\u00f1alizaci\u00f3n, planos, licencias de conducir, armado de notas y curr\u00edculum vitae con simulaci\u00f3n de entrevistas, entre otros. Tambi\u00e9n, se vacunar\u00e1 contra la rabia.<\/p>\n<p>En cada edici\u00f3n est\u00e1n presentes, adem\u00e1s, profesionales abogados, arquitectos, contadores, t\u00e9cnicos inform\u00e1ticos, maestros mayores de obra, nutricionistas, psic\u00f3logos y oftalm\u00f3logos que se encargan de atender diferentes consultas.<\/p>\n<p>Participan asimismo miembros de otras instituciones y organismos provinciales, ampliando as\u00ed la atenci\u00f3n sobre diversos tr\u00e1mites.<\/p>\n<p>Quienes concurran a \u201cLa Muni en tu barrio\u201d, encontrar\u00e1n puestos de Saeta, Registro Civil, Ente Regulador de Servicios, INCUCAI, Concejo Deliberante, PAMI y Ministerio de Salud P\u00fablica de la Provincia.<\/p>\n<p><iframe loading=\"lazy\" title=\"El s\u00e1bado 5 \u201cLa Muni en tu barrio\u201d estar\u00e1 en Limache\" width=\"696\" height=\"392\" src=\"https:\/\/www.youtube.com\/embed\/IIlrAAd2Brg?feature=oembed\" frameborder=\"0\" allow=\"accelerometer; autoplay; clipboard-write; encrypted-media; gyroscope; picture-in-picture; web-share\" referrerpolicy=\"strict-origin-when-cross-origin\" allowfullscreen><\/iframe><\/p>\n","protected":false},"excerpt":{"rendered":"<p>Personal de la comuna atender\u00e1 en el SUM de esa barriada, ubicado en avenida Cabo Primero Cisterna y Abraham Rall\u00e9 de 8 a 12 hs. Adem\u00e1s de los servicios municipales, habr\u00e1 stands del Registro Civil, Saeta, PAMI, Concejo Deliberante, entre otros.<\/p>\n","protected":false},"author":2,"featured_media":5836,"comment_status":"open","ping_status":"closed","sticky":false,"template":"","format":"standard","meta":{"footnotes":""},"categories":[6],"tags":[872],"class_list":["post-5835","post","type-post","status-publish","format-standard","has-post-thumbnail","hentry","category-notas","tag-victor-sacca"],"_links":{"self":[{"href":"https:\/\/muycritico.com.ar\/web\/index.php?rest_route=\/wp\/v2\/posts\/5835","targetHints":{"allow":["GET"]}}],"collection":[{"href":"https:\/\/muycritico.com.ar\/web\/index.php?rest_route=\/wp\/v2\/posts"}],"about":[{"href":"https:\/\/muycritico.com.ar\/web\/index.php?rest_route=\/wp\/v2\/types\/post"}],"author":[{"embeddable":true,"href":"https:\/\/muycritico.com.ar\/web\/index.php?rest_route=\/wp\/v2\/users\/2"}],"replies":[{"embeddable":true,"href":"https:\/\/muycritico.com.ar\/web\/index.php?rest_route=%2Fwp%2Fv2%2Fcomments&post=5835"}],"version-history":[{"count":1,"href":"https:\/\/muycritico.com.ar\/web\/index.php?rest_route=\/wp\/v2\/posts\/5835\/revisions"}],"predecessor-version":[{"id":5837,"href":"https:\/\/muycritico.com.ar\/web\/index.php?rest_route=\/wp\/v2\/posts\/5835\/revisions\/5837"}],"wp:featuredmedia":[{"embeddable":true,"href":"https:\/\/muycritico.com.ar\/web\/index.php?rest_route=\/wp\/v2\/media\/5836"}],"wp:attachment":[{"href":"https:\/\/muycritico.com.ar\/web\/index.php?rest_route=%2Fwp%2Fv2%2Fmedia&parent=5835"}],"wp:term":[{"taxonomy":"category","embeddable":true,"href":"https:\/\/muycritico.com.ar\/web\/index.php?rest_route=%2Fwp%2Fv2%2Fcategories&post=5835"},{"taxonomy":"post_tag","embeddable":true,"href":"https:\/\/muycritico.com.ar\/web\/index.php?rest_route=%2Fwp%2Fv2%2Ftags&post=5835"}],"curies":[{"name":"wp","href":"https:\/\/api.w.org\/{rel}","templated":true}]}}