{"id":5829,"date":"2025-03-31T11:58:43","date_gmt":"2025-03-31T14:58:43","guid":{"rendered":"https:\/\/muycritico.com.ar\/web\/?p=5829"},"modified":"2026-01-18T19:18:13","modified_gmt":"2026-01-18T22:18:13","slug":"olmedo-es-un-cagon-en-todo-sentido","status":"publish","type":"post","link":"https:\/\/muycritico.com.ar\/web\/?p=5829","title":{"rendered":"\u201cOLMEDO ES UN CAG\u00d3N EN TODO SENTIDO\u201d"},"content":{"rendered":"<p><strong>Lo dijo el ex titular de REMSa y candidato a senador por el Frente Liberal Salte\u00f1o, Alberto Castillo, quien lanz\u00f3 una dura cr\u00edtica contra Alfredo Olmedo y el armado local de La Libertad Avanza, al que acus\u00f3 de autoritario, cerrado y contradictorio. Tambi\u00e9n defendi\u00f3 el crecimiento del frente que integra junto a Alba Quintar y llam\u00f3 a construir una Salta liberal, moderna y abierta a la inversi\u00f3n.<\/strong><\/p>\n<p><!--more--><\/p>\n<p>En una extensa entrevista en FM Profesional, Alberto Castillo apunt\u00f3 directamente a Alfredo Olmedo, a quien acus\u00f3 de \u201ccerrar las puertas\u201d del espacio libertario en Salta para evitar la competencia interna. \u201cYo no lo bajo a Olmedo de cag\u00f3n, porque para m\u00ed es un cag\u00f3n en todo sentido\u201d, dispar\u00f3.<\/p>\n<p>Castillo tambi\u00e9n cuestion\u00f3 las contradicciones del exdiputado: \u201cAhora cuestiona el voto electr\u00f3nico, cuando gracias a ese sistema sus candidatos llegaron a la banca. Si le sirve, lo defiende; si no, es trucho. No hay coherencia, hay conveniencia\u201d.<\/p>\n<p><iframe loading=\"lazy\" title=\"Alba Quintar apunt\u00f3 contra Orozco y el armado local de LLA\" width=\"696\" height=\"392\" src=\"https:\/\/www.youtube.com\/embed\/Msy2NqUkt9c?start=233&#038;feature=oembed\" frameborder=\"0\" allow=\"accelerometer; autoplay; clipboard-write; encrypted-media; gyroscope; picture-in-picture; web-share\" referrerpolicy=\"strict-origin-when-cross-origin\" allowfullscreen><\/iframe><\/p>\n<p>Un frente con identidad salte\u00f1a<\/p>\n<p>El candidato destac\u00f3 que el Frente Liberal Salte\u00f1o naci\u00f3 como una alternativa amplia y plural desde la derecha: \u201cEste fue un frente de frentes. Empezamos a sumar dirigentes de distintos sectores con ideas similares, pero con sello salte\u00f1o. Nosotros s\u00ed abrimos las puertas a la participaci\u00f3n\u201d.<\/p>\n<p>Critic\u00f3 adem\u00e1s la falta de democracia interna en otros espacios: \u201cEn los partidos tradicionales te se\u00f1alan a dedo qui\u00e9n juega y qui\u00e9n no. Cuando se cierran as\u00ed es porque tienen miedo. Olmedo cerr\u00f3 por miedo. Eso lo dice todo\u201d.<\/p>\n<p>En ese sentido, remarc\u00f3 que en Salta, La Libertad Avanza \u201cno representa al presidente Milei, representa a Olmedo. Y eso hay que dejarlo bien claro. El que vota esa lista, vota a Olmedo, no a Milei\u201d.<\/p>\n<p>Record\u00f3 adem\u00e1s los vaivenes pol\u00edticos del empresario: \u201cEstuvo con el peronismo, con Massa, con La C\u00e1mpora y ahora se disfraza de libertario. Tiene la franquicia del sello, pero no representa las ideas de la libertad\u201d.<\/p>\n<p>Presencia territorial y proyecci\u00f3n<\/p>\n<p>Castillo asegur\u00f3 que su espacio tiene presencia en m\u00e1s del 60% de los departamentos salte\u00f1os, con candidatos a senadores, diputados y concejales en lugares clave como Capital, G\u00fcemes, Met\u00e1n, Cerrillos, Rosario del Lerma, Or\u00e1n, San Mart\u00edn y Cafayate. \u201cEstamos construyendo una fuerza emergente, con vocaci\u00f3n de futuro, no s\u00f3lo para estas elecciones sino para 2025 y los a\u00f1os que vienen\u201d, afirm\u00f3.<\/p>\n<p>Por otro lado llam\u00f3 a dejar de subestimar a los votantes: \u201cLa gente no vota partidos pol\u00edticos, vota dirigentes. Milei gan\u00f3 sin estructura. El que crea que tener un sello te garantiza representar al presidente est\u00e1 equivocado\u201d.<\/p>\n<p>Reforma del Estado y condiciones para invertir<\/p>\n<p>Sobre su visi\u00f3n legislativa, Castillo plante\u00f3 que el rol del legislador debe cambiar: \u201cNo s\u00f3lo hay que hacer leyes, hay que acompa\u00f1ar al Ejecutivo nacional y provincial en la transformaci\u00f3n. Se necesita seguridad jur\u00eddica, incentivos a la inversi\u00f3n y reducci\u00f3n del gasto del Estado\u201d.<\/p>\n<p>Critic\u00f3 tambi\u00e9n el desbalance actual: \u201cTenemos un Estado sobredimensionado. No genera riqueza, s\u00f3lo administra los recursos de los contribuyentes. Mientras m\u00e1s funciones se asuman, m\u00e1s presi\u00f3n tributaria habr\u00e1\u201d.<\/p>\n<p>Apunt\u00f3 contra el \u201cdespotismo familiar\u201d en el interior provincial: \u201cVas al interior y los cargos se reparten entre el hermano, el primo o el cu\u00f1ado. Eso no es democracia, eso es feudalismo\u201d.<\/p>\n<p>Licencias y \u00e9tica en campa\u00f1a<\/p>\n<p>En un gesto que lo diferencia de otros candidatos, Castillo record\u00f3 que renunci\u00f3 a su cargo en REMSa antes de lanzar su campa\u00f1a: \u201cYo me fui. No se puede hacer campa\u00f1a desde un cargo, cobrando todos los meses. Los que dicen ser libertarios deber\u00edan al menos pedir licencia sin goce de sueldo\u201d.<\/p>\n<p>Tambi\u00e9n apunt\u00f3 a otros casos, como el de Davis, hija de la dirigente Virginia Cornejo, \u201cque sigue cobrando sueldo en el Comit\u00e9 de Trata del Ministerio de Seguridad mientras figura en las listas\u201d.<\/p>\n<p>Un cierre con tono de desaf\u00edo<\/p>\n<p>\u201cVamos a representar las ideas de la libertad con compromiso, con propuestas, sin negocios ni acomodos. Salta necesita una nueva forma de hacer pol\u00edtica. No m\u00e1s sellos vac\u00edos, no m\u00e1s castas recicladas. Vamos a jugar fuerte y no le tenemos miedo a nadie\u201d, cerr\u00f3 Castillo.<\/p>\n","protected":false},"excerpt":{"rendered":"<p>Lo dijo el ex titular de REMSa y candidato a senador por el Frente Liberal Salte\u00f1o, Alberto Castillo, quien lanz\u00f3 una dura cr\u00edtica contra Alfredo Olmedo y el armado local de La Libertad Avanza, al que acus\u00f3 de autoritario, cerrado y contradictorio. Tambi\u00e9n defendi\u00f3 el crecimiento del frente que integra junto a Alba Quintar y [&hellip;]<\/p>\n","protected":false},"author":2,"featured_media":5830,"comment_status":"open","ping_status":"closed","sticky":false,"template":"","format":"standard","meta":{"footnotes":""},"categories":[6],"tags":[872],"class_list":["post-5829","post","type-post","status-publish","format-standard","has-post-thumbnail","hentry","category-notas","tag-victor-sacca"],"_links":{"self":[{"href":"https:\/\/muycritico.com.ar\/web\/index.php?rest_route=\/wp\/v2\/posts\/5829","targetHints":{"allow":["GET"]}}],"collection":[{"href":"https:\/\/muycritico.com.ar\/web\/index.php?rest_route=\/wp\/v2\/posts"}],"about":[{"href":"https:\/\/muycritico.com.ar\/web\/index.php?rest_route=\/wp\/v2\/types\/post"}],"author":[{"embeddable":true,"href":"https:\/\/muycritico.com.ar\/web\/index.php?rest_route=\/wp\/v2\/users\/2"}],"replies":[{"embeddable":true,"href":"https:\/\/muycritico.com.ar\/web\/index.php?rest_route=%2Fwp%2Fv2%2Fcomments&post=5829"}],"version-history":[{"count":1,"href":"https:\/\/muycritico.com.ar\/web\/index.php?rest_route=\/wp\/v2\/posts\/5829\/revisions"}],"predecessor-version":[{"id":5831,"href":"https:\/\/muycritico.com.ar\/web\/index.php?rest_route=\/wp\/v2\/posts\/5829\/revisions\/5831"}],"wp:featuredmedia":[{"embeddable":true,"href":"https:\/\/muycritico.com.ar\/web\/index.php?rest_route=\/wp\/v2\/media\/5830"}],"wp:attachment":[{"href":"https:\/\/muycritico.com.ar\/web\/index.php?rest_route=%2Fwp%2Fv2%2Fmedia&parent=5829"}],"wp:term":[{"taxonomy":"category","embeddable":true,"href":"https:\/\/muycritico.com.ar\/web\/index.php?rest_route=%2Fwp%2Fv2%2Fcategories&post=5829"},{"taxonomy":"post_tag","embeddable":true,"href":"https:\/\/muycritico.com.ar\/web\/index.php?rest_route=%2Fwp%2Fv2%2Ftags&post=5829"}],"curies":[{"name":"wp","href":"https:\/\/api.w.org\/{rel}","templated":true}]}}