{"id":5826,"date":"2025-03-31T11:09:15","date_gmt":"2025-03-31T14:09:15","guid":{"rendered":"https:\/\/muycritico.com.ar\/web\/?p=5826"},"modified":"2026-01-18T19:18:13","modified_gmt":"2026-01-18T22:18:13","slug":"casita-feliz-o-casita-del-horror","status":"publish","type":"post","link":"https:\/\/muycritico.com.ar\/web\/?p=5826","title":{"rendered":"\u00bf\u201cCASITA FELIZ\u201d O CASITA DEL HORROR?"},"content":{"rendered":"<p><strong>Son nueve empleados de una casa hogar por presuntos malos tratos a ni\u00f1os los que est\u00e1n siendo juzgados. Cabe recordar que la investigaci\u00f3n inici\u00f3 ante las sospechas de ciertas pr\u00e1cticas desplegadas por los acusados, que atentaron contra el bienestar superior de los ni\u00f1os, ni\u00f1as y adolescentes alojados en el dispositivo de protecci\u00f3n \u201cCasita Feliz\u201d.<\/strong><\/p>\n<p><!--more--><\/p>\n<p>El debate es presido por el juez Leonardo Feans, quien recibi\u00f3 el testimonio de vecinos del lugar donde funciona el dispositivo, quienes alertaron oportunamente sobre los gritos de los ni\u00f1os que escuchaban y que asociaron a malos tratos. Entre ellos, una mujer quien es maestra jardinera, ratific\u00f3 lo declarado oportunamente y asegur\u00f3 que,\u00a0 desde su experiencia profesional, los gritos no correspond\u00edan a actividades l\u00fadicas, sino a situaciones de violencia.<\/p>\n<p>Para la segunda semana del debate, est\u00e1 prevista la declaraci\u00f3n de profesionales psic\u00f3logos que intervinieron con los menores del hogar y, tras advertir indicios de malos tratos, dieron aviso a la Secretar\u00eda de la Ni\u00f1ez. Tambi\u00e9n declarar\u00e1 personal de Criminal\u00edstica del Cuerpo de Investigaciones Fiscales, que realiz\u00f3 la inspecci\u00f3n ocular en el lugar.<\/p>\n<p>La investigaci\u00f3n inici\u00f3 al tomar conocimiento de que tanto las operadoras, como la Coordinadora del hogar, que funcionaba en la zona de barrio Tres Cerritos, habr\u00edan reiterado conductas inapropiadas respecto del trato dispensado a los menores que manifestaban un \u201cmal comportamiento\u201d. Como m\u00e9todo disciplinario recurrente, se habr\u00eda utilizado la metodolog\u00eda de introducirlos de manera violenta y con prendas de vestir a la ducha con agua fr\u00eda. Se mencionaba adem\u00e1s, que esta medida era ordenada por la jefa del hogar.<\/p>\n<p>El fiscal penal 2, Ramiro Ramos Ossorio, representa al Ministerio P\u00fablico Fiscal ante la Sala I del Tribunal de Juicio del distrito Centro, en la audiencia de debate contra la mujer acusada que se desempe\u00f1aba como coordinadora del dispositivo, y otros ocho operadoras de la casa hogar que funcionaba en la ciudad de Salta. Todas est\u00e1n imputadas como coautoras del delito de incumplimiento de los deberes de funcionario p\u00fablico en perjuicio de la Administraci\u00f3n Publica Provincial.<\/p>\n<p>En la acusaci\u00f3n, el fiscal sostiene que esta conducta desplegada por las acusadas comprometi\u00f3 la seguridad general del Dispositivo de Protecci\u00f3n, contrariando los mecanismos de cuidado, abordaje y tratamiento respetuoso hacia los ni\u00f1os, ni\u00f1as y adolescentes bajo su \u00f3rbita de cuidado, lo que constituye un quebranto a las pautas previstas.<\/p>\n<p>Afirma adem\u00e1s que, si bien no se constataron lesiones f\u00edsicas en los menores, de la informaci\u00f3n brindada en forma conjunta por los ni\u00f1os y ni\u00f1as alojados en el lugar, mediante sendas entrevistas realizadas por psic\u00f3logos y asistentes sociales de la Secretaria de Primera Infancia, as\u00ed como de las entrevistas realizadas por personal del CIF durante la investigaci\u00f3n, se evidencia violencia psicol\u00f3gica o moral en contra de los menores.<\/p>\n","protected":false},"excerpt":{"rendered":"<p>Son nueve empleados de una casa hogar por presuntos malos tratos a ni\u00f1os los que est\u00e1n siendo juzgados. Cabe recordar que la investigaci\u00f3n inici\u00f3 ante las sospechas de ciertas pr\u00e1cticas desplegadas por los acusados, que atentaron contra el bienestar superior de los ni\u00f1os, ni\u00f1as y adolescentes alojados en el dispositivo de protecci\u00f3n \u201cCasita Feliz\u201d.<\/p>\n","protected":false},"author":2,"featured_media":5827,"comment_status":"open","ping_status":"closed","sticky":false,"template":"","format":"standard","meta":{"footnotes":""},"categories":[6],"tags":[872],"class_list":["post-5826","post","type-post","status-publish","format-standard","has-post-thumbnail","hentry","category-notas","tag-victor-sacca"],"_links":{"self":[{"href":"https:\/\/muycritico.com.ar\/web\/index.php?rest_route=\/wp\/v2\/posts\/5826","targetHints":{"allow":["GET"]}}],"collection":[{"href":"https:\/\/muycritico.com.ar\/web\/index.php?rest_route=\/wp\/v2\/posts"}],"about":[{"href":"https:\/\/muycritico.com.ar\/web\/index.php?rest_route=\/wp\/v2\/types\/post"}],"author":[{"embeddable":true,"href":"https:\/\/muycritico.com.ar\/web\/index.php?rest_route=\/wp\/v2\/users\/2"}],"replies":[{"embeddable":true,"href":"https:\/\/muycritico.com.ar\/web\/index.php?rest_route=%2Fwp%2Fv2%2Fcomments&post=5826"}],"version-history":[{"count":1,"href":"https:\/\/muycritico.com.ar\/web\/index.php?rest_route=\/wp\/v2\/posts\/5826\/revisions"}],"predecessor-version":[{"id":5828,"href":"https:\/\/muycritico.com.ar\/web\/index.php?rest_route=\/wp\/v2\/posts\/5826\/revisions\/5828"}],"wp:featuredmedia":[{"embeddable":true,"href":"https:\/\/muycritico.com.ar\/web\/index.php?rest_route=\/wp\/v2\/media\/5827"}],"wp:attachment":[{"href":"https:\/\/muycritico.com.ar\/web\/index.php?rest_route=%2Fwp%2Fv2%2Fmedia&parent=5826"}],"wp:term":[{"taxonomy":"category","embeddable":true,"href":"https:\/\/muycritico.com.ar\/web\/index.php?rest_route=%2Fwp%2Fv2%2Fcategories&post=5826"},{"taxonomy":"post_tag","embeddable":true,"href":"https:\/\/muycritico.com.ar\/web\/index.php?rest_route=%2Fwp%2Fv2%2Ftags&post=5826"}],"curies":[{"name":"wp","href":"https:\/\/api.w.org\/{rel}","templated":true}]}}