{"id":5812,"date":"2025-03-30T10:45:40","date_gmt":"2025-03-30T13:45:40","guid":{"rendered":"https:\/\/muycritico.com.ar\/web\/?p=5812"},"modified":"2026-01-18T15:36:10","modified_gmt":"2026-01-18T18:36:10","slug":"senadores-todo-sea-por-ganarse-nueve-palos","status":"publish","type":"post","link":"https:\/\/muycritico.com.ar\/web\/?p=5812","title":{"rendered":"SENADORES: LA \u201cCASTA\u201d VA A GANAR NUEVE PALOS"},"content":{"rendered":"<p><strong>A partir del lunes los senadores cobrar\u00e1n $9.000.000 de sueldo. Victoria Villarruel quiere evitar el aumento, pero no volver\u00eda a dictar un decreto; quiere que los senadores lo voten en el recinto. El salario m\u00ednimo, vital y m\u00f3vil para el mes de febrero de 2025 fue de $292.446 mensuales para los trabajadores mensualizados que cumplen con la jornada legal completa de trabajo.<\/strong><\/p>\n<p><!--more--><\/p>\n<p>Son 30 salarios de un trabajador por un sueldo de cada uno de estos z\u00e1nganos que viven del Estado. La promesa de Milei de cortarles los millonarios haberes a estas lacras que solo se la pasan levantando la mano y aportando nada al pa\u00eds, solo se qued\u00f3 en la est\u00e9tica de la motosierra para la gilada, que harto de la condenada Cristina Fern\u00e1ndez optaron por las promesas libertarias.<\/p>\n<p>Sin embargo la promesa se qued\u00f3 solo en eso, ya que el pr\u00f3ximo lunes vencer\u00e1 el decreto firmado en enero por Victoria Villarruel que congel\u00f3 las dietas de los senadores y, de no haber un acuerdo entre los distintos bloques, a partir de abril pasar\u00e1n a cobrar m\u00e1s de $ 9 millones. La vicepresidenta, como titular del Senado, ya anticip\u00f3 que no podr\u00e1 interceder en esta ocasi\u00f3n, a diferencia de lo ocurrido a principios de este a\u00f1o porque al estar dentro del per\u00edodo de sesiones ordinarias, la decisi\u00f3n quedar\u00e1 en mano de los legisladores.<\/p>\n<p>Hasta el momento s\u00f3lo dos senadores presentaron una nota pidiendo que no se aplique la actualizaci\u00f3n de los sueldos y pertenecen al cordob\u00e9s <strong>Jos\u00e9 Luis Juez (PRO)<\/strong> y el santacruce\u00f1o <strong>Jos\u00e9 Carambia<\/strong>. Pero desde lo administrativo es imposible aplicar esa medida y los senadores s\u00f3lo pueden pedir que se donen sus sueldos.<\/p>\n<p>Seg\u00fan la Agencia Noticias Argentinas, en la pr\u00f3xima reuni\u00f3n de Labor Parlamentaria Villarruel pondr\u00e1 el tema sobre la mesa. Ser\u00e1 en la previa de la sesi\u00f3n caliente en la que el Senado debatir\u00e1 si le presta acuerdo a Manuel Garc\u00eda-Mansilla y Ariel Lijo para integrar la Corte.<\/p>\n<p>La titular de la C\u00e1mara alta intent\u00f3 colar el tema en la sesi\u00f3n del pasado 12 de diciembre, cuando expulsaron a Edgardo Kueider, pero no logr\u00f3 consenso con los jefes de bloque ya que el recinto se abr\u00eda, nada m\u00e1s y nada menos, para eyectar a un integrante.<\/p>\n<p>Finalmente, Villarruel le puso el gancho a un decreto y prorrog\u00f3 el 27\/24, por el cual en agosto pasado los representantes provinciales congelaron su dieta hasta el 31 de diciembre de 2024, tras engancharse a la paritaria de los trabajadores del Congreso en abril del 2024.<\/p>\n<p>Esa acci\u00f3n fue motorizada despu\u00e9s de recibir el visto bueno del bloque de La Libertad Avanza (LLA) y el resto de los dialoguistas como el Frente Renovador de la Concordia, PRO, UCR y Las Provincias Unidas.<\/p>\n<p>Uno de los objetivos de Villarruel, y a quien acompa\u00f1an tambi\u00e9n otros senadores, es que la dieta quede congelada para todo el 2025 y que se concrete el desenganche paritario que fue votado a mano alzada, sin debate y por el cual el sueldo qued\u00f3 en un total de 4,5 millones.<\/p>\n<p>Si bien ese monto regir\u00e1 hasta el lunes de la pr\u00f3xima semana, los senadores tienen tiempo hasta la tercera semana de abril para expedirse, momento en el cual empieza la liquidaci\u00f3n de sueldos a percibir en mayo.<\/p>\n","protected":false},"excerpt":{"rendered":"<p>A partir del lunes los senadores cobrar\u00e1n $9.000.000 de sueldo. Victoria Villarruel quiere evitar el aumento, pero no volver\u00eda a dictar un decreto; quiere que los senadores lo voten en el recinto. El salario m\u00ednimo, vital y m\u00f3vil para el mes de febrero de 2025 fue de $292.446 mensuales para los trabajadores mensualizados que cumplen [&hellip;]<\/p>\n","protected":false},"author":2,"featured_media":5813,"comment_status":"open","ping_status":"closed","sticky":false,"template":"","format":"standard","meta":{"footnotes":""},"categories":[3],"tags":[974,872],"class_list":["post-5812","post","type-post","status-publish","format-standard","has-post-thumbnail","hentry","category-editorial","tag-senadores","tag-victor-sacca"],"_links":{"self":[{"href":"https:\/\/muycritico.com.ar\/web\/index.php?rest_route=\/wp\/v2\/posts\/5812","targetHints":{"allow":["GET"]}}],"collection":[{"href":"https:\/\/muycritico.com.ar\/web\/index.php?rest_route=\/wp\/v2\/posts"}],"about":[{"href":"https:\/\/muycritico.com.ar\/web\/index.php?rest_route=\/wp\/v2\/types\/post"}],"author":[{"embeddable":true,"href":"https:\/\/muycritico.com.ar\/web\/index.php?rest_route=\/wp\/v2\/users\/2"}],"replies":[{"embeddable":true,"href":"https:\/\/muycritico.com.ar\/web\/index.php?rest_route=%2Fwp%2Fv2%2Fcomments&post=5812"}],"version-history":[{"count":2,"href":"https:\/\/muycritico.com.ar\/web\/index.php?rest_route=\/wp\/v2\/posts\/5812\/revisions"}],"predecessor-version":[{"id":5815,"href":"https:\/\/muycritico.com.ar\/web\/index.php?rest_route=\/wp\/v2\/posts\/5812\/revisions\/5815"}],"wp:featuredmedia":[{"embeddable":true,"href":"https:\/\/muycritico.com.ar\/web\/index.php?rest_route=\/wp\/v2\/media\/5813"}],"wp:attachment":[{"href":"https:\/\/muycritico.com.ar\/web\/index.php?rest_route=%2Fwp%2Fv2%2Fmedia&parent=5812"}],"wp:term":[{"taxonomy":"category","embeddable":true,"href":"https:\/\/muycritico.com.ar\/web\/index.php?rest_route=%2Fwp%2Fv2%2Fcategories&post=5812"},{"taxonomy":"post_tag","embeddable":true,"href":"https:\/\/muycritico.com.ar\/web\/index.php?rest_route=%2Fwp%2Fv2%2Ftags&post=5812"}],"curies":[{"name":"wp","href":"https:\/\/api.w.org\/{rel}","templated":true}]}}