{"id":5746,"date":"2025-03-25T10:43:07","date_gmt":"2025-03-25T13:43:07","guid":{"rendered":"https:\/\/muycritico.com.ar\/web\/?p=5746"},"modified":"2026-01-18T19:18:16","modified_gmt":"2026-01-18T22:18:16","slug":"unas-400-000-personas-marcharon-a-plaza-de-mayo","status":"publish","type":"post","link":"https:\/\/muycritico.com.ar\/web\/?p=5746","title":{"rendered":"UNAS 400.000 PERSONAS MARCHARON A PLAZA DE MAYO"},"content":{"rendered":"<p><strong>Organismos de derechos humanos y organizaciones sociales, gremiales y pol\u00edticas, familias con sus hijos y adultos mayores, marcharon en el 24 de marzo como una manera de preservar la verdad y reclamar justicia por los ca\u00eddos y desparecidos en dictadura. Foto: AFP<\/strong><\/p>\n<p><!--more--><\/p>\n<p>Este a\u00f1o, los organizadores estiman una participaci\u00f3n de 400.000 personas que desbordan la plaza (sin contar las que se movilizaron en las provincias), muchas de ellas son familias completas con sus hijos e hijas. Hay chicos de todas las edades, inclusive beb\u00e9s, que est\u00e1n en brazos, en cochecitos o sobre los hombros de sus madres y padres.<\/p>\n<p>M\u00e1s temprano, frente a la Casa Rosada, un grupo de estudiantes universitarios instalaron una caja gigante de medicamentos con el nombre \u201cMemoria Plus\u201d, sobre el envoltorio gigante con una frase: \u201cTe hace acordar que fueron 30.000\u201d. Es una instalaci\u00f3n que hizo la Federaci\u00f3n Universitaria de Buenos Aires (FUBA) y se trata de una medicaci\u00f3n \u201cideal para el Gobierno Nacional\u201d. Desde la Avenida de Mayo se pudo ver el ingreso de una extens\u00edsima bandera azul con los rostros de las y los desaparecidos.<\/p>\n","protected":false},"excerpt":{"rendered":"<p>Organismos de derechos humanos y organizaciones sociales, gremiales y pol\u00edticas, familias con sus hijos y adultos mayores, marcharon en el 24 de marzo como una manera de preservar la verdad y reclamar justicia por los ca\u00eddos y desparecidos en dictadura. Foto: AFP<\/p>\n","protected":false},"author":2,"featured_media":5747,"comment_status":"open","ping_status":"closed","sticky":false,"template":"","format":"standard","meta":{"footnotes":""},"categories":[6],"tags":[872],"class_list":["post-5746","post","type-post","status-publish","format-standard","has-post-thumbnail","hentry","category-notas","tag-victor-sacca"],"_links":{"self":[{"href":"https:\/\/muycritico.com.ar\/web\/index.php?rest_route=\/wp\/v2\/posts\/5746","targetHints":{"allow":["GET"]}}],"collection":[{"href":"https:\/\/muycritico.com.ar\/web\/index.php?rest_route=\/wp\/v2\/posts"}],"about":[{"href":"https:\/\/muycritico.com.ar\/web\/index.php?rest_route=\/wp\/v2\/types\/post"}],"author":[{"embeddable":true,"href":"https:\/\/muycritico.com.ar\/web\/index.php?rest_route=\/wp\/v2\/users\/2"}],"replies":[{"embeddable":true,"href":"https:\/\/muycritico.com.ar\/web\/index.php?rest_route=%2Fwp%2Fv2%2Fcomments&post=5746"}],"version-history":[{"count":1,"href":"https:\/\/muycritico.com.ar\/web\/index.php?rest_route=\/wp\/v2\/posts\/5746\/revisions"}],"predecessor-version":[{"id":5748,"href":"https:\/\/muycritico.com.ar\/web\/index.php?rest_route=\/wp\/v2\/posts\/5746\/revisions\/5748"}],"wp:featuredmedia":[{"embeddable":true,"href":"https:\/\/muycritico.com.ar\/web\/index.php?rest_route=\/wp\/v2\/media\/5747"}],"wp:attachment":[{"href":"https:\/\/muycritico.com.ar\/web\/index.php?rest_route=%2Fwp%2Fv2%2Fmedia&parent=5746"}],"wp:term":[{"taxonomy":"category","embeddable":true,"href":"https:\/\/muycritico.com.ar\/web\/index.php?rest_route=%2Fwp%2Fv2%2Fcategories&post=5746"},{"taxonomy":"post_tag","embeddable":true,"href":"https:\/\/muycritico.com.ar\/web\/index.php?rest_route=%2Fwp%2Fv2%2Ftags&post=5746"}],"curies":[{"name":"wp","href":"https:\/\/api.w.org\/{rel}","templated":true}]}}