{"id":5742,"date":"2025-03-25T10:09:44","date_gmt":"2025-03-25T13:09:44","guid":{"rendered":"https:\/\/muycritico.com.ar\/web\/?p=5742"},"modified":"2026-01-18T19:18:16","modified_gmt":"2026-01-18T22:18:16","slug":"el-mes-de-la-mujer-en-el-galpon-tuvo-su-homenaje","status":"publish","type":"post","link":"https:\/\/muycritico.com.ar\/web\/?p=5742","title":{"rendered":"EL MES DE LA MUJER EN EL GALPON TUVO SU HOMENAJE"},"content":{"rendered":"<p><strong>En el marco del Mes de la Mujer, la Municipalidad de El Galp\u00f3n acompa\u00f1\u00f3 el emotivo homenaje a todas las mujeres de la localidad, organizado por la empresa Austin Powder, Hospital San Francisco Solano, y Latidos GYM. La jornada cont\u00f3 con diversas actividades que pusieron en valor el rol de la mujer en la sociedad y promovieron el empoderamiento femenino.\u00a0<\/strong><\/p>\n<p><!--more--><\/p>\n<p>El evento incluy\u00f3 m\u00fasica en vivo, sorteos y obsequios para las asistentes. Adem\u00e1s, se dispusieron stands informativos con recursos y asesoramiento, junto a una feria de emprendedoras locales, brindando un espacio para el desarrollo y visibilizaci\u00f3n del trabajo de mujeres que llevan adelante sus propios proyectos.<\/p>\n<p>Desde la organizaci\u00f3n se destac\u00f3 la importancia de seguir acompa\u00f1ando a las mujeres de El Galp\u00f3n con pol\u00edticas y acciones concretas que promuevan su crecimiento y bienestar.<\/p>\n<p>La jornada se vivi\u00f3 en un ambiente de celebraci\u00f3n y reflexi\u00f3n, reafirmando el compromiso de la gesti\u00f3n con la igualdad de oportunidades y el reconocimiento del aporte fundamental de las mujeres en la comunidad.<\/p>\n<p><img loading=\"lazy\" decoding=\"async\" class=\"aligncenter size-full wp-image-5744\" src=\"https:\/\/muycritico.com.ar\/web\/wp-content\/uploads\/2025\/03\/MES-DE-LA-MUJER2.jpg\" alt=\"\" width=\"960\" height=\"720\" srcset=\"https:\/\/muycritico.com.ar\/web\/wp-content\/uploads\/2025\/03\/MES-DE-LA-MUJER2.jpg 960w, https:\/\/muycritico.com.ar\/web\/wp-content\/uploads\/2025\/03\/MES-DE-LA-MUJER2-768x576.jpg 768w\" sizes=\"auto, (max-width: 960px) 100vw, 960px\" \/><\/p>\n","protected":false},"excerpt":{"rendered":"<p>En el marco del Mes de la Mujer, la Municipalidad de El Galp\u00f3n acompa\u00f1\u00f3 el emotivo homenaje a todas las mujeres de la localidad, organizado por la empresa Austin Powder, Hospital San Francisco Solano, y Latidos GYM. La jornada cont\u00f3 con diversas actividades que pusieron en valor el rol de la mujer en la sociedad [&hellip;]<\/p>\n","protected":false},"author":2,"featured_media":5743,"comment_status":"open","ping_status":"closed","sticky":false,"template":"","format":"standard","meta":{"footnotes":""},"categories":[6],"tags":[872],"class_list":["post-5742","post","type-post","status-publish","format-standard","has-post-thumbnail","hentry","category-notas","tag-victor-sacca"],"_links":{"self":[{"href":"https:\/\/muycritico.com.ar\/web\/index.php?rest_route=\/wp\/v2\/posts\/5742","targetHints":{"allow":["GET"]}}],"collection":[{"href":"https:\/\/muycritico.com.ar\/web\/index.php?rest_route=\/wp\/v2\/posts"}],"about":[{"href":"https:\/\/muycritico.com.ar\/web\/index.php?rest_route=\/wp\/v2\/types\/post"}],"author":[{"embeddable":true,"href":"https:\/\/muycritico.com.ar\/web\/index.php?rest_route=\/wp\/v2\/users\/2"}],"replies":[{"embeddable":true,"href":"https:\/\/muycritico.com.ar\/web\/index.php?rest_route=%2Fwp%2Fv2%2Fcomments&post=5742"}],"version-history":[{"count":1,"href":"https:\/\/muycritico.com.ar\/web\/index.php?rest_route=\/wp\/v2\/posts\/5742\/revisions"}],"predecessor-version":[{"id":5745,"href":"https:\/\/muycritico.com.ar\/web\/index.php?rest_route=\/wp\/v2\/posts\/5742\/revisions\/5745"}],"wp:featuredmedia":[{"embeddable":true,"href":"https:\/\/muycritico.com.ar\/web\/index.php?rest_route=\/wp\/v2\/media\/5743"}],"wp:attachment":[{"href":"https:\/\/muycritico.com.ar\/web\/index.php?rest_route=%2Fwp%2Fv2%2Fmedia&parent=5742"}],"wp:term":[{"taxonomy":"category","embeddable":true,"href":"https:\/\/muycritico.com.ar\/web\/index.php?rest_route=%2Fwp%2Fv2%2Fcategories&post=5742"},{"taxonomy":"post_tag","embeddable":true,"href":"https:\/\/muycritico.com.ar\/web\/index.php?rest_route=%2Fwp%2Fv2%2Ftags&post=5742"}],"curies":[{"name":"wp","href":"https:\/\/api.w.org\/{rel}","templated":true}]}}