{"id":5739,"date":"2025-03-25T09:54:49","date_gmt":"2025-03-25T12:54:49","guid":{"rendered":"https:\/\/muycritico.com.ar\/web\/?p=5739"},"modified":"2026-01-18T19:18:16","modified_gmt":"2026-01-18T22:18:16","slug":"tildan-de-demagogica-la-desclasificacion-de-archivos-de-la-side","status":"publish","type":"post","link":"https:\/\/muycritico.com.ar\/web\/?p=5739","title":{"rendered":"TILDAN DE \u201cDEMAG\u00d3GICA\u201d LA DESCLASIFICACI\u00d3N DE ARCHIVOS DE LA SIDE"},"content":{"rendered":"<p><strong>Los empleados del Espacio de Memoria y Derechos Humanos que funciona en el ex centro de tortura clandestino, afirmaron que lo que propone el Presidente es \u201cpura demagogia\u201d. Adem\u00e1s afirman que ese trabajo no se podr\u00eda realizar porque echaron al personal especializado del Archivo Nacional de la Memoria y que ahora lo dirige una experta en criptomonedas.<\/strong><\/p>\n<p><!--more--><\/p>\n<p>Pasado el 24 de marzo tras 49 a\u00f1os del \u00faltimo golpe militar en la Argentina y con un gobierno como el de Javier Milei que aprovecha cada resquicio de oportunismo en mostrarse teatralmente de derecha, anunci\u00f3 la desclasificaci\u00f3n de archivos de la SIDE sobre la dictadura. Adem\u00e1s se tratar\u00e1 de determinar que el asesinato el asesinato del capit\u00e1n Humberto Viola y su hija, cometido por el Ej\u00e9rcito Revolucionario del Pueblo el 1 de diciembre de 1974 en San Miguel de Tucum\u00e1n fue un crimen de lesa humanidad, cuesti\u00f3n que encender\u00e1 toda una pol\u00e9mica ya que no fue un asesinato cometido mediante los elementos del Estado sino a manos de terroristas.<\/p>\n<p>\u201cEl gobierno nacional no puede decidir si un crimen es de lesa humanidad o no. Eso est\u00e1 establecido por acuerdos internacionales y, adem\u00e1s, fue rechazado por la Justicia argentina. No todo crimen es un crimen de Estado\u201d, explicaron los trabajadores de la organizaci\u00f3n que funciona en la ex Escuela de Mec\u00e1nica de la Armada (ESMA).<\/p>\n<p>Paralelamente, otro dato que se\u00f1alaron es que, la mayor\u00eda de las personas a las que quisieran juzgar por estos casos de homicidios cometidos por organizaciones populares, \u201cfueron desaparecidos, torturados y asesinados\u201d.<\/p>\n<p>\u201cEs pura demagogia la desclasificaci\u00f3n. \u00bfQui\u00e9n va a hacerla? Echaron a todo el personal especializado en ese tema y el Archivo Nacional de la Memoria ahora lo dirige Natalia Oriolo, experta en criptomonedas\u201d, concluyeron.<\/p>\n","protected":false},"excerpt":{"rendered":"<p>Los empleados del Espacio de Memoria y Derechos Humanos que funciona en el ex centro de tortura clandestino, afirmaron que lo que propone el Presidente es \u201cpura demagogia\u201d. Adem\u00e1s afirman que ese trabajo no se podr\u00eda realizar porque echaron al personal especializado del Archivo Nacional de la Memoria y que ahora lo dirige una experta [&hellip;]<\/p>\n","protected":false},"author":2,"featured_media":5740,"comment_status":"open","ping_status":"closed","sticky":false,"template":"","format":"standard","meta":{"footnotes":""},"categories":[6],"tags":[872],"class_list":["post-5739","post","type-post","status-publish","format-standard","has-post-thumbnail","hentry","category-notas","tag-victor-sacca"],"_links":{"self":[{"href":"https:\/\/muycritico.com.ar\/web\/index.php?rest_route=\/wp\/v2\/posts\/5739","targetHints":{"allow":["GET"]}}],"collection":[{"href":"https:\/\/muycritico.com.ar\/web\/index.php?rest_route=\/wp\/v2\/posts"}],"about":[{"href":"https:\/\/muycritico.com.ar\/web\/index.php?rest_route=\/wp\/v2\/types\/post"}],"author":[{"embeddable":true,"href":"https:\/\/muycritico.com.ar\/web\/index.php?rest_route=\/wp\/v2\/users\/2"}],"replies":[{"embeddable":true,"href":"https:\/\/muycritico.com.ar\/web\/index.php?rest_route=%2Fwp%2Fv2%2Fcomments&post=5739"}],"version-history":[{"count":1,"href":"https:\/\/muycritico.com.ar\/web\/index.php?rest_route=\/wp\/v2\/posts\/5739\/revisions"}],"predecessor-version":[{"id":5741,"href":"https:\/\/muycritico.com.ar\/web\/index.php?rest_route=\/wp\/v2\/posts\/5739\/revisions\/5741"}],"wp:featuredmedia":[{"embeddable":true,"href":"https:\/\/muycritico.com.ar\/web\/index.php?rest_route=\/wp\/v2\/media\/5740"}],"wp:attachment":[{"href":"https:\/\/muycritico.com.ar\/web\/index.php?rest_route=%2Fwp%2Fv2%2Fmedia&parent=5739"}],"wp:term":[{"taxonomy":"category","embeddable":true,"href":"https:\/\/muycritico.com.ar\/web\/index.php?rest_route=%2Fwp%2Fv2%2Fcategories&post=5739"},{"taxonomy":"post_tag","embeddable":true,"href":"https:\/\/muycritico.com.ar\/web\/index.php?rest_route=%2Fwp%2Fv2%2Ftags&post=5739"}],"curies":[{"name":"wp","href":"https:\/\/api.w.org\/{rel}","templated":true}]}}