{"id":5736,"date":"2025-03-24T20:12:13","date_gmt":"2025-03-24T23:12:13","guid":{"rendered":"https:\/\/muycritico.com.ar\/web\/?p=5736"},"modified":"2026-01-18T19:18:16","modified_gmt":"2026-01-18T22:18:16","slug":"gustavo-dantur-se-presenta-para-la-reeleccion-con-el-frente-salteno","status":"publish","type":"post","link":"https:\/\/muycritico.com.ar\/web\/?p=5736","title":{"rendered":"GUSTAVO DANTUR SE PRESENTA PARA LA REELECCI\u00d3N CON EL FRENTE SALTE\u00d1O"},"content":{"rendered":"<p><strong>En el departamento de Met\u00e1n son 14 los candidatos para ocupar tres bancas en la C\u00e1mara de Diputados. El diputado del Partido Justicialista, Gustavo Dantur, se presenta para la reelecci\u00f3n con el Frente Salte\u00f1o, mientras que su par del mismo signo pol\u00edtico, Nancy Jaime, sale con Memoria y Movilizaci\u00f3n Social.<\/strong><\/p>\n<p><!--more--><\/p>\n<p>La sorpresa en el oficialismo metanense es la candidatura del periodista, Rodrigo Garc\u00eda, con el Movimiento Libres del Sur, con el apoyo del intendente, Jos\u00e9 Mar\u00eda Issa, quien se presenta como convencional en esa lista.<\/p>\n<p>Por su parte Unidos por Salta apuesta por Mar\u00eda Thomas como su principal candidata, mientras que La Libertad Avanza presenta al abogado Sergio Mauricio L\u00f3pez, consolidando su presencia en las elecciones Legislativas en Salta con una alternativa que busca captar el voto de los sectores disconformes con la pol\u00edtica tradicional.<\/p>\n<p>La contienda se completa con opciones desde la izquierda y otros espacios alternativos. Manuel Venencia representa al Frente de Izquierda y de los Trabajadores, Jos\u00e9 Paz Gonz\u00e1lez encabeza la lista de Felicidad, y Juan Jos\u00e9 Aranda es el candidato del Partido de la Cultura, la Educaci\u00f3n y el Trabajo. Con esta diversidad de propuestas, las elecciones Legislativas en Salta prometen una votaci\u00f3n re\u00f1ida, donde los resultados podr\u00edan redefinir el mapa pol\u00edtico del departamento.<\/p>\n","protected":false},"excerpt":{"rendered":"<p>En el departamento de Met\u00e1n son 14 los candidatos para ocupar tres bancas en la C\u00e1mara de Diputados. El diputado del Partido Justicialista, Gustavo Dantur, se presenta para la reelecci\u00f3n con el Frente Salte\u00f1o, mientras que su par del mismo signo pol\u00edtico, Nancy Jaime, sale con Memoria y Movilizaci\u00f3n Social.<\/p>\n","protected":false},"author":2,"featured_media":5737,"comment_status":"open","ping_status":"closed","sticky":false,"template":"","format":"standard","meta":{"footnotes":""},"categories":[6],"tags":[872],"class_list":["post-5736","post","type-post","status-publish","format-standard","has-post-thumbnail","hentry","category-notas","tag-victor-sacca"],"_links":{"self":[{"href":"https:\/\/muycritico.com.ar\/web\/index.php?rest_route=\/wp\/v2\/posts\/5736","targetHints":{"allow":["GET"]}}],"collection":[{"href":"https:\/\/muycritico.com.ar\/web\/index.php?rest_route=\/wp\/v2\/posts"}],"about":[{"href":"https:\/\/muycritico.com.ar\/web\/index.php?rest_route=\/wp\/v2\/types\/post"}],"author":[{"embeddable":true,"href":"https:\/\/muycritico.com.ar\/web\/index.php?rest_route=\/wp\/v2\/users\/2"}],"replies":[{"embeddable":true,"href":"https:\/\/muycritico.com.ar\/web\/index.php?rest_route=%2Fwp%2Fv2%2Fcomments&post=5736"}],"version-history":[{"count":1,"href":"https:\/\/muycritico.com.ar\/web\/index.php?rest_route=\/wp\/v2\/posts\/5736\/revisions"}],"predecessor-version":[{"id":5738,"href":"https:\/\/muycritico.com.ar\/web\/index.php?rest_route=\/wp\/v2\/posts\/5736\/revisions\/5738"}],"wp:featuredmedia":[{"embeddable":true,"href":"https:\/\/muycritico.com.ar\/web\/index.php?rest_route=\/wp\/v2\/media\/5737"}],"wp:attachment":[{"href":"https:\/\/muycritico.com.ar\/web\/index.php?rest_route=%2Fwp%2Fv2%2Fmedia&parent=5736"}],"wp:term":[{"taxonomy":"category","embeddable":true,"href":"https:\/\/muycritico.com.ar\/web\/index.php?rest_route=%2Fwp%2Fv2%2Fcategories&post=5736"},{"taxonomy":"post_tag","embeddable":true,"href":"https:\/\/muycritico.com.ar\/web\/index.php?rest_route=%2Fwp%2Fv2%2Ftags&post=5736"}],"curies":[{"name":"wp","href":"https:\/\/api.w.org\/{rel}","templated":true}]}}