{"id":5729,"date":"2025-03-24T17:22:36","date_gmt":"2025-03-24T20:22:36","guid":{"rendered":"https:\/\/muycritico.com.ar\/web\/?p=5729"},"modified":"2026-01-18T19:18:17","modified_gmt":"2026-01-18T22:18:17","slug":"contra-el-fascismo","status":"publish","type":"post","link":"https:\/\/muycritico.com.ar\/web\/?p=5729","title":{"rendered":"\u201cCONTRA EL FASCISMO\u201d"},"content":{"rendered":"<p><strong>D\u00eda de la Memoria: bajo la lluvia, organizaciones sociales y pol\u00edticas marchan en Plaza de Mayo. La movilizaci\u00f3n comenz\u00f3 alrededor de las 9 de la ma\u00f1ana y tendr\u00e1 su acto central a las 16:30. Por primera vez en dos d\u00e9cadas, las organizaciones se mostrar\u00e1n unidas bajo un solo discurso. Foto: NA<\/strong><\/p>\n<p><!--more--><\/p>\n<p>PERFIL. Este 24 de marzo, en conmemoraci\u00f3n por el D\u00eda de la Memoria, Madres, Abuelas e HIJOS junto a Encuentro Memoria, Verdad y Justicia, m\u00e1s partidos pol\u00edticos y sindicatos se reunir\u00e1n en la Plaza de Mayo en una sola marcha y compartir\u00e1n el escenario &#8220;contra el fascismo y la miseria planificada&#8221;.<\/p>\n<p>La C\u00e1mpora encabez\u00f3 la concentraci\u00f3n que inici\u00f3 frente a la ex ESMA, sobre Avenida Libertador, con destino hacia la Plaza de Mayo, donde se realizar\u00e1 el acto central junto a otras organizaciones sociales y pol\u00edticas. La marcha tuvo sus primeros movimientos alrededor de las 6 de la ma\u00f1ana, cuando varios micros provenientes del interior del pa\u00eds arribaron al barrio porte\u00f1o de N\u00fa\u00f1ez.<\/p>\n<p>La presentaci\u00f3n de la tarde contar\u00e1 con la lectura del documento consensuado en las voces de Estela de Carlotto, Taty Almeida y Adolfo P\u00e9rez Esquivel. Se espera que junto a la reflexi\u00f3n sobre la fecha y las v\u00edctimas de la \u00faltima dictadura c\u00edvico-militar tambi\u00e9n se presenten cr\u00edticas contra el Gobierno de Javier Milei.<\/p>\n","protected":false},"excerpt":{"rendered":"<p>D\u00eda de la Memoria: bajo la lluvia, organizaciones sociales y pol\u00edticas marchan en Plaza de Mayo. La movilizaci\u00f3n comenz\u00f3 alrededor de las 9 de la ma\u00f1ana y tendr\u00e1 su acto central a las 16:30. Por primera vez en dos d\u00e9cadas, las organizaciones se mostrar\u00e1n unidas bajo un solo discurso. Foto: NA<\/p>\n","protected":false},"author":2,"featured_media":5730,"comment_status":"open","ping_status":"closed","sticky":false,"template":"","format":"standard","meta":{"footnotes":""},"categories":[6],"tags":[872],"class_list":["post-5729","post","type-post","status-publish","format-standard","has-post-thumbnail","hentry","category-notas","tag-victor-sacca"],"_links":{"self":[{"href":"https:\/\/muycritico.com.ar\/web\/index.php?rest_route=\/wp\/v2\/posts\/5729","targetHints":{"allow":["GET"]}}],"collection":[{"href":"https:\/\/muycritico.com.ar\/web\/index.php?rest_route=\/wp\/v2\/posts"}],"about":[{"href":"https:\/\/muycritico.com.ar\/web\/index.php?rest_route=\/wp\/v2\/types\/post"}],"author":[{"embeddable":true,"href":"https:\/\/muycritico.com.ar\/web\/index.php?rest_route=\/wp\/v2\/users\/2"}],"replies":[{"embeddable":true,"href":"https:\/\/muycritico.com.ar\/web\/index.php?rest_route=%2Fwp%2Fv2%2Fcomments&post=5729"}],"version-history":[{"count":1,"href":"https:\/\/muycritico.com.ar\/web\/index.php?rest_route=\/wp\/v2\/posts\/5729\/revisions"}],"predecessor-version":[{"id":5731,"href":"https:\/\/muycritico.com.ar\/web\/index.php?rest_route=\/wp\/v2\/posts\/5729\/revisions\/5731"}],"wp:featuredmedia":[{"embeddable":true,"href":"https:\/\/muycritico.com.ar\/web\/index.php?rest_route=\/wp\/v2\/media\/5730"}],"wp:attachment":[{"href":"https:\/\/muycritico.com.ar\/web\/index.php?rest_route=%2Fwp%2Fv2%2Fmedia&parent=5729"}],"wp:term":[{"taxonomy":"category","embeddable":true,"href":"https:\/\/muycritico.com.ar\/web\/index.php?rest_route=%2Fwp%2Fv2%2Fcategories&post=5729"},{"taxonomy":"post_tag","embeddable":true,"href":"https:\/\/muycritico.com.ar\/web\/index.php?rest_route=%2Fwp%2Fv2%2Ftags&post=5729"}],"curies":[{"name":"wp","href":"https:\/\/api.w.org\/{rel}","templated":true}]}}