{"id":5725,"date":"2025-03-24T14:06:31","date_gmt":"2025-03-24T17:06:31","guid":{"rendered":"https:\/\/muycritico.com.ar\/web\/?p=5725"},"modified":"2026-01-18T15:38:00","modified_gmt":"2026-01-18T18:38:00","slug":"racing-bulls-vcarb0-este-podria-ser-el-auto-de-colapinto","status":"publish","type":"post","link":"https:\/\/muycritico.com.ar\/web\/?p=5725","title":{"rendered":"RACING BULLS VCARB0: ESTE PODR\u00cdA SER EL AUTO DE COLAPINTO"},"content":{"rendered":"<p><strong>Se trata del equipo escuela de Red Bull, que anteriormente se llam\u00f3 AlphaTauri y que en su origen fue el Toro Rosso. Tras las paup\u00e9rrimas actuaciones de Liam Lawson en Red Bull en Australia y China, los jefes del equipo australiano no est\u00e1n para nada conformes, por lo que japon\u00e9s Yuki Tsunoda pasar\u00eda a Red Bull para escoltar al actual campe\u00f3n mundial Max Verstapen y esa butaca quedar\u00eda vacante para Franco, quien por ahora mira las carreras desde el paddock de Alpine como piloto de reserva<\/strong><\/p>\n<p><!--more--><\/p>\n<p>Tener una chance en la F1 actual es casi un hecho milagroso. Liam Lawson lo tuvo y lo dej\u00f3 pasar en las dos primeras carreras del a\u00f1o, tanto en China como en Australia sus actuaciones fueron p\u00e9simas. Cuesti\u00f3n que puso muy nervioso a Christian Horner, el jefe de Red Bull, quien no la est\u00e1 pasando nada bien, ya que ve como los d\u00edas de gloria de su escuder\u00eda se est\u00e1n terminando desde que McLaren se qued\u00f3 con el t\u00edtulo de constructores el a\u00f1o pasado.<\/p>\n<p>Horner se acostumbr\u00f3 a ver ganar a su piloto estrella Max Verstappen, campe\u00f3n mundial en 2021, 2022, 2023 y 2024. Pero este a\u00f1o esa hegemon\u00eda amenaza con terminarse. Los problemas en Red Bull se acentuaron cuando Checo Perez comenz\u00f3 a tener problemas de conducci\u00f3n, por lo cual no tardaron en echarlo. Pero nadie se explica como a alguien se le puede ocurrir reemplazar al talentoso mexicano con este chico Liam Lawson, quien ha resultado ser el peor rookie hasta la fecha.<\/p>\n<blockquote class=\"instagram-media\" style=\"background: #FFF; border: 0; border-radius: 3px; box-shadow: 0 0 1px 0 rgba(0,0,0,0.5),0 1px 10px 0 rgba(0,0,0,0.15); margin: 1px; max-width: 540px; min-width: 326px; padding: 0; width: calc(100% - 2px);\" data-instgrm-captioned=\"\" data-instgrm-permalink=\"https:\/\/www.instagram.com\/p\/DHixfLuzO4Z\/?utm_source=ig_embed&amp;utm_campaign=loading\" data-instgrm-version=\"14\">\n<div style=\"padding: 16px;\">\n<p>&nbsp;<\/p>\n<div style=\"display: flex; flex-direction: row; align-items: center;\">\n<div style=\"background-color: #f4f4f4; border-radius: 50%; flex-grow: 0; height: 40px; margin-right: 14px; width: 40px;\"><\/div>\n<div style=\"display: flex; flex-direction: column; flex-grow: 1; justify-content: center;\">\n<div style=\"background-color: #f4f4f4; border-radius: 4px; flex-grow: 0; height: 14px; margin-bottom: 6px; width: 100px;\"><\/div>\n<div style=\"background-color: #f4f4f4; border-radius: 4px; flex-grow: 0; height: 14px; width: 60px;\"><\/div>\n<\/div>\n<\/div>\n<div style=\"padding: 19% 0;\"><\/div>\n<div style=\"display: block; height: 50px; margin: 0 auto 12px; width: 50px;\"><\/div>\n<div style=\"padding-top: 8px;\">\n<div style=\"color: #3897f0; font-family: Arial,sans-serif; font-size: 14px; font-style: normal; font-weight: 550; line-height: 18px;\">Ver esta publicaci\u00f3n en Instagram<\/div>\n<\/div>\n<div style=\"padding: 12.5% 0;\"><\/div>\n<div style=\"display: flex; flex-direction: row; margin-bottom: 14px; align-items: center;\">\n<div>\n<div style=\"background-color: #f4f4f4; border-radius: 50%; height: 12.5px; width: 12.5px; transform: translateX(0px) translateY(7px);\"><\/div>\n<div style=\"background-color: #f4f4f4; height: 12.5px; transform: rotate(-45deg) translateX(3px) translateY(1px); width: 12.5px; flex-grow: 0; margin-right: 14px; margin-left: 2px;\"><\/div>\n<div style=\"background-color: #f4f4f4; border-radius: 50%; height: 12.5px; width: 12.5px; transform: translateX(9px) translateY(-18px);\"><\/div>\n<\/div>\n<div style=\"margin-left: 8px;\">\n<div style=\"background-color: #f4f4f4; border-radius: 50%; flex-grow: 0; height: 20px; width: 20px;\"><\/div>\n<div style=\"width: 0; height: 0; border-top: 2px solid transparent; border-left: 6px solid #f4f4f4; border-bottom: 2px solid transparent; transform: translateX(16px) translateY(-4px) rotate(30deg);\"><\/div>\n<\/div>\n<div style=\"margin-left: auto;\">\n<div style=\"width: 0px; border-top: 8px solid #F4F4F4; border-right: 8px solid transparent; transform: translateY(16px);\"><\/div>\n<div style=\"background-color: #f4f4f4; flex-grow: 0; height: 12px; width: 16px; transform: translateY(-4px);\"><\/div>\n<div style=\"width: 0; height: 0; border-top: 8px solid #F4F4F4; border-left: 8px solid transparent; transform: translateY(-4px) translateX(8px);\"><\/div>\n<\/div>\n<\/div>\n<div style=\"display: flex; flex-direction: column; flex-grow: 1; justify-content: center; margin-bottom: 24px;\">\n<div style=\"background-color: #f4f4f4; border-radius: 4px; flex-grow: 0; height: 14px; margin-bottom: 6px; width: 224px;\"><\/div>\n<div style=\"background-color: #f4f4f4; border-radius: 4px; flex-grow: 0; height: 14px; width: 144px;\"><\/div>\n<\/div>\n<p>&nbsp;<\/p>\n<p style=\"color: #c9c8cd; font-family: Arial,sans-serif; font-size: 14px; line-height: 17px; margin-bottom: 0; margin-top: 8px; overflow: hidden; padding: 8px 0 7px; text-align: center; text-overflow: ellipsis; white-space: nowrap;\"><a style=\"color: #c9c8cd; font-family: Arial,sans-serif; font-size: 14px; font-style: normal; font-weight: normal; line-height: 17px; text-decoration: none;\" href=\"https:\/\/www.instagram.com\/p\/DHixfLuzO4Z\/?utm_source=ig_embed&amp;utm_campaign=loading\" target=\"_blank\" rel=\"noopener\">Una publicaci\u00f3n compartida por Franco Colapinto (@francolapinto)<\/a><\/p>\n<\/div>\n<\/blockquote>\n<p><script async src=\"\/\/www.instagram.com\/embed.js\"><\/script><\/p>\n<p>El rumor comenz\u00f3 a instalarse luego de la carrera de Shanghai, que se llev\u00f3 el australiano Oscar Piastri (McLaren). De hecho, el propio Colapinto hab\u00eda dado fuertes indicios acerca de su chance de volver m\u00e1s pronto que tarde en la F\u00f3rmula 1, con un sugerente posteo en sus redes sociales. \u201cSe vienen mejores findes. A seguir trabajando\u201d, poste\u00f3 en Instagram, acompa\u00f1ando la frase con un pu\u00f1o en se\u00f1al de fuerza y un mate.<\/p>\n<p>Sucede que la ca\u00edda en desgracia del neoceland\u00e9s en Red Bull debido a sus muy malos resultados &#8211; no logr\u00f3 terminar la carrera en el GP de Melbourne y qued\u00f3 en la duod\u00e9cima posici\u00f3n en Shangai-, ha abierto la puerta para que el argentino vuelva a ser piloto titular de Formula 1 a partir del Gran Premio de Jap\u00f3n o, en el peor de los casos, el de Bahrein.<\/p>\n<p>El movimiento involucrar\u00eda que el corredor japon\u00e9s Yuki Tsunoda, quien ocupa el asiento principal de Racing Bulls, pasar\u00eda a ser compa\u00f1ero del cuatro veces campe\u00f3n del mundo Max Verstappen en Red Bull, en lugar de Lawson; mientras que el argentino de 21 a\u00f1os, que a\u00fan no debut\u00f3 en Alpine, ocupar\u00eda la banca que queda vac\u00eda y compartir\u00eda equipo con el galo Isack Hadjar, quien termin\u00f3 en la und\u00e9cima ubicaci\u00f3n en el GP de China.<\/p>\n","protected":false},"excerpt":{"rendered":"<p>Se trata del equipo escuela de Red Bull, que anteriormente se llam\u00f3 AlphaTauri y que en su origen fue el Toro Rosso. Tras las paup\u00e9rrimas actuaciones de Liam Lawson en Red Bull en Australia y China, los jefes del equipo australiano no est\u00e1n para nada conformes, por lo que japon\u00e9s Yuki Tsunoda pasar\u00eda a Red [&hellip;]<\/p>\n","protected":false},"author":2,"featured_media":5726,"comment_status":"open","ping_status":"closed","sticky":false,"template":"","format":"standard","meta":{"footnotes":""},"categories":[11],"tags":[872],"class_list":["post-5725","post","type-post","status-publish","format-standard","has-post-thumbnail","hentry","category-motor","tag-victor-sacca"],"_links":{"self":[{"href":"https:\/\/muycritico.com.ar\/web\/index.php?rest_route=\/wp\/v2\/posts\/5725","targetHints":{"allow":["GET"]}}],"collection":[{"href":"https:\/\/muycritico.com.ar\/web\/index.php?rest_route=\/wp\/v2\/posts"}],"about":[{"href":"https:\/\/muycritico.com.ar\/web\/index.php?rest_route=\/wp\/v2\/types\/post"}],"author":[{"embeddable":true,"href":"https:\/\/muycritico.com.ar\/web\/index.php?rest_route=\/wp\/v2\/users\/2"}],"replies":[{"embeddable":true,"href":"https:\/\/muycritico.com.ar\/web\/index.php?rest_route=%2Fwp%2Fv2%2Fcomments&post=5725"}],"version-history":[{"count":2,"href":"https:\/\/muycritico.com.ar\/web\/index.php?rest_route=\/wp\/v2\/posts\/5725\/revisions"}],"predecessor-version":[{"id":5728,"href":"https:\/\/muycritico.com.ar\/web\/index.php?rest_route=\/wp\/v2\/posts\/5725\/revisions\/5728"}],"wp:featuredmedia":[{"embeddable":true,"href":"https:\/\/muycritico.com.ar\/web\/index.php?rest_route=\/wp\/v2\/media\/5726"}],"wp:attachment":[{"href":"https:\/\/muycritico.com.ar\/web\/index.php?rest_route=%2Fwp%2Fv2%2Fmedia&parent=5725"}],"wp:term":[{"taxonomy":"category","embeddable":true,"href":"https:\/\/muycritico.com.ar\/web\/index.php?rest_route=%2Fwp%2Fv2%2Fcategories&post=5725"},{"taxonomy":"post_tag","embeddable":true,"href":"https:\/\/muycritico.com.ar\/web\/index.php?rest_route=%2Fwp%2Fv2%2Ftags&post=5725"}],"curies":[{"name":"wp","href":"https:\/\/api.w.org\/{rel}","templated":true}]}}