{"id":5720,"date":"2025-03-24T12:17:57","date_gmt":"2025-03-24T15:17:57","guid":{"rendered":"https:\/\/muycritico.com.ar\/web\/?p=5720"},"modified":"2026-01-18T19:18:17","modified_gmt":"2026-01-18T22:18:17","slug":"el-documento-de-la-marcha-en-salta","status":"publish","type":"post","link":"https:\/\/muycritico.com.ar\/web\/?p=5720","title":{"rendered":"EL DOCUMENTO DE LA MARCHA EN SALTA"},"content":{"rendered":"<p><strong>A 49 A\u00f1os del Golpe: Memoria, Derechos Humanos, y Resistencia ante el Retroceso Pol\u00edtico y Social. La Asociaci\u00f3n Miguel Ragone public\u00f3 en su sitio web un documento \u00fanico de organismos de derechos humanos de Salta, el cual detalla la preocupante situaci\u00f3n actual en Argentina a 49 a\u00f1os del golpe de estado de 1976.<\/strong><\/p>\n<p><!--more--><\/p>\n<p>Analiza el negacionismo del gobierno de Milei sobre los cr\u00edmenes de la dictadura y el desmantelamiento de pol\u00edticas de memoria, verdad y justicia. Expone la regresi\u00f3n econ\u00f3mica y social, y la manipulaci\u00f3n pol\u00edtica, as\u00ed como la creciente represi\u00f3n y el uso de las fuerzas de seguridad contra manifestantes.<\/p>\n<p>Se critica la adhesi\u00f3n al R\u00e9gimen de Incentivo para Grandes Inversiones (RIGI) y su potencial impacto negativo en provincias como Salta, priorizando los intereses de grandes empresas sobre el medio ambiente y las comunidades locales. Se se\u00f1ala el aumento de servicios esenciales, la precarizaci\u00f3n laboral estatal y la falta de atenci\u00f3n m\u00e9dica en hospitales p\u00fablicos.<\/p>\n<p>Cuestiona la pol\u00edtica internacional de alineamiento con la extrema derecha y el aumento de la deuda externa. Finalmente, enfatiza la necesidad de unidad y resistencia popular frente a estas pol\u00edticas.<\/p>\n<p><a href=\"https:\/\/asociacionmiguelragonememoria.blogspot.com\/2025\/03\/el-documento-de-la-marcha-en-salta-49.html\" target=\"_blank\" rel=\"noopener\"><strong>LEER COMPLETO<\/strong><\/a><\/p>\n","protected":false},"excerpt":{"rendered":"<p>A 49 A\u00f1os del Golpe: Memoria, Derechos Humanos, y Resistencia ante el Retroceso Pol\u00edtico y Social. La Asociaci\u00f3n Miguel Ragone public\u00f3 en su sitio web un documento \u00fanico de organismos de derechos humanos de Salta, el cual detalla la preocupante situaci\u00f3n actual en Argentina a 49 a\u00f1os del golpe de estado de 1976.<\/p>\n","protected":false},"author":2,"featured_media":5722,"comment_status":"open","ping_status":"closed","sticky":false,"template":"","format":"standard","meta":{"footnotes":""},"categories":[6],"tags":[872],"class_list":["post-5720","post","type-post","status-publish","format-standard","has-post-thumbnail","hentry","category-notas","tag-victor-sacca"],"_links":{"self":[{"href":"https:\/\/muycritico.com.ar\/web\/index.php?rest_route=\/wp\/v2\/posts\/5720","targetHints":{"allow":["GET"]}}],"collection":[{"href":"https:\/\/muycritico.com.ar\/web\/index.php?rest_route=\/wp\/v2\/posts"}],"about":[{"href":"https:\/\/muycritico.com.ar\/web\/index.php?rest_route=\/wp\/v2\/types\/post"}],"author":[{"embeddable":true,"href":"https:\/\/muycritico.com.ar\/web\/index.php?rest_route=\/wp\/v2\/users\/2"}],"replies":[{"embeddable":true,"href":"https:\/\/muycritico.com.ar\/web\/index.php?rest_route=%2Fwp%2Fv2%2Fcomments&post=5720"}],"version-history":[{"count":2,"href":"https:\/\/muycritico.com.ar\/web\/index.php?rest_route=\/wp\/v2\/posts\/5720\/revisions"}],"predecessor-version":[{"id":5724,"href":"https:\/\/muycritico.com.ar\/web\/index.php?rest_route=\/wp\/v2\/posts\/5720\/revisions\/5724"}],"wp:featuredmedia":[{"embeddable":true,"href":"https:\/\/muycritico.com.ar\/web\/index.php?rest_route=\/wp\/v2\/media\/5722"}],"wp:attachment":[{"href":"https:\/\/muycritico.com.ar\/web\/index.php?rest_route=%2Fwp%2Fv2%2Fmedia&parent=5720"}],"wp:term":[{"taxonomy":"category","embeddable":true,"href":"https:\/\/muycritico.com.ar\/web\/index.php?rest_route=%2Fwp%2Fv2%2Fcategories&post=5720"},{"taxonomy":"post_tag","embeddable":true,"href":"https:\/\/muycritico.com.ar\/web\/index.php?rest_route=%2Fwp%2Fv2%2Ftags&post=5720"}],"curies":[{"name":"wp","href":"https:\/\/api.w.org\/{rel}","templated":true}]}}