{"id":5625,"date":"2025-03-19T06:27:55","date_gmt":"2025-03-19T09:27:55","guid":{"rendered":"https:\/\/muycritico.com.ar\/web\/?p=5625"},"modified":"2026-01-18T19:18:20","modified_gmt":"2026-01-18T22:18:20","slug":"hay-que-saber-rcp-para-obtener-la-licencia-de-conducir","status":"publish","type":"post","link":"https:\/\/muycritico.com.ar\/web\/?p=5625","title":{"rendered":"HAY QUE SABER RCP PARA OBTENER LA LICENCIA DE CONDUCIR"},"content":{"rendered":"<p><strong>La C\u00e1mara de Diputados de Salta aprob\u00f3 el proyecto de Ley que establece que en todo el territorio provincial, la autoridad competente emisora de la Licencia de Conducir, deber\u00e1 requerir al solicitante, por \u00fanica vez, la asistencia obligatoria al curso te\u00f3rico-pr\u00e1ctico de T\u00e9cnicas de Reanimaci\u00f3n Cardiopulmonar (RCP). Foto: avantiasalud.com<\/strong><\/p>\n<p><!--more--><\/p>\n<p>La Autoridad de Aplicaci\u00f3n, que designar\u00e1 el Poder Ejecutivo, ser\u00e1 responsable de coordinar con los municipios la firma de convenios con organizaciones que posean experiencia en capacitaci\u00f3n en RCP.<\/p>\n<p>El diputado Adri\u00e1n Valenzuela, autor de la iniciativa, enfatiz\u00f3 que el objetivo del proyecto es fortalecer y promover la prevenci\u00f3n y capacitaci\u00f3n en esta t\u00e9cnica a la poblaci\u00f3n para actuar correctamente ante situaciones de emergencia, resaltando en este punto la importancia de este procedimiento que puede aumentar en un 40% las posibilidades de supervivencia de la persona afectada, reduciendo con ello las secuelas y el riesgo de muerte.<\/p>\n<p>En este sentido, el legislador destac\u00f3 que varias provincias del pa\u00eds ya implementaron normativas similares con resultados positivos, precisando a la vez que en la provincia existe legislaci\u00f3n enfocada en la capacitaci\u00f3n en t\u00e9cnicas de reanimaci\u00f3n cardiopulmonar b\u00e1sicas destinadas a los estudiantes de los niveles medio y superior del sistema educativo. Por otra parte, se\u00f1al\u00f3 que se avanz\u00f3 en la capacitaci\u00f3n obligatoria en t\u00e9cnicas de primeros auxilios para todas las personas que se desempe\u00f1en en los distintos organismos del Estado Provincial, por lo que subray\u00f3 la importancia de extender esta formaci\u00f3n a la comunidad en general.<\/p>\n<p>Por su parte, el diputado Juan Jos\u00e9 Esteban hizo hincapi\u00e9 en las elevadas tasas de muertes por infartos en el mundo, indicando que de acuerdo a los especialistas, la mitad de estos fallecimientos podr\u00edan haberse evitado mediante maniobras efectivas de RCP, por lo que consider\u00f3 que esta normativa brinda una herramienta crucial para mejorar la respuesta ante emergencias en Salta.<\/p>\n<p>En tanto, el diputado Mat\u00edas Monteagudo expres\u00f3 su apoyo a la iniciativa, a la vez que consider\u00f3 fundamental fortalecer las campa\u00f1as educativas para aumentar la efectividad del aprendizaje sobre RCP en los distintos sectores de la poblaci\u00f3n.<\/p>\n<p>As\u00ed tambi\u00e9n, la diputada Isabel De Vita asegur\u00f3 que esta iniciativa representa un paso significativo para incrementar las herramientas necesarias para enfrentar emergencias dentro del \u00e1mbito vial y la vida cotidiana de los salte\u00f1os.<\/p>\n<p>A su turno, los diputados Sebasti\u00e1n Otero y Germ\u00e1n Rall\u00e9 coincidieron en que esta iniciativa es una herramienta crucial para salvar vidas en los distintos puntos de la provincia.<\/p>\n<p>Por otro lado, si bien los diputados Guillermo Durand Cornejo y Roque Cornejo ponderaron la iniciativa, tambi\u00e9n consideraron importante generar los espacios formativos necesarios y accesibles a la comunidad a los fines de que este requisito no se convierta en una barrera para que los ciudadanos se vean imposibilitados de obtener la licencia de conducir.<\/p>\n<p>El proyecto de Ley fue aprobado por la amplia mayor\u00eda del Cuerpo, con los votos negativos de los diputados Roque Cornejo, Griselda Galleguillos, Sof\u00eda Sierra y Jos\u00e9 Gauffin. Pas\u00f3 al Senado en revisi\u00f3n.<\/p>\n","protected":false},"excerpt":{"rendered":"<p>La C\u00e1mara de Diputados de Salta aprob\u00f3 el proyecto de Ley que establece que en todo el territorio provincial, la autoridad competente emisora de la Licencia de Conducir, deber\u00e1 requerir al solicitante, por \u00fanica vez, la asistencia obligatoria al curso te\u00f3rico-pr\u00e1ctico de T\u00e9cnicas de Reanimaci\u00f3n Cardiopulmonar (RCP). Foto: avantiasalud.com<\/p>\n","protected":false},"author":2,"featured_media":5626,"comment_status":"open","ping_status":"closed","sticky":false,"template":"","format":"standard","meta":{"footnotes":""},"categories":[6],"tags":[872],"class_list":["post-5625","post","type-post","status-publish","format-standard","has-post-thumbnail","hentry","category-notas","tag-victor-sacca"],"_links":{"self":[{"href":"https:\/\/muycritico.com.ar\/web\/index.php?rest_route=\/wp\/v2\/posts\/5625","targetHints":{"allow":["GET"]}}],"collection":[{"href":"https:\/\/muycritico.com.ar\/web\/index.php?rest_route=\/wp\/v2\/posts"}],"about":[{"href":"https:\/\/muycritico.com.ar\/web\/index.php?rest_route=\/wp\/v2\/types\/post"}],"author":[{"embeddable":true,"href":"https:\/\/muycritico.com.ar\/web\/index.php?rest_route=\/wp\/v2\/users\/2"}],"replies":[{"embeddable":true,"href":"https:\/\/muycritico.com.ar\/web\/index.php?rest_route=%2Fwp%2Fv2%2Fcomments&post=5625"}],"version-history":[{"count":1,"href":"https:\/\/muycritico.com.ar\/web\/index.php?rest_route=\/wp\/v2\/posts\/5625\/revisions"}],"predecessor-version":[{"id":5627,"href":"https:\/\/muycritico.com.ar\/web\/index.php?rest_route=\/wp\/v2\/posts\/5625\/revisions\/5627"}],"wp:featuredmedia":[{"embeddable":true,"href":"https:\/\/muycritico.com.ar\/web\/index.php?rest_route=\/wp\/v2\/media\/5626"}],"wp:attachment":[{"href":"https:\/\/muycritico.com.ar\/web\/index.php?rest_route=%2Fwp%2Fv2%2Fmedia&parent=5625"}],"wp:term":[{"taxonomy":"category","embeddable":true,"href":"https:\/\/muycritico.com.ar\/web\/index.php?rest_route=%2Fwp%2Fv2%2Fcategories&post=5625"},{"taxonomy":"post_tag","embeddable":true,"href":"https:\/\/muycritico.com.ar\/web\/index.php?rest_route=%2Fwp%2Fv2%2Ftags&post=5625"}],"curies":[{"name":"wp","href":"https:\/\/api.w.org\/{rel}","templated":true}]}}