{"id":5590,"date":"2025-03-16T11:25:48","date_gmt":"2025-03-16T14:25:48","guid":{"rendered":"https:\/\/muycritico.com.ar\/web\/?p=5590"},"modified":"2026-01-18T19:18:21","modified_gmt":"2026-01-18T22:18:21","slug":"los-mas-fuertes-del-pais-y-del-mundo-estuvieron-en-el-galpon","status":"publish","type":"post","link":"https:\/\/muycritico.com.ar\/web\/?p=5590","title":{"rendered":"LOS M\u00c1S FUERTES DEL PAIS ESTUVIERON EN EL GALP\u00d3N"},"content":{"rendered":"<p><strong>Este s\u00e1bado, El Galp\u00f3n se convirti\u00f3 en el punto de encuentro de la fuerza y resistencia extrema con la primera edici\u00f3n del Strongman\/Woman Argentina en la localidad. 28 atletas de Buenos Aires, Tucum\u00e1n, Chaco, Mendoza, Santiago del Estero, Salta, Venezuela y otros pa\u00edses llegaron para enfrentar pruebas de m\u00e1xima exigencia f\u00edsica.\u00a0<\/strong><\/p>\n<p><!--more--><\/p>\n<p>Los competidores demostraron su potencia en desaf\u00edos extremos como peso con camioneta, levantamiento de 130 kilos, entre otras pruebas que exigieron fuerza, t\u00e9cnica y resistencia en cada intento.<\/p>\n<p>Resultados oficiales<\/p>\n<p>Categor\u00eda hasta 100 kg:<\/p>\n<p>1\u00b0 lugar: Ram\u00f3n \u00c1ngel D\u00edaz (El Galp\u00f3n) \u2013 consagr\u00e1ndose como Hombre M\u00e1s Fuerte de Argentina.<\/p>\n<p>Categor\u00eda femenina:<\/p>\n<p>1\u00b0 lugar: Rosa Virginia Pedroza<\/p>\n<p>2\u00b0 lugar: Anal\u00eda de la Vega (Tucum\u00e1n)<\/p>\n<p>3\u00b0 lugar: Jazm\u00edn Teseira (El Galp\u00f3n)<\/p>\n<p>Categor\u00eda hasta 90 kg:<\/p>\n<p>Eduardo Lamas (El Galp\u00f3n)<\/p>\n<p><img loading=\"lazy\" decoding=\"async\" class=\"aligncenter size-full wp-image-5592\" src=\"https:\/\/muycritico.com.ar\/web\/wp-content\/uploads\/2025\/03\/LOS-MAS-FUERTES-EL-GALPON2.jpg\" alt=\"\" width=\"960\" height=\"720\" srcset=\"https:\/\/muycritico.com.ar\/web\/wp-content\/uploads\/2025\/03\/LOS-MAS-FUERTES-EL-GALPON2.jpg 960w, https:\/\/muycritico.com.ar\/web\/wp-content\/uploads\/2025\/03\/LOS-MAS-FUERTES-EL-GALPON2-768x576.jpg 768w\" sizes=\"auto, (max-width: 960px) 100vw, 960px\" \/><\/p>\n<p><strong>Categor\u00eda pesos pesados:\u00a0<\/strong><\/p>\n<p>1\u00b0 lugar: Daniel Pons (actual campe\u00f3n mundial)<\/p>\n<p>2\u00b0 lugar: Ren\u00e9 Alfredo D\u00edaz (El Galp\u00f3n)<\/p>\n<p>3\u00b0 lugar: Octavio Ju\u00e1rez (El Galp\u00f3n)<\/p>\n<p><img loading=\"lazy\" decoding=\"async\" class=\"aligncenter size-full wp-image-5593\" src=\"https:\/\/muycritico.com.ar\/web\/wp-content\/uploads\/2025\/03\/LOS-MAS-FUERTES-EL-GALPON.jpg\" alt=\"\" width=\"960\" height=\"720\" srcset=\"https:\/\/muycritico.com.ar\/web\/wp-content\/uploads\/2025\/03\/LOS-MAS-FUERTES-EL-GALPON.jpg 960w, https:\/\/muycritico.com.ar\/web\/wp-content\/uploads\/2025\/03\/LOS-MAS-FUERTES-EL-GALPON-768x576.jpg 768w\" sizes=\"auto, (max-width: 960px) 100vw, 960px\" \/><\/p>\n<p>El evento, organizado por <strong>Daniel Pons<\/strong> y <strong>Ram\u00f3n \u00c1ngel D\u00edaz<\/strong>, cont\u00f3 con el respaldo del intendente <strong>Federico Sacca<\/strong>, quien reafirm\u00f3 su compromiso con el deporte y el desarrollo de eventos que fomentan la participaci\u00f3n de atletas locales y de todo el pa\u00eds. Tambi\u00e9n acompa\u00f1aron la jornada de comerciantes, concejales y la comunidad, quienes hicieron posible esta competencia de gran nivel.<\/p>\n<p><img loading=\"lazy\" decoding=\"async\" class=\"aligncenter size-full wp-image-5594\" src=\"https:\/\/muycritico.com.ar\/web\/wp-content\/uploads\/2025\/03\/LOS-MAS-FUERTES-EL-GALPON5.jpg\" alt=\"\" width=\"960\" height=\"720\" srcset=\"https:\/\/muycritico.com.ar\/web\/wp-content\/uploads\/2025\/03\/LOS-MAS-FUERTES-EL-GALPON5.jpg 960w, https:\/\/muycritico.com.ar\/web\/wp-content\/uploads\/2025\/03\/LOS-MAS-FUERTES-EL-GALPON5-768x576.jpg 768w\" sizes=\"auto, (max-width: 960px) 100vw, 960px\" \/><\/p>\n<p>Cada atleta dio lo mejor de s\u00ed, dejando en la pista esfuerzo, dedicaci\u00f3n y disciplina en cada prueba. El Galp\u00f3n marc\u00f3 un nuevo cap\u00edtulo en la historia del strongman en Argentina, con una primera edici\u00f3n que deja el camino abierto para futuras competencias de esta magnitud.<\/p>\n","protected":false},"excerpt":{"rendered":"<p>Este s\u00e1bado, El Galp\u00f3n se convirti\u00f3 en el punto de encuentro de la fuerza y resistencia extrema con la primera edici\u00f3n del Strongman\/Woman Argentina en la localidad. 28 atletas de Buenos Aires, Tucum\u00e1n, Chaco, Mendoza, Santiago del Estero, Salta, Venezuela y otros pa\u00edses llegaron para enfrentar pruebas de m\u00e1xima exigencia f\u00edsica.\u00a0<\/p>\n","protected":false},"author":2,"featured_media":5591,"comment_status":"open","ping_status":"closed","sticky":false,"template":"","format":"standard","meta":{"footnotes":""},"categories":[6],"tags":[954,872],"class_list":["post-5590","post","type-post","status-publish","format-standard","has-post-thumbnail","hentry","category-notas","tag-strongmanargentina","tag-victor-sacca"],"_links":{"self":[{"href":"https:\/\/muycritico.com.ar\/web\/index.php?rest_route=\/wp\/v2\/posts\/5590","targetHints":{"allow":["GET"]}}],"collection":[{"href":"https:\/\/muycritico.com.ar\/web\/index.php?rest_route=\/wp\/v2\/posts"}],"about":[{"href":"https:\/\/muycritico.com.ar\/web\/index.php?rest_route=\/wp\/v2\/types\/post"}],"author":[{"embeddable":true,"href":"https:\/\/muycritico.com.ar\/web\/index.php?rest_route=\/wp\/v2\/users\/2"}],"replies":[{"embeddable":true,"href":"https:\/\/muycritico.com.ar\/web\/index.php?rest_route=%2Fwp%2Fv2%2Fcomments&post=5590"}],"version-history":[{"count":2,"href":"https:\/\/muycritico.com.ar\/web\/index.php?rest_route=\/wp\/v2\/posts\/5590\/revisions"}],"predecessor-version":[{"id":5596,"href":"https:\/\/muycritico.com.ar\/web\/index.php?rest_route=\/wp\/v2\/posts\/5590\/revisions\/5596"}],"wp:featuredmedia":[{"embeddable":true,"href":"https:\/\/muycritico.com.ar\/web\/index.php?rest_route=\/wp\/v2\/media\/5591"}],"wp:attachment":[{"href":"https:\/\/muycritico.com.ar\/web\/index.php?rest_route=%2Fwp%2Fv2%2Fmedia&parent=5590"}],"wp:term":[{"taxonomy":"category","embeddable":true,"href":"https:\/\/muycritico.com.ar\/web\/index.php?rest_route=%2Fwp%2Fv2%2Fcategories&post=5590"},{"taxonomy":"post_tag","embeddable":true,"href":"https:\/\/muycritico.com.ar\/web\/index.php?rest_route=%2Fwp%2Fv2%2Ftags&post=5590"}],"curies":[{"name":"wp","href":"https:\/\/api.w.org\/{rel}","templated":true}]}}