{"id":5587,"date":"2025-03-15T14:06:27","date_gmt":"2025-03-15T17:06:27","guid":{"rendered":"https:\/\/muycritico.com.ar\/web\/?p=5587"},"modified":"2026-01-18T19:18:21","modified_gmt":"2026-01-18T22:18:21","slug":"mas-de-7-mil-vecinos-accedieron-a-diferentes-servicios-en-villa-lavalle","status":"publish","type":"post","link":"https:\/\/muycritico.com.ar\/web\/?p=5587","title":{"rendered":"M\u00c1S DE 7 MIL VECINOS ACCEDIERON A DIFERENTES SERVICIOS EN VILLA LAVALLE"},"content":{"rendered":"<p><strong>Una vez m\u00e1s, el municipio visit\u00f3 la zona sudeste para atender los requerimientos de los vecinos en el marco del programa &#8220;La Muni en tu barrio&#8221;. La jornada estuvo encabezada por el intendente, Emiliano Durand, acompa\u00f1ado por el gobernador, Gustavo S\u00e1enz.<\/strong><\/p>\n<p><!--more--><\/p>\n<p>Esta ma\u00f1ana, el intendente, Emiliano Durand, junto a equipos municipales, atendi\u00f3 las consultas de m\u00e1s de 7 mil vecinos de Villa Lavalle, en el Centro de Primera Infancia de esa barriada.<\/p>\n<p>En la oportunidad, estuvo presente el gobernador de la Provincia, Gustavo S\u00e1enz y el ministro de Gobierno, Derechos Humanos y Trabajo, Ricardo Villada.<\/p>\n<p>El programa municipal de descentralizaci\u00f3n de servicios, le brinda la posibilidad a la gente de acercarse y obtener informaci\u00f3n\u00a0 sobre: habilitaciones, alumbrado p\u00fablico, microbasurales, desmalezado, cami\u00f3n atmosf\u00e9rico, inspecciones, se\u00f1alizaci\u00f3n, planos, licencias de conducir, armado de notas y curr\u00edculum vitae con simulaci\u00f3n de entrevistas, entre otros.<\/p>\n<p>Adem\u00e1s, profesionales abogados, arquitectos, contadores, t\u00e9cnicos inform\u00e1ticos, maestros mayores de obra, nutricionistas, psic\u00f3logos y oftalm\u00f3logos se encargan de atender diferentes consultas.<\/p>\n<p>En el lugar, se realiz\u00f3 el operativo \u201cVolviendo a clases\u201d para que las personas que no cuentan con obra social obtengan el certificado escolar del nivel primario, secundario o terciario.<\/p>\n<p>Participaron tambi\u00e9n, personal del Ente Regulador de Servicios, INCUCAI, Concejo Deliberante y Ministerio de Salud P\u00fablica de la Provincia, Saeta, IPV, PAMI y Registro Civil, Aguas del Norte y la UPATECO.<\/p>\n<p>Al respecto la secretaria de Gobierno, Agustina Agolio, indic\u00f3 que: \u00abla descentralizaci\u00f3n de servicios es fundamental para que una gesti\u00f3n funcione, much\u00edsima gente se acerc\u00f3. Estuvimos trabajando el a\u00f1o pasado y lo que va de este a\u00f1o en las calles de este lugar, en poner al punto este CPI, entre otras cosas, porque no solo buscamos asesorar\u00a0 sino tambi\u00e9n poder resolver todos los problemas estructurales que ten\u00eda este barrio, as\u00ed que hacemos un trabajo integral.<\/p>\n<p>Por su parte, la titular del Registro Civil, Mar\u00eda Fernanda Ubiergo manifest\u00f3: \u00abAcompa\u00f1amos a \u00abLa Muni en tu barrio\u00bb y a todos los vecinos haciendo\u00a0 los tr\u00e1mites relativos a DNI, pasaportes,\u00a0 actualizaciones, cambios de domicilio, reposiciones y todo lo que sea necesario. Es importante darle esta posibilidad a los vecinos que no pueden trasladarse\u00bb.<\/p>\n<p>Acompa\u00f1aron la iniciativa, el presidente del Concejo Deliberante, Dario Madile y el rector de la Upateco, Carlos Morello.<\/p>\n","protected":false},"excerpt":{"rendered":"<p>Una vez m\u00e1s, el municipio visit\u00f3 la zona sudeste para atender los requerimientos de los vecinos en el marco del programa &#8220;La Muni en tu barrio&#8221;. La jornada estuvo encabezada por el intendente, Emiliano Durand, acompa\u00f1ado por el gobernador, Gustavo S\u00e1enz.<\/p>\n","protected":false},"author":2,"featured_media":5588,"comment_status":"open","ping_status":"closed","sticky":false,"template":"","format":"standard","meta":{"footnotes":""},"categories":[6],"tags":[872],"class_list":["post-5587","post","type-post","status-publish","format-standard","has-post-thumbnail","hentry","category-notas","tag-victor-sacca"],"_links":{"self":[{"href":"https:\/\/muycritico.com.ar\/web\/index.php?rest_route=\/wp\/v2\/posts\/5587","targetHints":{"allow":["GET"]}}],"collection":[{"href":"https:\/\/muycritico.com.ar\/web\/index.php?rest_route=\/wp\/v2\/posts"}],"about":[{"href":"https:\/\/muycritico.com.ar\/web\/index.php?rest_route=\/wp\/v2\/types\/post"}],"author":[{"embeddable":true,"href":"https:\/\/muycritico.com.ar\/web\/index.php?rest_route=\/wp\/v2\/users\/2"}],"replies":[{"embeddable":true,"href":"https:\/\/muycritico.com.ar\/web\/index.php?rest_route=%2Fwp%2Fv2%2Fcomments&post=5587"}],"version-history":[{"count":1,"href":"https:\/\/muycritico.com.ar\/web\/index.php?rest_route=\/wp\/v2\/posts\/5587\/revisions"}],"predecessor-version":[{"id":5589,"href":"https:\/\/muycritico.com.ar\/web\/index.php?rest_route=\/wp\/v2\/posts\/5587\/revisions\/5589"}],"wp:featuredmedia":[{"embeddable":true,"href":"https:\/\/muycritico.com.ar\/web\/index.php?rest_route=\/wp\/v2\/media\/5588"}],"wp:attachment":[{"href":"https:\/\/muycritico.com.ar\/web\/index.php?rest_route=%2Fwp%2Fv2%2Fmedia&parent=5587"}],"wp:term":[{"taxonomy":"category","embeddable":true,"href":"https:\/\/muycritico.com.ar\/web\/index.php?rest_route=%2Fwp%2Fv2%2Fcategories&post=5587"},{"taxonomy":"post_tag","embeddable":true,"href":"https:\/\/muycritico.com.ar\/web\/index.php?rest_route=%2Fwp%2Fv2%2Ftags&post=5587"}],"curies":[{"name":"wp","href":"https:\/\/api.w.org\/{rel}","templated":true}]}}