{"id":5583,"date":"2025-03-15T13:56:46","date_gmt":"2025-03-15T16:56:46","guid":{"rendered":"https:\/\/muycritico.com.ar\/web\/?p=5583"},"modified":"2026-01-18T19:18:21","modified_gmt":"2026-01-18T22:18:21","slug":"5583","status":"publish","type":"post","link":"https:\/\/muycritico.com.ar\/web\/?p=5583","title":{"rendered":"C\u00d3MO SIGUE LA SALUD DE PABLO GRILLO, EL FOT\u00d3GRAFO QUE FUE IMPACTADO EN LA CABEZA POR UNA C\u00c1PSULA DE GAS LACRIM\u00d3GENO"},"content":{"rendered":"<p><strong>Al momento del impacto, Grillo trabajaba con su c\u00e1mara en la marcha por los jubilados al momento del incidente y sufri\u00f3 heridas que lo dejaron en estado grave. Este viernes se realiz\u00f3 un &#8216;semaforazo&#8217; para pedir justicia.<\/strong><\/p>\n<p><!--more--><\/p>\n<p>Un informe de PERFIL da cuenta de que Pablo Grillo, el fotoperiodista de 35 a\u00f1os que result\u00f3 gravemente herido tras recibir un golpe en la cabeza con una c\u00e1psula de gas lacrim\u00f3geno durante la marcha de los jubilados frente al Congreso, fue sometido a una nueva intervenci\u00f3n quir\u00fargica por un hematoma en el cerebro. Su estado es cr\u00edtico y se mantiene en estricta reserva. Lo confirm\u00f3 su padre, Fabi\u00e1n, en declaraciones radiales: \u201cReci\u00e9n sali\u00f3 del quir\u00f3fano hace un rato. La intervenci\u00f3n sali\u00f3 bien y le hicieron lo que yo llamo limpieza, no s\u00e9 si es correcto. Fue dentro de lo esperado, seg\u00fan el cirujano. Fue positivo. Hay una mejor\u00eda\u201d, manifest\u00f3 en di\u00e1logo con Radio Continental.<\/p>\n<p>El hombre explic\u00f3 que la operaci\u00f3n fue por un hematoma que se encontraba del lado opuesto a la \u00faltima intervenci\u00f3n a la que se someti\u00f3 el mismo d\u00eda del incidente, el pasado mi\u00e9rcoles 13: \u201cNotaron que hab\u00eda un crecimiento del hematoma, como que hay una p\u00e9rdida. Entonces hab\u00eda que hacer la cirug\u00eda\u201d, indic\u00f3. Tambi\u00e9n manifest\u00f3 que la inflamaci\u00f3n deber\u00eda comenzar a bajar \u201cdespu\u00e9s de cinco o seis d\u00edas\u201d, seg\u00fan le explicaron los m\u00e9dicos a cargo de su hijo.<\/p>\n<p>Por otra parte, Fabi\u00e1n sostuvo que ni el presidente Javier Milei ni sus funcionarios se acercaron a la familia para preguntar por el estado de salud de Pablo. Sin embargo, destac\u00f3 que Fern\u00e1n Quir\u00f3s, el ministro de Salud porte\u00f1o, s\u00ed lo hizo: \u201cVino, estuvo un ratito, habl\u00f3 con Pablo, conmigo no, yo estaba en otro lugar del hospital, bien, se puso a disposici\u00f3n\u201d. Los dichos del hombre coinciden con el posteo que Quir\u00f3s realiz\u00f3 en su cuenta de X (ex Twitter), en el manifest\u00f3: \u201cEsta tarde visit\u00e9 a los heridos de mayor gravedad durante los incidentes ocurridos ayer en las inmediaciones del Congreso, para acompa\u00f1ar a sus familias y agradecer el trabajo de los equipos de salud que brindaron atenci\u00f3n inmediata\u201d.<\/p>\n<p>Sobre esto \u00faltimo, el padre de Pablo se emocion\u00f3 hasta las l\u00e1grimas y dio un \u201cagradecimiento eterno\u201d a los m\u00e9dicos y las enfermeras del hospital, por la atenci\u00f3n que le dan d\u00eda a d\u00eda a su hijo. \u201cSon fant\u00e1sticos. Tambi\u00e9n los curitas ayer con la misa. Todos me emocionaron mucho, me siento muy acompa\u00f1ado\u201d, asegur\u00f3.<\/p>\n","protected":false},"excerpt":{"rendered":"<p>Al momento del impacto, Grillo trabajaba con su c\u00e1mara en la marcha por los jubilados al momento del incidente y sufri\u00f3 heridas que lo dejaron en estado grave. Este viernes se realiz\u00f3 un &#8216;semaforazo&#8217; para pedir justicia.<\/p>\n","protected":false},"author":2,"featured_media":5584,"comment_status":"open","ping_status":"closed","sticky":false,"template":"","format":"standard","meta":{"footnotes":""},"categories":[6],"tags":[872],"class_list":["post-5583","post","type-post","status-publish","format-standard","has-post-thumbnail","hentry","category-notas","tag-victor-sacca"],"_links":{"self":[{"href":"https:\/\/muycritico.com.ar\/web\/index.php?rest_route=\/wp\/v2\/posts\/5583","targetHints":{"allow":["GET"]}}],"collection":[{"href":"https:\/\/muycritico.com.ar\/web\/index.php?rest_route=\/wp\/v2\/posts"}],"about":[{"href":"https:\/\/muycritico.com.ar\/web\/index.php?rest_route=\/wp\/v2\/types\/post"}],"author":[{"embeddable":true,"href":"https:\/\/muycritico.com.ar\/web\/index.php?rest_route=\/wp\/v2\/users\/2"}],"replies":[{"embeddable":true,"href":"https:\/\/muycritico.com.ar\/web\/index.php?rest_route=%2Fwp%2Fv2%2Fcomments&post=5583"}],"version-history":[{"count":2,"href":"https:\/\/muycritico.com.ar\/web\/index.php?rest_route=\/wp\/v2\/posts\/5583\/revisions"}],"predecessor-version":[{"id":5586,"href":"https:\/\/muycritico.com.ar\/web\/index.php?rest_route=\/wp\/v2\/posts\/5583\/revisions\/5586"}],"wp:featuredmedia":[{"embeddable":true,"href":"https:\/\/muycritico.com.ar\/web\/index.php?rest_route=\/wp\/v2\/media\/5584"}],"wp:attachment":[{"href":"https:\/\/muycritico.com.ar\/web\/index.php?rest_route=%2Fwp%2Fv2%2Fmedia&parent=5583"}],"wp:term":[{"taxonomy":"category","embeddable":true,"href":"https:\/\/muycritico.com.ar\/web\/index.php?rest_route=%2Fwp%2Fv2%2Fcategories&post=5583"},{"taxonomy":"post_tag","embeddable":true,"href":"https:\/\/muycritico.com.ar\/web\/index.php?rest_route=%2Fwp%2Fv2%2Ftags&post=5583"}],"curies":[{"name":"wp","href":"https:\/\/api.w.org\/{rel}","templated":true}]}}