{"id":5580,"date":"2025-03-15T13:48:02","date_gmt":"2025-03-15T16:48:02","guid":{"rendered":"https:\/\/muycritico.com.ar\/web\/?p=5580"},"modified":"2026-01-18T19:18:21","modified_gmt":"2026-01-18T22:18:21","slug":"quedo-inaugurado-el-nuevo-anfiteatro-de-la-plaza-del-barrio-alto-la-vina","status":"publish","type":"post","link":"https:\/\/muycritico.com.ar\/web\/?p=5580","title":{"rendered":"QUED\u00d3 INAUGURADO EL NUEVO ANFITEATRO DE LA PLAZA DEL BARRIO ALTO LA VI\u00d1A"},"content":{"rendered":"<p><strong>Con la presencia del intendente, Emiliano Durand y del gobernador, Gustavo S\u00e1enz, la Municipalidad habilit\u00f3 el espacio verde ubicado en la zona oeste alta. Los vecinos podr\u00e1n disfrutar de un lugar seguro para la familia.<\/strong><\/p>\n<p><!--more--><\/p>\n<p>La Municipalidad inaugur\u00f3 las obras de recuperaci\u00f3n y puesta en valor del Anfiteatro de la plaza del barrio Alto La Vi\u00f1a, ubicado en la zona oeste alta de la ciudad.<\/p>\n<p>Juan Manuel Chalabe, jefe de Gabinete, manifest\u00f3 que: \u00abcon esta obra hemos recuperado un nuevo espacio verde en la ciudad para que los vecinos puedan disfrutarlo\u00bb, y agreg\u00f3 que \u00abno s\u00f3lo se pueden realizar actividades recreativas sino tambi\u00e9n deportivas y culturales\u00bb.<\/p>\n<p>Violeta Barrabino, directora general de Seguimiento de Gesti\u00f3n, remarc\u00f3 que: \u00abel objetivo es brindar mejores condiciones de uso p\u00fablico para actividades de esparcimiento y culturales\u00bb, y destac\u00f3 que \u00abfue una obra que involucr\u00f3 a todas las \u00e1reas de la Municipalidad se trata de un trabajo totalmente integral\u00bb.<\/p>\n<p>Las tareas consistieron principalmente en la reparaci\u00f3n y puesta a punto de rampas y escalones; readecuaci\u00f3n de los accesos y salidas; rampas para accesibilidad y escenario. Adem\u00e1s, se hizo la reparaci\u00f3n de las fallas o roturas de la infraestructura;<\/p>\n<p>El predio se ubica, m\u00e1s precisamente, en la avenida Los Jockey esquina Animan\u00e1; donde los vecinos ya pueden disfrutar del espacio verde y de las instalaciones del anfiteatro.<\/p>\n<p><iframe loading=\"lazy\" title=\"Qued\u00f3 inaugurado el anfiteatro de barrio Alto La Vi\u00f1a\" width=\"696\" height=\"392\" src=\"https:\/\/www.youtube.com\/embed\/APlld2sGIJE?feature=oembed\" frameborder=\"0\" allow=\"accelerometer; autoplay; clipboard-write; encrypted-media; gyroscope; picture-in-picture; web-share\" referrerpolicy=\"strict-origin-when-cross-origin\" allowfullscreen><\/iframe><\/p>\n","protected":false},"excerpt":{"rendered":"<p>Con la presencia del intendente, Emiliano Durand y del gobernador, Gustavo S\u00e1enz, la Municipalidad habilit\u00f3 el espacio verde ubicado en la zona oeste alta. Los vecinos podr\u00e1n disfrutar de un lugar seguro para la familia.<\/p>\n","protected":false},"author":2,"featured_media":5581,"comment_status":"open","ping_status":"closed","sticky":false,"template":"","format":"standard","meta":{"footnotes":""},"categories":[6],"tags":[872],"class_list":["post-5580","post","type-post","status-publish","format-standard","has-post-thumbnail","hentry","category-notas","tag-victor-sacca"],"_links":{"self":[{"href":"https:\/\/muycritico.com.ar\/web\/index.php?rest_route=\/wp\/v2\/posts\/5580","targetHints":{"allow":["GET"]}}],"collection":[{"href":"https:\/\/muycritico.com.ar\/web\/index.php?rest_route=\/wp\/v2\/posts"}],"about":[{"href":"https:\/\/muycritico.com.ar\/web\/index.php?rest_route=\/wp\/v2\/types\/post"}],"author":[{"embeddable":true,"href":"https:\/\/muycritico.com.ar\/web\/index.php?rest_route=\/wp\/v2\/users\/2"}],"replies":[{"embeddable":true,"href":"https:\/\/muycritico.com.ar\/web\/index.php?rest_route=%2Fwp%2Fv2%2Fcomments&post=5580"}],"version-history":[{"count":1,"href":"https:\/\/muycritico.com.ar\/web\/index.php?rest_route=\/wp\/v2\/posts\/5580\/revisions"}],"predecessor-version":[{"id":5582,"href":"https:\/\/muycritico.com.ar\/web\/index.php?rest_route=\/wp\/v2\/posts\/5580\/revisions\/5582"}],"wp:featuredmedia":[{"embeddable":true,"href":"https:\/\/muycritico.com.ar\/web\/index.php?rest_route=\/wp\/v2\/media\/5581"}],"wp:attachment":[{"href":"https:\/\/muycritico.com.ar\/web\/index.php?rest_route=%2Fwp%2Fv2%2Fmedia&parent=5580"}],"wp:term":[{"taxonomy":"category","embeddable":true,"href":"https:\/\/muycritico.com.ar\/web\/index.php?rest_route=%2Fwp%2Fv2%2Fcategories&post=5580"},{"taxonomy":"post_tag","embeddable":true,"href":"https:\/\/muycritico.com.ar\/web\/index.php?rest_route=%2Fwp%2Fv2%2Ftags&post=5580"}],"curies":[{"name":"wp","href":"https:\/\/api.w.org\/{rel}","templated":true}]}}