{"id":5474,"date":"2025-03-11T11:29:23","date_gmt":"2025-03-11T14:29:23","guid":{"rendered":"https:\/\/muycritico.com.ar\/web\/?p=5474"},"modified":"2026-01-18T19:18:24","modified_gmt":"2026-01-18T22:18:24","slug":"crimen-en-el-tipal-le-negaron-la-domiciliaria-a-figueroa-se-habia-lesionado-jugando-al-rugby-y-lo-tuvieron-que-operar","status":"publish","type":"post","link":"https:\/\/muycritico.com.ar\/web\/?p=5474","title":{"rendered":"CRIMEN EN EL TIPAL: LE NEGARON LA DOMICILIARIA A FIGUEROA, SE HAB\u00cdA LESIONADO JUGANDO AL RUGBY Y LO TUVIERON QUE OPERAR"},"content":{"rendered":"<p><strong>La Sala II del Tribunal de Juicio de Salta, a cargo del juez \u00c1ngel Longarte, rechaz\u00f3 el pedido de prisi\u00f3n domiciliaria formulado por la defensa de Jos\u00e9 Eduardo Figueroa, acusado del femicidio de su pareja Mercedes Kvederas en agosto de 2023 en El Tipal. El magistrado consider\u00f3 que el imputado puede continuar su postoperatorio en la c\u00e1rcel de Villa Las Rosas, desestimando la necesidad de internaci\u00f3n domiciliaria en su residencia del barrio privado.<\/strong><\/p>\n<p><!--more--><\/p>\n<p>El pedido hab\u00eda sido presentado por la defensa de Figueroa luego de que este sufriera una luxofractura en el tobillo izquierdo dentro del penal jugando al rugby. La defensa argument\u00f3 que su estado de salud requer\u00eda un tratamiento especial y solicit\u00f3 su internaci\u00f3n domiciliaria por al menos 15 d\u00edas, bas\u00e1ndose en un certificado m\u00e9dico. Figueroa fue internado el 26 de febrero en el Hospital Privado Tres Cerritos, donde se le realiz\u00f3 una intervenci\u00f3n quir\u00fargica en el tobillo izquierdo.<\/p>\n<p>El juez analiz\u00f3 los informes del Servicio M\u00e9dico Forense del Poder Judicial de Salta y del m\u00e9dico que realiz\u00f3 la intervenci\u00f3n quir\u00fargica. Seg\u00fan el informe del m\u00e9dico Benjam\u00edn Ruiz de los Llanos, jefe del Servicio M\u00e9dico Forense, Figueroa se encuentra estable, sin complicaciones postquir\u00fargicas y en condiciones de realizar su recuperaci\u00f3n en la unidad carcelaria, con las consultas ambulatorias necesarias para su evoluci\u00f3n.<\/p>\n<p>Por su parte, el cirujano Andr\u00e9s Jerez Salazar, quien realiz\u00f3 la operaci\u00f3n, indic\u00f3 que al imputado se le coloc\u00f3 una placa con tornillos y dos arpones en el tobillo. Estim\u00f3 que en 15 d\u00edas la herida cicatrizar\u00eda y en 60 d\u00edas podr\u00eda recuperar la movilidad plena. Destac\u00f3 que los controles pueden realizarse de manera ambulatoria y que no existe un riesgo significativo de infecci\u00f3n o complicaci\u00f3n.<\/p>\n<p>Con base en estos informes, el Tribunal resolvi\u00f3 no hacer lugar al pedido de internaci\u00f3n domiciliaria, ya que no se acredit\u00f3 la necesidad de atenci\u00f3n m\u00e9dica especial que no pudiera ser provista en la c\u00e1rcel. Adem\u00e1s, destac\u00f3 que Figueroa recibe atenci\u00f3n adecuada en la Unidad Carcelaria y que su tratamiento puede ser monitoreado sin inconvenientes.<\/p>\n<p>Desde el inicio, tambi\u00e9n conocida en los pasillos de tribunales como <strong>\u201cla dama de hierro\u201d<\/strong> de la (UFEM), <strong>Luj\u00e1n Sodero Calvet<\/strong>, se opuso categ\u00f3ricamente al pedido de la defensa. En su dictamen, consider\u00f3 improcedente la internaci\u00f3n domiciliaria debido a los graves riesgos procesales que implica. Record\u00f3 que Figueroa est\u00e1 acusado de homicidio doblemente calificado por el v\u00ednculo y por mediar violencia de g\u00e9nero, delitos por los cuales permanece con prisi\u00f3n preventiva.<\/p>\n","protected":false},"excerpt":{"rendered":"<p>La Sala II del Tribunal de Juicio de Salta, a cargo del juez \u00c1ngel Longarte, rechaz\u00f3 el pedido de prisi\u00f3n domiciliaria formulado por la defensa de Jos\u00e9 Eduardo Figueroa, acusado del femicidio de su pareja Mercedes Kvederas en agosto de 2023 en El Tipal. El magistrado consider\u00f3 que el imputado puede continuar su postoperatorio en [&hellip;]<\/p>\n","protected":false},"author":2,"featured_media":5475,"comment_status":"open","ping_status":"closed","sticky":false,"template":"","format":"standard","meta":{"footnotes":""},"categories":[6],"tags":[166,942,943,872],"class_list":["post-5474","post","type-post","status-publish","format-standard","has-post-thumbnail","hentry","category-notas","tag-jose-figueroa","tag-lujan-sodero-calvet","tag-mercedes-kvederas","tag-victor-sacca"],"_links":{"self":[{"href":"https:\/\/muycritico.com.ar\/web\/index.php?rest_route=\/wp\/v2\/posts\/5474","targetHints":{"allow":["GET"]}}],"collection":[{"href":"https:\/\/muycritico.com.ar\/web\/index.php?rest_route=\/wp\/v2\/posts"}],"about":[{"href":"https:\/\/muycritico.com.ar\/web\/index.php?rest_route=\/wp\/v2\/types\/post"}],"author":[{"embeddable":true,"href":"https:\/\/muycritico.com.ar\/web\/index.php?rest_route=\/wp\/v2\/users\/2"}],"replies":[{"embeddable":true,"href":"https:\/\/muycritico.com.ar\/web\/index.php?rest_route=%2Fwp%2Fv2%2Fcomments&post=5474"}],"version-history":[{"count":1,"href":"https:\/\/muycritico.com.ar\/web\/index.php?rest_route=\/wp\/v2\/posts\/5474\/revisions"}],"predecessor-version":[{"id":5476,"href":"https:\/\/muycritico.com.ar\/web\/index.php?rest_route=\/wp\/v2\/posts\/5474\/revisions\/5476"}],"wp:featuredmedia":[{"embeddable":true,"href":"https:\/\/muycritico.com.ar\/web\/index.php?rest_route=\/wp\/v2\/media\/5475"}],"wp:attachment":[{"href":"https:\/\/muycritico.com.ar\/web\/index.php?rest_route=%2Fwp%2Fv2%2Fmedia&parent=5474"}],"wp:term":[{"taxonomy":"category","embeddable":true,"href":"https:\/\/muycritico.com.ar\/web\/index.php?rest_route=%2Fwp%2Fv2%2Fcategories&post=5474"},{"taxonomy":"post_tag","embeddable":true,"href":"https:\/\/muycritico.com.ar\/web\/index.php?rest_route=%2Fwp%2Fv2%2Ftags&post=5474"}],"curies":[{"name":"wp","href":"https:\/\/api.w.org\/{rel}","templated":true}]}}