{"id":5471,"date":"2025-03-11T10:49:50","date_gmt":"2025-03-11T13:49:50","guid":{"rendered":"https:\/\/muycritico.com.ar\/web\/?p=5471"},"modified":"2026-01-18T19:18:24","modified_gmt":"2026-01-18T22:18:24","slug":"obsecuentes-reciben-a-berni-en-el-pj-de-salta","status":"publish","type":"post","link":"https:\/\/muycritico.com.ar\/web\/?p=5471","title":{"rendered":"OBSECUENTES RECIBEN A BERNI EN EL PJ DE SALTA"},"content":{"rendered":"<p><strong>El ex secretario de Seguridad Sergio Berni, actualmente imputado por las irregularidades que tuvieron lugar en el departamento del fiscal Alberto Nisman, luego de que su cad\u00e1ver fuera hallado en el ba\u00f1o de su departamento con un tiro en la cabeza. Justicia investiga esa causa como un homicidio, y en esa escena del crimen Berni estuvo presente enviado por Cristina Fern\u00e1ndez de Kirchner, quien tambi\u00e9n lo envi\u00f3 a intervenir el PJ de Salta. As\u00ed lo recibi\u00f3 una horda de obsecuentes.<\/strong><\/p>\n<p><!--more--><\/p>\n<p>La intervenci\u00f3n del Partido Justicialista de Salta se decidi\u00f3 en la primera reuni\u00f3n del Consejo Nacional partidario presidido por Cristina Fern\u00e1ndez de Kirchner. All\u00ed fueron designados Sergio Berni y Mar\u00eda Luz Alonso como autoridades del PJ de Salta.<\/p>\n<p>Ante esto la diputada nacional y apoderada del Partido Justicialista de Salta, Pamela Calletti, asegur\u00f3 que la movida contra las autoridades salte\u00f1as responde al sector kirchnerista del peronismo y su accionar autoritario. Confirm\u00f3 que buscan revertir judicialmente lo decidido en el Consejo Nacional partidario.<\/p>\n<p>\u201cObviamente rechazamos la intervenci\u00f3n del PJ y hemos formulado una presentaci\u00f3n ante el juzgado federal de Servini de Cubr\u00ed en Capital, que resulta competente, pidiendo una como medida cautelar la suspensi\u00f3n de la supuesta intervenci\u00f3n\u201d, indic\u00f3 Pamela Calletti.<\/p>\n<p><strong>El Oso Leavi entre los obsecuentes<\/strong><\/p>\n<p>\u201cNo tape la foto compa\u00f1ero\u201d, se escuch\u00f3 a uno ante la genuflexi\u00f3n de querer aparecer en la foto con Berni. Todos levantando los dos deditos de la victoria y posando con el entusiasmo de los d\u00edas del \u201cDevotazo\u201d, aunque no todos est\u00e1n contentos con la intervenci\u00f3n de Sergio Berni, la cual no ha sido recibida con entusiasmo por todos los sectores.<\/p>\n<blockquote class=\"instagram-media\" style=\"background: #FFF; border: 0; border-radius: 3px; box-shadow: 0 0 1px 0 rgba(0,0,0,0.5),0 1px 10px 0 rgba(0,0,0,0.15); margin: 1px; max-width: 540px; min-width: 326px; padding: 0; width: calc(100% - 2px);\" data-instgrm-captioned=\"\" data-instgrm-permalink=\"https:\/\/www.instagram.com\/reel\/DHD1mEBxnTF\/?utm_source=ig_embed&amp;utm_campaign=loading\" data-instgrm-version=\"14\">\n<div style=\"padding: 16px;\">\n<p>&nbsp;<\/p>\n<div style=\"display: flex; flex-direction: row; align-items: center;\">\n<div style=\"background-color: #f4f4f4; border-radius: 50%; flex-grow: 0; height: 40px; margin-right: 14px; width: 40px;\"><\/div>\n<div style=\"display: flex; flex-direction: column; flex-grow: 1; justify-content: center;\">\n<div style=\"background-color: #f4f4f4; border-radius: 4px; flex-grow: 0; height: 14px; margin-bottom: 6px; width: 100px;\"><\/div>\n<div style=\"background-color: #f4f4f4; border-radius: 4px; flex-grow: 0; height: 14px; width: 60px;\"><\/div>\n<\/div>\n<\/div>\n<div style=\"padding: 19% 0;\"><\/div>\n<div style=\"display: block; height: 50px; margin: 0 auto 12px; width: 50px;\"><\/div>\n<div style=\"padding-top: 8px;\">\n<div style=\"color: #3897f0; font-family: Arial,sans-serif; font-size: 14px; font-style: normal; font-weight: 550; line-height: 18px;\">Ver esta publicaci\u00f3n en Instagram<\/div>\n<\/div>\n<div style=\"padding: 12.5% 0;\"><\/div>\n<div style=\"display: flex; flex-direction: row; margin-bottom: 14px; align-items: center;\">\n<div>\n<div style=\"background-color: #f4f4f4; border-radius: 50%; height: 12.5px; width: 12.5px; transform: translateX(0px) translateY(7px);\"><\/div>\n<div style=\"background-color: #f4f4f4; height: 12.5px; transform: rotate(-45deg) translateX(3px) translateY(1px); width: 12.5px; flex-grow: 0; margin-right: 14px; margin-left: 2px;\"><\/div>\n<div style=\"background-color: #f4f4f4; border-radius: 50%; height: 12.5px; width: 12.5px; transform: translateX(9px) translateY(-18px);\"><\/div>\n<\/div>\n<div style=\"margin-left: 8px;\">\n<div style=\"background-color: #f4f4f4; border-radius: 50%; flex-grow: 0; height: 20px; width: 20px;\"><\/div>\n<div style=\"width: 0; height: 0; border-top: 2px solid transparent; border-left: 6px solid #f4f4f4; border-bottom: 2px solid transparent; transform: translateX(16px) translateY(-4px) rotate(30deg);\"><\/div>\n<\/div>\n<div style=\"margin-left: auto;\">\n<div style=\"width: 0px; border-top: 8px solid #F4F4F4; border-right: 8px solid transparent; transform: translateY(16px);\"><\/div>\n<div style=\"background-color: #f4f4f4; flex-grow: 0; height: 12px; width: 16px; transform: translateY(-4px);\"><\/div>\n<div style=\"width: 0; height: 0; border-top: 8px solid #F4F4F4; border-left: 8px solid transparent; transform: translateY(-4px) translateX(8px);\"><\/div>\n<\/div>\n<\/div>\n<div style=\"display: flex; flex-direction: column; flex-grow: 1; justify-content: center; margin-bottom: 24px;\">\n<div style=\"background-color: #f4f4f4; border-radius: 4px; flex-grow: 0; height: 14px; margin-bottom: 6px; width: 224px;\"><\/div>\n<div style=\"background-color: #f4f4f4; border-radius: 4px; flex-grow: 0; height: 14px; width: 144px;\"><\/div>\n<\/div>\n<p>&nbsp;<\/p>\n<p style=\"color: #c9c8cd; font-family: Arial,sans-serif; font-size: 14px; line-height: 17px; margin-bottom: 0; margin-top: 8px; overflow: hidden; padding: 8px 0 7px; text-align: center; text-overflow: ellipsis; white-space: nowrap;\"><a style=\"color: #c9c8cd; font-family: Arial,sans-serif; font-size: 14px; font-style: normal; font-weight: normal; line-height: 17px; text-decoration: none;\" href=\"https:\/\/www.instagram.com\/reel\/DHD1mEBxnTF\/?utm_source=ig_embed&amp;utm_campaign=loading\" target=\"_blank\" rel=\"noopener\">Una publicaci\u00f3n compartida por Muy Critico (@muycriticodigital)<\/a><\/p>\n<\/div>\n<\/blockquote>\n<p><script async src=\"\/\/www.instagram.com\/embed.js\"><\/script><\/p>\n<p>Si bien la presencia del senador nacional <strong>Sergio Leavy<\/strong> mostr\u00f3 el apoyo de algunos referentes kirchneristas, otros actores clave del justicialismo provincial se mantienen al margen, generando una clara divisi\u00f3n. Esta fractura dentro del PJ salte\u00f1o podr\u00eda traer consecuencias impredecibles, no solo para las futuras elecciones, sino tambi\u00e9n para la estabilidad del partido.<\/p>\n<p>Este movimiento viene a resolver un problema de fragmentaci\u00f3n dentro del PJ local, pero no sin generar controversia. La resistencia a la intervenci\u00f3n de Sergio Berni refleja una tensi\u00f3n creciente entre los diferentes bloques del peronismo en Salta. Si bien algunos ven en esta decisi\u00f3n una oportunidad para renovar al partido, otros lo perciben como una imposici\u00f3n desde la c\u00fapula nacional que podr\u00eda socavar el poder territorial del peronismo salte\u00f1o.<\/p>\n<p><strong>Divisi\u00f3n entre \u201cK\u201d y anti \u201cK\u201d<\/strong><\/p>\n<p>No todos est\u00e1n de acuerdo con las prerrogativas de la jefa espiritual de la \u201cNaci\u00f3n K\u201d. Las fuerzas locales del peronismo se ven obligadas a tomar una postura, ya sea aline\u00e1ndose con el proyecto de reorganizaci\u00f3n o enfrentando el desaf\u00edo de resistir la decisi\u00f3n impuesta desde Buenos Aires. Este conflicto podr\u00eda marcar un cambio irreversible en la pol\u00edtica interna del partido en la provincia.<\/p>\n<p>Seg\u00fan destaca el portal VOCES CRITICAS, el futuro del Partido Justicialista en Salta depende ahora de c\u00f3mo se manejen las tensiones internas que la intervenci\u00f3n de Sergio Berni ha desatado. Con un panorama incierto, los pr\u00f3ximos pasos del peronismo salte\u00f1o podr\u00edan redefinir el rumbo de la pol\u00edtica provincial en los pr\u00f3ximos a\u00f1os. Mientras tanto, el kirchnerismo sigue observando c\u00f3mo se resuelven los conflictos dentro de la estructura local del PJ.<\/p>\n<p><strong>\u00bfQu\u00e9 hac\u00eda Berni en la escena del crimen de Nisman?<\/strong><\/p>\n<p>El ex secretario de Seguridad de Cristina Fern\u00e1ndez de Kirchner qued\u00f3 imputado en diciembre de 2024 por las irregularidades que tuvieron lugar en el departamento del fiscal Alberto Nisman, luego de que su cad\u00e1ver fuera hallado en el ba\u00f1o de su departamento con un tiro en la cabeza. El 18 de enero se cumplieron 10 a\u00f1os de aquella muerte que la Justicia investiga como un asesinato.<\/p>\n<p>Adem\u00e1s de Berni, tambi\u00e9n fue imputado quien era su mano derecha, Dar\u00edo Ruiz. Ya hab\u00edan sido imputados en el expediente el jefe de la Polic\u00eda Federal, Rom\u00e1n Di Santo, y el ex jefe de la Prefectura, Luis Alberto Heiler. Di Santo present\u00f3 un escrito en donde rechaz\u00f3 las acusaciones y asegur\u00f3 que lleg\u00f3 all\u00ed cuando Berni se encontraba en el lugar.<\/p>\n<p>La decisi\u00f3n fue tomada por el fiscal Eduardo Taiano, a cargo de la investigaci\u00f3n, y presentada ante el juez federal Juli\u00e1n Ercolini.<\/p>\n<p>Desde hace ya varios a\u00f1os la investigaci\u00f3n se concentra en el mundo del espionaje. Es que, para la Justicia, es imposible desentra\u00f1ar la hip\u00f3tesis de su asesinato sin explicar c\u00f3mo se sacudi\u00f3 el tablero de inteligencia con la reconfiguraci\u00f3n de la AFI, la denuncia del fiscal contra la entonces presidenta Cristina Kirchner por el encubrimiento a Ir\u00e1n y los movimientos de esp\u00edas ese fin de semana clave.<\/p>\n<p>Aquella noche Berni, el flamante interventor del PJ de Salta enviado por Cristina Fern\u00e1ndez de Kirchner aquella noche, recibi\u00f3 una treintena de llamadas a su celular de la ex presidenta, esas llamadas, Berni las tendr\u00e1 que explicar tanto como su controversial presencia en la escena del crimen del fiscal que hab\u00eda denunciado a su jefa, la misma que ahora lo envi\u00f3 a intervenir el PJ salte\u00f1o.<\/p>\n","protected":false},"excerpt":{"rendered":"<p>El ex secretario de Seguridad Sergio Berni, actualmente imputado por las irregularidades que tuvieron lugar en el departamento del fiscal Alberto Nisman, luego de que su cad\u00e1ver fuera hallado en el ba\u00f1o de su departamento con un tiro en la cabeza. Justicia investiga esa causa como un homicidio, y en esa escena del crimen Berni [&hellip;]<\/p>\n","protected":false},"author":2,"featured_media":5472,"comment_status":"open","ping_status":"closed","sticky":false,"template":"","format":"standard","meta":{"footnotes":""},"categories":[6],"tags":[941,798,940,872],"class_list":["post-5471","post","type-post","status-publish","format-standard","has-post-thumbnail","hentry","category-notas","tag-pj","tag-sergio-berni","tag-sergio-leavy","tag-victor-sacca"],"_links":{"self":[{"href":"https:\/\/muycritico.com.ar\/web\/index.php?rest_route=\/wp\/v2\/posts\/5471","targetHints":{"allow":["GET"]}}],"collection":[{"href":"https:\/\/muycritico.com.ar\/web\/index.php?rest_route=\/wp\/v2\/posts"}],"about":[{"href":"https:\/\/muycritico.com.ar\/web\/index.php?rest_route=\/wp\/v2\/types\/post"}],"author":[{"embeddable":true,"href":"https:\/\/muycritico.com.ar\/web\/index.php?rest_route=\/wp\/v2\/users\/2"}],"replies":[{"embeddable":true,"href":"https:\/\/muycritico.com.ar\/web\/index.php?rest_route=%2Fwp%2Fv2%2Fcomments&post=5471"}],"version-history":[{"count":1,"href":"https:\/\/muycritico.com.ar\/web\/index.php?rest_route=\/wp\/v2\/posts\/5471\/revisions"}],"predecessor-version":[{"id":5473,"href":"https:\/\/muycritico.com.ar\/web\/index.php?rest_route=\/wp\/v2\/posts\/5471\/revisions\/5473"}],"wp:featuredmedia":[{"embeddable":true,"href":"https:\/\/muycritico.com.ar\/web\/index.php?rest_route=\/wp\/v2\/media\/5472"}],"wp:attachment":[{"href":"https:\/\/muycritico.com.ar\/web\/index.php?rest_route=%2Fwp%2Fv2%2Fmedia&parent=5471"}],"wp:term":[{"taxonomy":"category","embeddable":true,"href":"https:\/\/muycritico.com.ar\/web\/index.php?rest_route=%2Fwp%2Fv2%2Fcategories&post=5471"},{"taxonomy":"post_tag","embeddable":true,"href":"https:\/\/muycritico.com.ar\/web\/index.php?rest_route=%2Fwp%2Fv2%2Ftags&post=5471"}],"curies":[{"name":"wp","href":"https:\/\/api.w.org\/{rel}","templated":true}]}}