{"id":5466,"date":"2025-03-10T22:29:09","date_gmt":"2025-03-11T01:29:09","guid":{"rendered":"https:\/\/muycritico.com.ar\/web\/?p=5466"},"modified":"2026-01-18T19:18:25","modified_gmt":"2026-01-18T22:18:25","slug":"comienza-el-juicio-contra-el-neurocirujano-leopoldo-luque-y-otros-seis-acusados-por-la-muerte-de-diego-maradona","status":"publish","type":"post","link":"https:\/\/muycritico.com.ar\/web\/?p=5466","title":{"rendered":"COMIENZA EL JUICIO CONTRA EL NEUROCIRUJANO LEOPOLDO LUQUE Y OTROS SEIS ACUSADOS POR LA MUERTE DE DIEGO MARADONA"},"content":{"rendered":"<p><strong>El juicio comienza con ocho imputados, siete de los cuales ser\u00e1n juzgados por homicidio simple y falsedad ideol\u00f3gica. El debate se extender\u00e1 al menos hasta mediados de julio y se centrar\u00e1 en el presunto abandono y negligencia m\u00e9dica que habr\u00edan contribuido al fallecimiento del astro. La acusaci\u00f3n sostiene que los profesionales a cargo del tratamiento incumplieron su tarea, agravando el estado de salud de Maradona. Entre las pruebas principales se encuentran la pericia de autopsia y mensajes de WhatsApp que probar\u00edan el conocimiento del deterioro de Maradona y la falta de cuidados m\u00e9dicos para salvarlo. En principio el juicio se extender\u00eda \u2013al menos\u2013 hasta mediados de julio.<\/strong><\/p>\n<p><!--more--><\/p>\n<p>El 25 de noviembre de 2020 mor\u00eda el mejor futbolista de todos los tiempos. Los motivos de su controversial deceso se conocer\u00e1n este martes, cuando comience el juicio, a cuatro a\u00f1os de su fallecimiento. Son ocho los imputados y siete estar\u00e1n en el banquillo de los acusados por los delitos de homicidio simple cometido mediante dolo eventual y falsedad ideol\u00f3gica.<\/p>\n<p>Ser\u00e1n juzgados: el m\u00e9dico <strong>Leopoldo Luciano Luque<\/strong> (40); la psiquiatra <strong>Agustina Cosachov<\/strong> (36); el psic\u00f3logo <strong>Carlos \u00c1ngel D\u00edaz<\/strong> (29); <strong>Nancy Edith Forlini<\/strong> (52), coordinadora de la prestadora m\u00e9dica contratada; <strong>Mariano Ariel Perroni<\/strong> (40), coordinador de Medidom S.R.L.; <strong>Ricardo Omar Almir\u00f3n<\/strong> (38), enfermero; y el m\u00e9dico cl\u00ednico designado para la internaci\u00f3n domiciliaria), <strong>Pedro Pablo Di Spagna<\/strong> (48).<\/p>\n<p>La enfermera Gisela Dahiana Madrid (36), representada por el abogado Rodolfo Baqu\u00e9, ser\u00e1 sometida a un juicio por jurado tal como lo hab\u00eda solicitado su defensa y de acuerdo a lo autorizado por el tribunal.<\/p>\n<p>Seg\u00fan un completo informe publicado por CLARIN, la acusaci\u00f3n est\u00e1 en manos de los fiscales de San Isidro Laura Marina Capra, Patricio Ferrari y Cosme Sebasti\u00e1n Iribarren. Adem\u00e1s hay cinco representates del particular damnificado: Dalma y Giannina Maradona, representadas por Fernando Burlando; Mario Baudry por Ver\u00f3nica Ojeda y Diego Fernando Maradona por; Diego junior (que vive en N\u00e1poles) con el patrocinio de Luis Rey Ram\u00edrez y Mat\u00edas Casanova; y Jana Maradona representada por Gustavo Pascual y Felix Linfante.<\/p>\n<p>Adem\u00e1s las hermanas de Maradona tambi\u00e9n tienen un lugar en la querella y estar\u00e1n representadas por Mat\u00edas Jurado.<\/p>\n<p>El debate deb\u00eda empezar en junio del a\u00f1o pasado pero fue suspendido por pedido de las defensas y el Tribunal Oral en lo Criminal N\u00b0 3 de San Isidro dispuso el arranque para este 11 de marzo.<\/p>\n<p>Seg\u00fan lo publicado por el mencionado medio, este martes no habr\u00e1 testigos citados sino que ser\u00e1 la apertura del juicio con &#8220;los lineamientos de la acusaci\u00f3n y la defensa&#8221; y los alegatos de inicio. Adem\u00e1s de que los imputados escuchar\u00e1n la acusaci\u00f3n fiscal.<\/p>\n<p>Est\u00e1 previsto que las audiencias se realicen tres veces por semana: ser\u00e1 martes, mi\u00e9rcoles y jueves, desde las 9.30 de la ma\u00f1ana, al menos durante esta semana. Existe una solicitud de las partes para que las jornadas se realicen dos veces por semana, algo que a\u00fan no se ha definido.<\/p>\n<p>Los jueces del TOC N\u00b0 3, Maximiliano Savarino (Presidente), Julieta Makintach (Vicepresidenta), y Ver\u00f3nica M. Di Tommaso (Vocal), ser\u00e1n los encargados de decidir la suerte de los siete imputados que llegan a este juicio en libertad y que podr\u00edan recibir penas de 8 a 25 a\u00f1os de c\u00e1rcel.<\/p>\n<p>De acuerdo a la acusaci\u00f3n fiscal, la muerte de Maradona se podr\u00eda haber evitado pero los imputados &#8220;infringieron los deberes que cada uno ten\u00eda a su cargo colocando o colaborando a colocar un c\u00famulo de factores y circunstancias notoriamente burdas, incrementando todos los antes nombrados el riesgo por fuera del margen permitido ocasionando el fatal desenlace del paciente que, de lo contrario, hubiese podido evitarse&#8221;.<\/p>\n<figure id=\"attachment_5469\" aria-describedby=\"caption-attachment-5469\" style=\"width: 1256px\" class=\"wp-caption aligncenter\"><img loading=\"lazy\" decoding=\"async\" class=\"wp-image-5469 size-full\" src=\"https:\/\/muycritico.com.ar\/web\/wp-content\/uploads\/2025\/03\/MARADONA-2.jpg\" alt=\"\" width=\"1256\" height=\"620\" srcset=\"https:\/\/muycritico.com.ar\/web\/wp-content\/uploads\/2025\/03\/MARADONA-2.jpg 1256w, https:\/\/muycritico.com.ar\/web\/wp-content\/uploads\/2025\/03\/MARADONA-2-768x379.jpg 768w, https:\/\/muycritico.com.ar\/web\/wp-content\/uploads\/2025\/03\/MARADONA-2-324x160.jpg 324w, https:\/\/muycritico.com.ar\/web\/wp-content\/uploads\/2025\/03\/MARADONA-2-648x320.jpg 648w\" sizes=\"auto, (max-width: 1256px) 100vw, 1256px\" \/><figcaption id=\"caption-attachment-5469\" class=\"wp-caption-text\">Foto: AP<\/figcaption><\/figure>\n<p><strong>La muerte que conmocion\u00f3 al mundo<\/strong><\/p>\n<p>Diego Maradona hab\u00eda sido internado en una cl\u00ednica de La Plata el 2 de noviembre de 2020. Presentaba un cuadro de anemia y deshidrataci\u00f3n. Un d\u00eda despu\u00e9s, fue trasladado a un sanatorio de la localidad bonaerense de Olivos, donde fue operado de un hematoma subdural.<\/p>\n<p>El 11 de noviembre de ese a\u00f1o recibi\u00f3 el alta hospitalaria y se traslad\u00f3 a una casa en el barrio privado San Andr\u00e9s, en Tigre. Seg\u00fan informaban, en este lugar tendr\u00eda la supervisi\u00f3n de un equipo de profesionales de la salud para monitorear su estado de salud.<\/p>\n<p>Esos supuestos cuidados son los que se debatir\u00e1n en el juicio que empieza ma\u00f1ana en los Tribunales de San Isidro.<\/p>\n<p>Es que Maradona muri\u00f3 el 25 de noviembre de 2020 y alrededor de su muerte se tejieron acusaciones y cuestionamientos de la familia.<\/p>\n<p>De acuerdo a la acusaci\u00f3n, los profesionales a cargo del tratamiento incumplieron su tarea, lo que agrav\u00f3 el estado de salud y lo expuso al desenlace fatal.<\/p>\n<p>&#8220;Habi\u00e9ndose representado el resultado fatal ante el grave cuadro de salud que evidenciaba la v\u00edctima y que era conocido al menos por todos los profesionales de la salud ejecutaron acciones contrarias al arte de la salud y omitieron realizar los actos espec\u00edficos que cada uno deb\u00eda desarrollar en torno a su funci\u00f3n, agravando el cuadro de salud de Diego Armando Maradona, coloc\u00e1ndolo en una situaci\u00f3n de desamparo y abandon\u00e1ndolo a su suerte, ya que provocaron el deceso de Diego Armando Maradona el d\u00eda 25 de Noviembre de 2020 a las 12:30 producto de una insuficiencia respiratoria y paro card\u00edaco&#8221;, sintetiza la acusaci\u00f3n contra los ocho imputados, siete de los cuales ser\u00e1n juzgados desde esta semana.<\/p>\n<p>Entre los antecedentes m\u00e9dicos que padec\u00eda el 10, la fiscal\u00eda enumer\u00f3: enfermedad renal cr\u00f3nica, enfermedad hep\u00e1tica preexistente -cirrosis dual-, insuficiencia card\u00edaca congestiva, deterioro neurol\u00f3gico cr\u00f3nico, adicci\u00f3n al alcohol y psicof\u00e1rmacos, probables enfermedades psiqui\u00e1tricas sumado al cuadro de abstinencia alcoh\u00f3lica.<\/p>\n<p><strong>Pruebas principales<\/strong><\/p>\n<p>Entre las pruenas principales que la fiscal\u00eda expuso para llegar a juicio est\u00e1n la pericia de autopsia y el an\u00e1lisis de una junta m\u00e9dica interdisciplinaria que, entre otras cosas, concluy\u00f3: &#8220;El actuar del equipo de salud a cargo que atend\u00eda a Diego Armando Maradona fue inadecuado, deficiente y temerario&#8221;.<\/p>\n<p>Desde el fallecimiento, su entorno familiar &#8211; sobre todo sus hijas Dalma y Gianinna &#8211; sostiene que Maradona tuvo &#8220;un severo y deliberado abandono&#8221; por parte de los profesionales imputados.<\/p>\n<p>Durante la investigaci\u00f3n trascendieron mensajes de WhatsApp entre los profesionales que ser\u00e1n expuestos durante el debate y que probar\u00edan el conocimiento del deterioro de Maradona durante las horas previas a su muerte. y la falta de cuidados m\u00e9dicos para salvarlo.<\/p>\n<p>CLARIN\/MG<\/p>\n","protected":false},"excerpt":{"rendered":"<p>El juicio comienza con ocho imputados, siete de los cuales ser\u00e1n juzgados por homicidio simple y falsedad ideol\u00f3gica. El debate se extender\u00e1 al menos hasta mediados de julio y se centrar\u00e1 en el presunto abandono y negligencia m\u00e9dica que habr\u00edan contribuido al fallecimiento del astro. La acusaci\u00f3n sostiene que los profesionales a cargo del tratamiento [&hellip;]<\/p>\n","protected":false},"author":2,"featured_media":5467,"comment_status":"open","ping_status":"closed","sticky":false,"template":"","format":"standard","meta":{"footnotes":""},"categories":[6],"tags":[934,935,933,937,936,939,938,872],"class_list":["post-5466","post","type-post","status-publish","format-standard","has-post-thumbnail","hentry","category-notas","tag-agustina-cosachov","tag-carlos-angel-diaz","tag-leopoldo-luciano-luque","tag-mariano-ariel-perroni","tag-nancy-edith-forlini","tag-pedro-pablo-di-spagna","tag-ricardo-omar-almiron","tag-victor-sacca"],"_links":{"self":[{"href":"https:\/\/muycritico.com.ar\/web\/index.php?rest_route=\/wp\/v2\/posts\/5466","targetHints":{"allow":["GET"]}}],"collection":[{"href":"https:\/\/muycritico.com.ar\/web\/index.php?rest_route=\/wp\/v2\/posts"}],"about":[{"href":"https:\/\/muycritico.com.ar\/web\/index.php?rest_route=\/wp\/v2\/types\/post"}],"author":[{"embeddable":true,"href":"https:\/\/muycritico.com.ar\/web\/index.php?rest_route=\/wp\/v2\/users\/2"}],"replies":[{"embeddable":true,"href":"https:\/\/muycritico.com.ar\/web\/index.php?rest_route=%2Fwp%2Fv2%2Fcomments&post=5466"}],"version-history":[{"count":1,"href":"https:\/\/muycritico.com.ar\/web\/index.php?rest_route=\/wp\/v2\/posts\/5466\/revisions"}],"predecessor-version":[{"id":5470,"href":"https:\/\/muycritico.com.ar\/web\/index.php?rest_route=\/wp\/v2\/posts\/5466\/revisions\/5470"}],"wp:featuredmedia":[{"embeddable":true,"href":"https:\/\/muycritico.com.ar\/web\/index.php?rest_route=\/wp\/v2\/media\/5467"}],"wp:attachment":[{"href":"https:\/\/muycritico.com.ar\/web\/index.php?rest_route=%2Fwp%2Fv2%2Fmedia&parent=5466"}],"wp:term":[{"taxonomy":"category","embeddable":true,"href":"https:\/\/muycritico.com.ar\/web\/index.php?rest_route=%2Fwp%2Fv2%2Fcategories&post=5466"},{"taxonomy":"post_tag","embeddable":true,"href":"https:\/\/muycritico.com.ar\/web\/index.php?rest_route=%2Fwp%2Fv2%2Ftags&post=5466"}],"curies":[{"name":"wp","href":"https:\/\/api.w.org\/{rel}","templated":true}]}}