{"id":5463,"date":"2025-03-10T21:55:36","date_gmt":"2025-03-11T00:55:36","guid":{"rendered":"https:\/\/muycritico.com.ar\/web\/?p=5463"},"modified":"2026-01-18T19:18:25","modified_gmt":"2026-01-18T22:18:25","slug":"comenzaron-las-obras-de-la-ultima-etapa-del-paseo-de-la-fe","status":"publish","type":"post","link":"https:\/\/muycritico.com.ar\/web\/?p=5463","title":{"rendered":"COMENZARON LAS OBRAS DE LA \u00daLTIMA ETAPA DEL PASEO DE LA FE"},"content":{"rendered":"<p><strong>Los trabajos se efect\u00faan en De\u00e1n Funes entre Espa\u00f1a y Alvarado. Se realizar\u00e1 el ensanchamiento de la calzada, adoquinado, ampliaci\u00f3n de veredas y nuevos desag\u00fces. Habr\u00e1 cortes de tr\u00e1nsito y filtros vehiculares en horarios pico.<\/strong><\/p>\n<p><!--more--><\/p>\n<p>Este lunes 10 de marzo iniciaron las obras de la \u00faltima etapa del Paseo de la Fe. Las tareas se llevar\u00e1n a cabo en calle De\u00e1n Funes entre Espa\u00f1a y Alvarado.<\/p>\n<p>En el lugar se realizar\u00e1 el adoquinado y ensanchamiento de la calzada. Adem\u00e1s, se ampliar\u00e1n las veredas, se cambiar\u00e1n ca\u00f1er\u00edas, cloacas y se instalar\u00e1n nuevos desag\u00fces pluviales.<\/p>\n<p><iframe loading=\"lazy\" title=\"Comenzaron las obras de la \u00faltima etapa del Paseo de la Fe\" width=\"696\" height=\"392\" src=\"https:\/\/www.youtube.com\/embed\/jpb_y8rXQmw?feature=oembed\" frameborder=\"0\" allow=\"accelerometer; autoplay; clipboard-write; encrypted-media; gyroscope; picture-in-picture; web-share\" referrerpolicy=\"strict-origin-when-cross-origin\" allowfullscreen><\/iframe><\/p>\n<p>Al respecto, el coordinador t\u00e9cnico de la Secretar\u00eda de Obras P\u00fablicas, Carlos Martearena, explic\u00f3: \u00abDurante la primera etapa se trabajar\u00e1 en las calzadas. Eso nos va a llevar entre 60 y 80 d\u00edas. Pedimos a quienes circulan por De\u00e1n Funes, evitar llegar hasta calle Espa\u00f1a. Tambi\u00e9n tratar de evitar las calles Espa\u00f1a y Caseros que tendr\u00e1n una afluencia vehicular intensa\u00bb.<\/p>\n<p>Personal de Tr\u00e1nsito municipal estar\u00e1 en la zona efectuando los desv\u00edos vehiculares correspondientes. En la intersecci\u00f3n de De\u00e1n Funes y Belgrano habr\u00e1 un corte total desde el inicio hasta la finalizaci\u00f3n de la obra. Por otra parte, habr\u00e1 filtros vehiculares que se instalar\u00e1n en el horario de entrada y salida de los establecimientos educativos en calles Espa\u00f1a y Zuvir\u00eda. Los mismos ser\u00e1n de 7 a 8.30; de 12.30 a 14 y de 17.30 a 18.30, de lunes a viernes.<\/p>\n<p>Se solicita a los conductores utilizar v\u00edas alternativas para evitar congestionamientos en la zona en la que se est\u00e1n efectuando las tareas.<\/p>\n","protected":false},"excerpt":{"rendered":"<p>Los trabajos se efect\u00faan en De\u00e1n Funes entre Espa\u00f1a y Alvarado. Se realizar\u00e1 el ensanchamiento de la calzada, adoquinado, ampliaci\u00f3n de veredas y nuevos desag\u00fces. Habr\u00e1 cortes de tr\u00e1nsito y filtros vehiculares en horarios pico.<\/p>\n","protected":false},"author":2,"featured_media":5464,"comment_status":"open","ping_status":"closed","sticky":false,"template":"","format":"standard","meta":{"footnotes":""},"categories":[6],"tags":[872],"class_list":["post-5463","post","type-post","status-publish","format-standard","has-post-thumbnail","hentry","category-notas","tag-victor-sacca"],"_links":{"self":[{"href":"https:\/\/muycritico.com.ar\/web\/index.php?rest_route=\/wp\/v2\/posts\/5463","targetHints":{"allow":["GET"]}}],"collection":[{"href":"https:\/\/muycritico.com.ar\/web\/index.php?rest_route=\/wp\/v2\/posts"}],"about":[{"href":"https:\/\/muycritico.com.ar\/web\/index.php?rest_route=\/wp\/v2\/types\/post"}],"author":[{"embeddable":true,"href":"https:\/\/muycritico.com.ar\/web\/index.php?rest_route=\/wp\/v2\/users\/2"}],"replies":[{"embeddable":true,"href":"https:\/\/muycritico.com.ar\/web\/index.php?rest_route=%2Fwp%2Fv2%2Fcomments&post=5463"}],"version-history":[{"count":1,"href":"https:\/\/muycritico.com.ar\/web\/index.php?rest_route=\/wp\/v2\/posts\/5463\/revisions"}],"predecessor-version":[{"id":5465,"href":"https:\/\/muycritico.com.ar\/web\/index.php?rest_route=\/wp\/v2\/posts\/5463\/revisions\/5465"}],"wp:featuredmedia":[{"embeddable":true,"href":"https:\/\/muycritico.com.ar\/web\/index.php?rest_route=\/wp\/v2\/media\/5464"}],"wp:attachment":[{"href":"https:\/\/muycritico.com.ar\/web\/index.php?rest_route=%2Fwp%2Fv2%2Fmedia&parent=5463"}],"wp:term":[{"taxonomy":"category","embeddable":true,"href":"https:\/\/muycritico.com.ar\/web\/index.php?rest_route=%2Fwp%2Fv2%2Fcategories&post=5463"},{"taxonomy":"post_tag","embeddable":true,"href":"https:\/\/muycritico.com.ar\/web\/index.php?rest_route=%2Fwp%2Fv2%2Ftags&post=5463"}],"curies":[{"name":"wp","href":"https:\/\/api.w.org\/{rel}","templated":true}]}}