{"id":5431,"date":"2025-03-09T14:02:16","date_gmt":"2025-03-09T17:02:16","guid":{"rendered":"https:\/\/muycritico.com.ar\/web\/?p=5431"},"modified":"2026-01-18T19:18:26","modified_gmt":"2026-01-18T22:18:26","slug":"la-gran-mayoria-de-los-choferes-son-rehenes-de-un-sistema-que-impide-negociar-condiciones-justas-y-tener-autonomia-de-trabajo","status":"publish","type":"post","link":"https:\/\/muycritico.com.ar\/web\/?p=5431","title":{"rendered":"\u201cLA GRAN MAYOR\u00cdA DE LOS CHOFERES SON REHENES DE UN SISTEMA QUE IMPIDE NEGOCIAR CONDICIONES JUSTAS Y TENER AUTONOM\u00cdA DE TRABAJO\u201d"},"content":{"rendered":"<p><strong>Lo dijo el intendente durante su discurso en apertura de sesiones ordinarias del Concejo Deliberante. Adem\u00e1s el jefe comunal agreg\u00f3 que \u201clas plataformas digitales como Uber, Cabify, Didi y otras ya son una realidad en el todas las grandes ciudades como las nuestras\u201d.<\/strong><\/p>\n<p><!--more--><\/p>\n<p>La ciudad de Salta legalizar\u00e1 las plataformas digitales de transporte. As\u00ed lo dio a entender el intendente Emiliano Durand, quien dijo que enviar\u00e1 un proyecto en tal sentido para que sea tratado por el Concejo Deliberante.<\/p>\n<p>\u201cHoy nos encontramos con una realidad que no podemos ignorar: el transporte tradicional tal como lo conocemos ha quedado obsoleto. El sistema de taxis y remises ha perdido eficiencia quedando en clara desventaja frente a nuevas alternativas de transporte\u201d, indic\u00f3.<\/p>\n<p>\u201cPersonalmente creo en la modernidad y creo en la innovaci\u00f3n, y en el caso de los remises la situaci\u00f3n es a\u00fan m\u00e1s compleja. La gran mayor\u00eda de los choferes son rehenes de un sistema que impide negociar condiciones justas y tener autonom\u00eda de trabajo\u201d, manifest\u00f3 el intendente en una cr\u00edtica al sistema actual de transporte en Salta.<\/p>\n<blockquote class=\"instagram-media\" style=\"background: #FFF; border: 0; border-radius: 3px; box-shadow: 0 0 1px 0 rgba(0,0,0,0.5),0 1px 10px 0 rgba(0,0,0,0.15); margin: 1px; max-width: 540px; min-width: 326px; padding: 0; width: calc(100% - 2px);\" data-instgrm-captioned=\"\" data-instgrm-permalink=\"https:\/\/www.instagram.com\/reel\/DG_DpCuxsN1\/?utm_source=ig_embed&amp;utm_campaign=loading\" data-instgrm-version=\"14\">\n<div style=\"padding: 16px;\">\n<p>&nbsp;<\/p>\n<div style=\"display: flex; flex-direction: row; align-items: center;\">\n<div style=\"background-color: #f4f4f4; border-radius: 50%; flex-grow: 0; height: 40px; margin-right: 14px; width: 40px;\"><\/div>\n<div style=\"display: flex; flex-direction: column; flex-grow: 1; justify-content: center;\">\n<div style=\"background-color: #f4f4f4; border-radius: 4px; flex-grow: 0; height: 14px; margin-bottom: 6px; width: 100px;\"><\/div>\n<div style=\"background-color: #f4f4f4; border-radius: 4px; flex-grow: 0; height: 14px; width: 60px;\"><\/div>\n<\/div>\n<\/div>\n<div style=\"padding: 19% 0;\"><\/div>\n<div style=\"display: block; height: 50px; margin: 0 auto 12px; width: 50px;\"><\/div>\n<div style=\"padding-top: 8px;\">\n<div style=\"color: #3897f0; font-family: Arial,sans-serif; font-size: 14px; font-style: normal; font-weight: 550; line-height: 18px;\">Ver esta publicaci\u00f3n en Instagram<\/div>\n<\/div>\n<div style=\"padding: 12.5% 0;\"><\/div>\n<div style=\"display: flex; flex-direction: row; margin-bottom: 14px; align-items: center;\">\n<div>\n<div style=\"background-color: #f4f4f4; border-radius: 50%; height: 12.5px; width: 12.5px; transform: translateX(0px) translateY(7px);\"><\/div>\n<div style=\"background-color: #f4f4f4; height: 12.5px; transform: rotate(-45deg) translateX(3px) translateY(1px); width: 12.5px; flex-grow: 0; margin-right: 14px; margin-left: 2px;\"><\/div>\n<div style=\"background-color: #f4f4f4; border-radius: 50%; height: 12.5px; width: 12.5px; transform: translateX(9px) translateY(-18px);\"><\/div>\n<\/div>\n<div style=\"margin-left: 8px;\">\n<div style=\"background-color: #f4f4f4; border-radius: 50%; flex-grow: 0; height: 20px; width: 20px;\"><\/div>\n<div style=\"width: 0; height: 0; border-top: 2px solid transparent; border-left: 6px solid #f4f4f4; border-bottom: 2px solid transparent; transform: translateX(16px) translateY(-4px) rotate(30deg);\"><\/div>\n<\/div>\n<div style=\"margin-left: auto;\">\n<div style=\"width: 0px; border-top: 8px solid #F4F4F4; border-right: 8px solid transparent; transform: translateY(16px);\"><\/div>\n<div style=\"background-color: #f4f4f4; flex-grow: 0; height: 12px; width: 16px; transform: translateY(-4px);\"><\/div>\n<div style=\"width: 0; height: 0; border-top: 8px solid #F4F4F4; border-left: 8px solid transparent; transform: translateY(-4px) translateX(8px);\"><\/div>\n<\/div>\n<\/div>\n<div style=\"display: flex; flex-direction: column; flex-grow: 1; justify-content: center; margin-bottom: 24px;\">\n<div style=\"background-color: #f4f4f4; border-radius: 4px; flex-grow: 0; height: 14px; margin-bottom: 6px; width: 224px;\"><\/div>\n<div style=\"background-color: #f4f4f4; border-radius: 4px; flex-grow: 0; height: 14px; width: 144px;\"><\/div>\n<\/div>\n<p>&nbsp;<\/p>\n<p style=\"color: #c9c8cd; font-family: Arial,sans-serif; font-size: 14px; line-height: 17px; margin-bottom: 0; margin-top: 8px; overflow: hidden; padding: 8px 0 7px; text-align: center; text-overflow: ellipsis; white-space: nowrap;\"><a style=\"color: #c9c8cd; font-family: Arial,sans-serif; font-size: 14px; font-style: normal; font-weight: normal; line-height: 17px; text-decoration: none;\" href=\"https:\/\/www.instagram.com\/reel\/DG_DpCuxsN1\/?utm_source=ig_embed&amp;utm_campaign=loading\" target=\"_blank\" rel=\"noopener\">Una publicaci\u00f3n compartida por Muy Critico (@muycriticodigital)<\/a><\/p>\n<\/div>\n<\/blockquote>\n<p><script async src=\"\/\/www.instagram.com\/embed.js\"><\/script><\/p>\n<p><strong>Uber, Cabify, Didi\u2026 y la lluvia<\/strong><\/p>\n<p>Cabe recordar que cada vez que se producen precipitaciones en Salta conseguir un remis o taxi se ha convertido en una odisea. Un lector de MUY CRITICO relat\u00f3 que durante el fin \u00faltimo fin de semana de febrero, intent\u00f3 pedir un remis y la respuesta fue: \u201cpor razones clim\u00e1ticas vamos a suspender el servicio\u201d.<\/p>\n<p>En sinton\u00eda con esa y muchas otras situaciones el intendente indic\u00f3 que \u201cpor otro lado las plataformas digitales como Uber, Cabify, Didi y otras ya son una realidad en el todas las grandes ciudades como las nuestras. Los ciudadanos, los usuarios ya las eligen y son ellos quienes imponen esta modalidad\u201d.<\/p>\n<p>Por ultimo Durand asegur\u00f3 que \u201cla legalizaci\u00f3n de estas plataformas es el paso necesario para adaptarnos y hoy esa es nuestra prioridad\u201d.<\/p>\n","protected":false},"excerpt":{"rendered":"<p>Lo dijo el intendente durante su discurso en apertura de sesiones ordinarias del Concejo Deliberante. Adem\u00e1s el jefe comunal agreg\u00f3 que \u201clas plataformas digitales como Uber, Cabify, Didi y otras ya son una realidad en el todas las grandes ciudades como las nuestras\u201d.<\/p>\n","protected":false},"author":2,"featured_media":5432,"comment_status":"open","ping_status":"closed","sticky":false,"template":"","format":"standard","meta":{"footnotes":""},"categories":[6],"tags":[872],"class_list":["post-5431","post","type-post","status-publish","format-standard","has-post-thumbnail","hentry","category-notas","tag-victor-sacca"],"_links":{"self":[{"href":"https:\/\/muycritico.com.ar\/web\/index.php?rest_route=\/wp\/v2\/posts\/5431","targetHints":{"allow":["GET"]}}],"collection":[{"href":"https:\/\/muycritico.com.ar\/web\/index.php?rest_route=\/wp\/v2\/posts"}],"about":[{"href":"https:\/\/muycritico.com.ar\/web\/index.php?rest_route=\/wp\/v2\/types\/post"}],"author":[{"embeddable":true,"href":"https:\/\/muycritico.com.ar\/web\/index.php?rest_route=\/wp\/v2\/users\/2"}],"replies":[{"embeddable":true,"href":"https:\/\/muycritico.com.ar\/web\/index.php?rest_route=%2Fwp%2Fv2%2Fcomments&post=5431"}],"version-history":[{"count":1,"href":"https:\/\/muycritico.com.ar\/web\/index.php?rest_route=\/wp\/v2\/posts\/5431\/revisions"}],"predecessor-version":[{"id":5433,"href":"https:\/\/muycritico.com.ar\/web\/index.php?rest_route=\/wp\/v2\/posts\/5431\/revisions\/5433"}],"wp:featuredmedia":[{"embeddable":true,"href":"https:\/\/muycritico.com.ar\/web\/index.php?rest_route=\/wp\/v2\/media\/5432"}],"wp:attachment":[{"href":"https:\/\/muycritico.com.ar\/web\/index.php?rest_route=%2Fwp%2Fv2%2Fmedia&parent=5431"}],"wp:term":[{"taxonomy":"category","embeddable":true,"href":"https:\/\/muycritico.com.ar\/web\/index.php?rest_route=%2Fwp%2Fv2%2Fcategories&post=5431"},{"taxonomy":"post_tag","embeddable":true,"href":"https:\/\/muycritico.com.ar\/web\/index.php?rest_route=%2Fwp%2Fv2%2Ftags&post=5431"}],"curies":[{"name":"wp","href":"https:\/\/api.w.org\/{rel}","templated":true}]}}