{"id":5422,"date":"2025-03-08T21:39:53","date_gmt":"2025-03-09T00:39:53","guid":{"rendered":"https:\/\/muycritico.com.ar\/web\/?p=5422"},"modified":"2026-01-18T19:18:26","modified_gmt":"2026-01-18T22:18:26","slug":"el-gobierno-provincial-continua-con-la-asistencia-a-los-daminificados-por-el-temporal","status":"publish","type":"post","link":"https:\/\/muycritico.com.ar\/web\/?p=5422","title":{"rendered":"EL GOBIERNO PROVINCIAL CONTINUA CON LA ASISTENCIA A LOS DAMINIFICADOS POR EL TEMPORAL"},"content":{"rendered":"<p><strong>Tras las fuertes tormentas de los \u00faltimos d\u00edas el ministerio de desarrollo social coordin\u00f3 una asistencia a\u00e9rea urgente para Ingeniero Mauri, San Bernardo de la Zorra, Gobernador Sol\u00e1 y los parajes de Campo Quijano comprendidos en los kil\u00f3metros 50 al 70 de la ruta Nacional 51.<\/strong><\/p>\n<p><!--more--><\/p>\n<p>Se realiz\u00f3 la entrega de art\u00edculos de primera necesidad como agua, alimentos, pa\u00f1ales, frazadas, adem\u00e1s de camas a las familias damnificadas. Las mismas se hicieron mediante dos vuelos, ya que es imposible v\u00eda terrestre debido a que la crecida de las corrientes de los r\u00edos cort\u00f3 las rutas de la zona.<\/p>\n<p>El gobernador de la provincia, Gustavo Saenz, junto a todo el equipo del ministro Mario Mimessi contin\u00faan con el trabajo articulado con cada municipio para poder llevar toda la ayuda necesaria y posible a cada uno de los salte\u00f1os que ha sufrido tras este temporal.<\/p>\n<p>Las inclemencias clim\u00e1ticas continuaran seg\u00fan el servicio meteorol\u00f3gico nacional, por lo cual los recursos seguir\u00e1n llegando v\u00eda \u00e1rea, hasta que se pueda complementar v\u00eda terrestre. Est\u00e1 previsto que cuando esto sea posible se realice la entrega de chapas y otros materiales para las viviendas que sufrieron consecuencias.<\/p>\n<p><img loading=\"lazy\" decoding=\"async\" class=\"aligncenter size-full wp-image-5424\" src=\"https:\/\/muycritico.com.ar\/web\/wp-content\/uploads\/2025\/03\/DAMNIFICADOS3.jpg\" alt=\"\" width=\"900\" height=\"1598\" srcset=\"https:\/\/muycritico.com.ar\/web\/wp-content\/uploads\/2025\/03\/DAMNIFICADOS3.jpg 900w, https:\/\/muycritico.com.ar\/web\/wp-content\/uploads\/2025\/03\/DAMNIFICADOS3-768x1364.jpg 768w, https:\/\/muycritico.com.ar\/web\/wp-content\/uploads\/2025\/03\/DAMNIFICADOS3-865x1536.jpg 865w\" sizes=\"auto, (max-width: 900px) 100vw, 900px\" \/><\/p>\n","protected":false},"excerpt":{"rendered":"<p>Tras las fuertes tormentas de los \u00faltimos d\u00edas el ministerio de desarrollo social coordin\u00f3 una asistencia a\u00e9rea urgente para Ingeniero Mauri, San Bernardo de la Zorra, Gobernador Sol\u00e1 y los parajes de Campo Quijano comprendidos en los kil\u00f3metros 50 al 70 de la ruta Nacional 51.<\/p>\n","protected":false},"author":2,"featured_media":5423,"comment_status":"open","ping_status":"closed","sticky":false,"template":"","format":"standard","meta":{"footnotes":""},"categories":[6],"tags":[872],"class_list":["post-5422","post","type-post","status-publish","format-standard","has-post-thumbnail","hentry","category-notas","tag-victor-sacca"],"_links":{"self":[{"href":"https:\/\/muycritico.com.ar\/web\/index.php?rest_route=\/wp\/v2\/posts\/5422","targetHints":{"allow":["GET"]}}],"collection":[{"href":"https:\/\/muycritico.com.ar\/web\/index.php?rest_route=\/wp\/v2\/posts"}],"about":[{"href":"https:\/\/muycritico.com.ar\/web\/index.php?rest_route=\/wp\/v2\/types\/post"}],"author":[{"embeddable":true,"href":"https:\/\/muycritico.com.ar\/web\/index.php?rest_route=\/wp\/v2\/users\/2"}],"replies":[{"embeddable":true,"href":"https:\/\/muycritico.com.ar\/web\/index.php?rest_route=%2Fwp%2Fv2%2Fcomments&post=5422"}],"version-history":[{"count":1,"href":"https:\/\/muycritico.com.ar\/web\/index.php?rest_route=\/wp\/v2\/posts\/5422\/revisions"}],"predecessor-version":[{"id":5425,"href":"https:\/\/muycritico.com.ar\/web\/index.php?rest_route=\/wp\/v2\/posts\/5422\/revisions\/5425"}],"wp:featuredmedia":[{"embeddable":true,"href":"https:\/\/muycritico.com.ar\/web\/index.php?rest_route=\/wp\/v2\/media\/5423"}],"wp:attachment":[{"href":"https:\/\/muycritico.com.ar\/web\/index.php?rest_route=%2Fwp%2Fv2%2Fmedia&parent=5422"}],"wp:term":[{"taxonomy":"category","embeddable":true,"href":"https:\/\/muycritico.com.ar\/web\/index.php?rest_route=%2Fwp%2Fv2%2Fcategories&post=5422"},{"taxonomy":"post_tag","embeddable":true,"href":"https:\/\/muycritico.com.ar\/web\/index.php?rest_route=%2Fwp%2Fv2%2Ftags&post=5422"}],"curies":[{"name":"wp","href":"https:\/\/api.w.org\/{rel}","templated":true}]}}