{"id":5305,"date":"2025-03-01T19:39:13","date_gmt":"2025-03-01T22:39:13","guid":{"rendered":"https:\/\/muycritico.com.ar\/web\/?p=5305"},"modified":"2026-01-18T19:18:29","modified_gmt":"2026-01-18T22:18:29","slug":"la-municipalidad-intervino-un-puesto-de-venta-de-animales-en-solidaridad","status":"publish","type":"post","link":"https:\/\/muycritico.com.ar\/web\/?p=5305","title":{"rendered":"LA MUNICIPALIDAD INTERVINO UN PUESTO DE VENTA DE ANIMALES EN SOLIDARIDAD"},"content":{"rendered":"<p><strong>Los vecinos denunciaron que una mujer comercializaba animales en la feria del barrio, incumpliendo de este modo la Ordenanza 3880. Se secuestraron 7 animales entre cobayos, conejos y pollitos, que fueron enviados a un centro veterinario.<\/strong><\/p>\n<p><!--more--><\/p>\n<p>Esta tarde, en un operativo sorpresa a cargo de la Patrulla Ambiental, la Municipalidad de Salta intervino un puesto de venta de animales en barrio Solidaridad.<\/p>\n<p>Tras las denuncias de los vecinos, se procedi\u00f3 a la intervenci\u00f3n del puesto que era manejado por una mujer que comercializaba animales incumpliendo la Ordenanza 3880.<\/p>\n<p>Se secuestraron 7 animalitos entre cobayos, conejos y pollitos que se encontraban en condiciones de hacinamiento, en jaulas sin bandejas de contenci\u00f3n para las heces, facilitando la emanaci\u00f3n de malos olores y por ende generaban un peligro para la salud p\u00fablica por la proximidad a puestos de venta de frutas, comidas y ropa.<\/p>\n<p>\u201cLabramos un acta de infracci\u00f3n apenas acudimos al lugar. Esto generaba un riesgo no solo para los animales sino tambi\u00e9n para la salud p\u00fablica\u201d, dijo Juan Farf\u00e1n, director de la Patrulla Ambiental.<\/p>\n<p>Por parte de Polic\u00eda Rural se dio intervenci\u00f3n a la fiscal\u00eda de turno, que orden\u00f3 el secuestro de los animales, por las condiciones en las que se encontraban. Los mismos fueron trasladados a un centro veterinario para el chequeo del estado de salud.<\/p>\n<p><iframe loading=\"lazy\" title=\"La Municipalidad intervino un puesto de ventas de animales en Solidaridad\" width=\"696\" height=\"392\" src=\"https:\/\/www.youtube.com\/embed\/ZXDvZa06F1s?feature=oembed\" frameborder=\"0\" allow=\"accelerometer; autoplay; clipboard-write; encrypted-media; gyroscope; picture-in-picture; web-share\" referrerpolicy=\"strict-origin-when-cross-origin\" allowfullscreen><\/iframe><\/p>\n","protected":false},"excerpt":{"rendered":"<p>Los vecinos denunciaron que una mujer comercializaba animales en la feria del barrio, incumpliendo de este modo la Ordenanza 3880. Se secuestraron 7 animales entre cobayos, conejos y pollitos, que fueron enviados a un centro veterinario.<\/p>\n","protected":false},"author":2,"featured_media":5306,"comment_status":"open","ping_status":"closed","sticky":false,"template":"","format":"standard","meta":{"footnotes":""},"categories":[6],"tags":[872],"class_list":["post-5305","post","type-post","status-publish","format-standard","has-post-thumbnail","hentry","category-notas","tag-victor-sacca"],"_links":{"self":[{"href":"https:\/\/muycritico.com.ar\/web\/index.php?rest_route=\/wp\/v2\/posts\/5305","targetHints":{"allow":["GET"]}}],"collection":[{"href":"https:\/\/muycritico.com.ar\/web\/index.php?rest_route=\/wp\/v2\/posts"}],"about":[{"href":"https:\/\/muycritico.com.ar\/web\/index.php?rest_route=\/wp\/v2\/types\/post"}],"author":[{"embeddable":true,"href":"https:\/\/muycritico.com.ar\/web\/index.php?rest_route=\/wp\/v2\/users\/2"}],"replies":[{"embeddable":true,"href":"https:\/\/muycritico.com.ar\/web\/index.php?rest_route=%2Fwp%2Fv2%2Fcomments&post=5305"}],"version-history":[{"count":1,"href":"https:\/\/muycritico.com.ar\/web\/index.php?rest_route=\/wp\/v2\/posts\/5305\/revisions"}],"predecessor-version":[{"id":5307,"href":"https:\/\/muycritico.com.ar\/web\/index.php?rest_route=\/wp\/v2\/posts\/5305\/revisions\/5307"}],"wp:featuredmedia":[{"embeddable":true,"href":"https:\/\/muycritico.com.ar\/web\/index.php?rest_route=\/wp\/v2\/media\/5306"}],"wp:attachment":[{"href":"https:\/\/muycritico.com.ar\/web\/index.php?rest_route=%2Fwp%2Fv2%2Fmedia&parent=5305"}],"wp:term":[{"taxonomy":"category","embeddable":true,"href":"https:\/\/muycritico.com.ar\/web\/index.php?rest_route=%2Fwp%2Fv2%2Fcategories&post=5305"},{"taxonomy":"post_tag","embeddable":true,"href":"https:\/\/muycritico.com.ar\/web\/index.php?rest_route=%2Fwp%2Fv2%2Ftags&post=5305"}],"curies":[{"name":"wp","href":"https:\/\/api.w.org\/{rel}","templated":true}]}}