{"id":5296,"date":"2025-03-01T18:07:05","date_gmt":"2025-03-01T21:07:05","guid":{"rendered":"https:\/\/muycritico.com.ar\/web\/?p=5296"},"modified":"2026-01-18T19:18:30","modified_gmt":"2026-01-18T22:18:30","slug":"el-intendente-sacca-abrio-elperiodo-de-sesiones-ordinarias-del-concejo-deliberante","status":"publish","type":"post","link":"https:\/\/muycritico.com.ar\/web\/?p=5296","title":{"rendered":"EL INTENDENTE SACCA ABRI\u00d3 EL PERIODO DE SESIONES ORDINARIAS DEL CONCEJO DELIBERANTE"},"content":{"rendered":"<p><strong>Este s\u00e1bado, el intendente Federico Sacca dej\u00f3 inaugurado el per\u00edodo de sesiones ordinarias del Concejo Deliberante, en un acto realizado a las 10 de la ma\u00f1ana con la presencia de los concejales Pedro Garc\u00eda, Miguel Coria, Sebasti\u00e1n Caillou, Fabiana Gonz\u00e1lez y Ranulfo Campo.<\/strong><!--more--><br \/>\nEn su mensaje, el jefe comunal realiz\u00f3 un balance de la gesti\u00f3n, destacando los avances alcanzados en distintas \u00e1reas, al tiempo que traz\u00f3 los principales desaf\u00edos para este a\u00f1o, con el compromiso de seguir impulsando pol\u00edticas que mejoren la calidad de vida de los vecinos.<br \/>\nAcompa\u00f1aron la jornada funcionarios del gabinete municipal, entre ellos el director de Finanzas, Leonardo Moya, y el director de Cultura, Horacio Vizgarra.<br \/>\nEl acto marc\u00f3 el inicio de un nuevo per\u00edodo institucional con la expectativa de continuar fortaleciendo el trabajo conjunto entre el Ejecutivo y el Concejo Deliberante en pos del desarrollo de la comunidad.<\/p>\n<p><img loading=\"lazy\" decoding=\"async\" class=\"aligncenter size-full wp-image-5302\" src=\"https:\/\/muycritico.com.ar\/web\/wp-content\/uploads\/2025\/03\/FEDERICO-SACCA-concejo.jpg\" alt=\"\" width=\"960\" height=\"639\" srcset=\"https:\/\/muycritico.com.ar\/web\/wp-content\/uploads\/2025\/03\/FEDERICO-SACCA-concejo.jpg 960w, https:\/\/muycritico.com.ar\/web\/wp-content\/uploads\/2025\/03\/FEDERICO-SACCA-concejo-768x511.jpg 768w\" sizes=\"auto, (max-width: 960px) 100vw, 960px\" \/><\/p>\n","protected":false},"excerpt":{"rendered":"<p>Este s\u00e1bado, el intendente Federico Sacca dej\u00f3 inaugurado el per\u00edodo de sesiones ordinarias del Concejo Deliberante, en un acto realizado a las 10 de la ma\u00f1ana con la presencia de los concejales Pedro Garc\u00eda, Miguel Coria, Sebasti\u00e1n Caillou, Fabiana Gonz\u00e1lez y Ranulfo Campo.<\/p>\n","protected":false},"author":2,"featured_media":5297,"comment_status":"open","ping_status":"closed","sticky":false,"template":"","format":"standard","meta":{"footnotes":""},"categories":[6],"tags":[872],"class_list":["post-5296","post","type-post","status-publish","format-standard","has-post-thumbnail","hentry","category-notas","tag-victor-sacca"],"_links":{"self":[{"href":"https:\/\/muycritico.com.ar\/web\/index.php?rest_route=\/wp\/v2\/posts\/5296","targetHints":{"allow":["GET"]}}],"collection":[{"href":"https:\/\/muycritico.com.ar\/web\/index.php?rest_route=\/wp\/v2\/posts"}],"about":[{"href":"https:\/\/muycritico.com.ar\/web\/index.php?rest_route=\/wp\/v2\/types\/post"}],"author":[{"embeddable":true,"href":"https:\/\/muycritico.com.ar\/web\/index.php?rest_route=\/wp\/v2\/users\/2"}],"replies":[{"embeddable":true,"href":"https:\/\/muycritico.com.ar\/web\/index.php?rest_route=%2Fwp%2Fv2%2Fcomments&post=5296"}],"version-history":[{"count":3,"href":"https:\/\/muycritico.com.ar\/web\/index.php?rest_route=\/wp\/v2\/posts\/5296\/revisions"}],"predecessor-version":[{"id":5304,"href":"https:\/\/muycritico.com.ar\/web\/index.php?rest_route=\/wp\/v2\/posts\/5296\/revisions\/5304"}],"wp:featuredmedia":[{"embeddable":true,"href":"https:\/\/muycritico.com.ar\/web\/index.php?rest_route=\/wp\/v2\/media\/5297"}],"wp:attachment":[{"href":"https:\/\/muycritico.com.ar\/web\/index.php?rest_route=%2Fwp%2Fv2%2Fmedia&parent=5296"}],"wp:term":[{"taxonomy":"category","embeddable":true,"href":"https:\/\/muycritico.com.ar\/web\/index.php?rest_route=%2Fwp%2Fv2%2Fcategories&post=5296"},{"taxonomy":"post_tag","embeddable":true,"href":"https:\/\/muycritico.com.ar\/web\/index.php?rest_route=%2Fwp%2Fv2%2Ftags&post=5296"}],"curies":[{"name":"wp","href":"https:\/\/api.w.org\/{rel}","templated":true}]}}