{"id":5227,"date":"2025-02-23T12:24:54","date_gmt":"2025-02-23T15:24:54","guid":{"rendered":"https:\/\/muycritico.com.ar\/web\/?p=5227"},"modified":"2026-01-18T19:18:31","modified_gmt":"2026-01-18T22:18:31","slug":"mejor-que-los-libertarios-locales-ni-aparezcan-te-votan-en-contra-de-la-unsa-y-de-los-jubilados","status":"publish","type":"post","link":"https:\/\/muycritico.com.ar\/web\/?p=5227","title":{"rendered":"\u201cMEJOR QUE LOS LIBERTARIOS LOCALES NI APAREZCAN, TE VOTAN EN CONTRA DE LA UNSA Y DE LOS JUBILADOS\u201d"},"content":{"rendered":"<p><strong>Lo dijo la diputada nacional Pamela Calletti al ser consultada por el silencio de los libertarios tras el esc\u00e1ndalo de la Cripto Libra, con Milei a la cabeza como protagonista excluyente del papel\u00f3n. Adem\u00e1s la legisladora salte\u00f1a neg\u00f3 enf\u00e1ticamente que suceder\u00e1 a Garc\u00eda Castiella en la Procuraci\u00f3n y adelant\u00f3 que se viene un a\u00f1o de elecciones intenso despu\u00e9s del cierre de las listas a fines de marzo.<\/strong><\/p>\n<p><!--more--><\/p>\n<p><strong>Est\u00e1 sonando mucho su nombre en la procuraci\u00f3n\u2026<\/strong><\/p>\n<p>No, para nada. Yo tengo un compromiso en el Congreso de la Naci\u00f3n. Hoy m\u00e1s que nunca falta que la voz de los salte\u00f1os se haga escuchar ah\u00ed, as\u00ed que hasta diciembre de este a\u00f1o me van a encontrar en el Congreso de la Naci\u00f3n, peleando por los salte\u00f1os y por los intereses de los salte\u00f1os, para que las medidas de Naci\u00f3n tengan en cuenta la realidad de nuestro norte.<\/p>\n<p><strong>Pero suena su nombre para suceder a Garc\u00eda Castiella cuando termine su administraci\u00f3n\u2026<\/strong><\/p>\n<p>Creo que el procurador tiene para rato. Yo soy una mujer del Derecho, amo el Derecho y creo que eso me permite hacer derecho tambi\u00e9n en el Congreso de la Naci\u00f3n.<\/p>\n<p>Soy parte de un equipo y comparto la visi\u00f3n del gobernador, de la Provincia, de un norte grande en la Argentina; as\u00ed que trabajamos en conjunto, esto es claro: el gobernador en Provincia; Emiliano en la Municipalidad y yo en Naci\u00f3n, en el Congreso. Trabajamos con una visi\u00f3n de lo que queremos para Salta y la Argentina.<\/p>\n<blockquote class=\"instagram-media\" style=\"background: #FFF; border: 0; border-radius: 3px; box-shadow: 0 0 1px 0 rgba(0,0,0,0.5),0 1px 10px 0 rgba(0,0,0,0.15); margin: 1px; max-width: 540px; min-width: 326px; padding: 0; width: calc(100% - 2px);\" data-instgrm-captioned=\"\" data-instgrm-permalink=\"https:\/\/www.instagram.com\/reel\/DGakMWdR5xH\/?utm_source=ig_embed&amp;utm_campaign=loading\" data-instgrm-version=\"14\">\n<div style=\"padding: 16px;\">\n<p>&nbsp;<\/p>\n<div style=\"display: flex; flex-direction: row; align-items: center;\">\n<div style=\"background-color: #f4f4f4; border-radius: 50%; flex-grow: 0; height: 40px; margin-right: 14px; width: 40px;\"><\/div>\n<div style=\"display: flex; flex-direction: column; flex-grow: 1; justify-content: center;\">\n<div style=\"background-color: #f4f4f4; border-radius: 4px; flex-grow: 0; height: 14px; margin-bottom: 6px; width: 100px;\"><\/div>\n<div style=\"background-color: #f4f4f4; border-radius: 4px; flex-grow: 0; height: 14px; width: 60px;\"><\/div>\n<\/div>\n<\/div>\n<div style=\"padding: 19% 0;\"><\/div>\n<div style=\"display: block; height: 50px; margin: 0 auto 12px; width: 50px;\"><\/div>\n<div style=\"padding-top: 8px;\">\n<div style=\"color: #3897f0; font-family: Arial,sans-serif; font-size: 14px; font-style: normal; font-weight: 550; line-height: 18px;\">Ver esta publicaci\u00f3n en Instagram<\/div>\n<\/div>\n<div style=\"padding: 12.5% 0;\"><\/div>\n<div style=\"display: flex; flex-direction: row; margin-bottom: 14px; align-items: center;\">\n<div>\n<div style=\"background-color: #f4f4f4; border-radius: 50%; height: 12.5px; width: 12.5px; transform: translateX(0px) translateY(7px);\"><\/div>\n<div style=\"background-color: #f4f4f4; height: 12.5px; transform: rotate(-45deg) translateX(3px) translateY(1px); width: 12.5px; flex-grow: 0; margin-right: 14px; margin-left: 2px;\"><\/div>\n<div style=\"background-color: #f4f4f4; border-radius: 50%; height: 12.5px; width: 12.5px; transform: translateX(9px) translateY(-18px);\"><\/div>\n<\/div>\n<div style=\"margin-left: 8px;\">\n<div style=\"background-color: #f4f4f4; border-radius: 50%; flex-grow: 0; height: 20px; width: 20px;\"><\/div>\n<div style=\"width: 0; height: 0; border-top: 2px solid transparent; border-left: 6px solid #f4f4f4; border-bottom: 2px solid transparent; transform: translateX(16px) translateY(-4px) rotate(30deg);\"><\/div>\n<\/div>\n<div style=\"margin-left: auto;\">\n<div style=\"width: 0px; border-top: 8px solid #F4F4F4; border-right: 8px solid transparent; transform: translateY(16px);\"><\/div>\n<div style=\"background-color: #f4f4f4; flex-grow: 0; height: 12px; width: 16px; transform: translateY(-4px);\"><\/div>\n<div style=\"width: 0; height: 0; border-top: 8px solid #F4F4F4; border-left: 8px solid transparent; transform: translateY(-4px) translateX(8px);\"><\/div>\n<\/div>\n<\/div>\n<div style=\"display: flex; flex-direction: column; flex-grow: 1; justify-content: center; margin-bottom: 24px;\">\n<div style=\"background-color: #f4f4f4; border-radius: 4px; flex-grow: 0; height: 14px; margin-bottom: 6px; width: 224px;\"><\/div>\n<div style=\"background-color: #f4f4f4; border-radius: 4px; flex-grow: 0; height: 14px; width: 144px;\"><\/div>\n<\/div>\n<p>&nbsp;<\/p>\n<p style=\"color: #c9c8cd; font-family: Arial,sans-serif; font-size: 14px; line-height: 17px; margin-bottom: 0; margin-top: 8px; overflow: hidden; padding: 8px 0 7px; text-align: center; text-overflow: ellipsis; white-space: nowrap;\"><a style=\"color: #c9c8cd; font-family: Arial,sans-serif; font-size: 14px; font-style: normal; font-weight: normal; line-height: 17px; text-decoration: none;\" href=\"https:\/\/www.instagram.com\/reel\/DGakMWdR5xH\/?utm_source=ig_embed&amp;utm_campaign=loading\" target=\"_blank\" rel=\"noopener\">Una publicaci\u00f3n compartida por Muy Critico (@muycriticodigital)<\/a><\/p>\n<\/div>\n<\/blockquote>\n<p><script async src=\"\/\/www.instagram.com\/embed.js\"><\/script><\/p>\n<p><strong>Una opini\u00f3n del \u201ccripto gate\u201d<\/strong><\/p>\n<p>Est\u00e1 actuando la Justicia. Servini de Cubr\u00eda que es la jueza est\u00e1 investigando y es fundamental que no se meta la pol\u00edtica. Tiene que ser una investigaci\u00f3n a fondo absolutamente independiente y lo m\u00e1s importante que no afecte la credibilidad de la Argentina, porque el mundo no est\u00e1 mirando.<\/p>\n<p>Hay que estar expectante a lo que va a pasar, seguramente en el Congreso de la Naci\u00f3n, el 1 de marzo va a ir el presidente y tendremos novedades<\/p>\n<p><strong>\u00bfNo fue un golpe duro para la soberbia libertaria, sobre todo los locales que estaban bastante encocorados?<\/strong><\/p>\n<p>Los libertarios locales la verdad que, no solo en eso. Hoy est\u00e1n escondidos bajo la alfombra \u00bfd\u00f3nde est\u00e1n? pero a veces mejor que ni aparezcan, porque aparecen y te votan en contra de la UNSA, aparecen y te votan en contra de los jubilados. Mejor mantenerlos callados.<\/p>\n<p><strong>\u00bfC\u00f3mo vienen las elecciones?<\/strong><\/p>\n<p>Vienen intensas. Como ya sabe la gente no vamos a tener PASOS ni nacionales ni provinciales con lo cual tenemos elecciones en mayo y en octubre. As\u00ed que vamos a tener novedades a fines de marzo cu\u00e1ndo se cierren las listas. Estamos trabajando tambi\u00e9n en el cierre de las listas provinciales. Yo como abogada y apoderada, as\u00ed que si\u2026 un a\u00f1o intenso.<\/p>\n","protected":false},"excerpt":{"rendered":"<p>Lo dijo la diputada nacional Pamela Calletti al ser consultada por el silencio de los libertarios tras el esc\u00e1ndalo de la Cripto Libra, con Milei a la cabeza como protagonista excluyente del papel\u00f3n. Adem\u00e1s la legisladora salte\u00f1a neg\u00f3 enf\u00e1ticamente que suceder\u00e1 a Garc\u00eda Castiella en la Procuraci\u00f3n y adelant\u00f3 que se viene un a\u00f1o de [&hellip;]<\/p>\n","protected":false},"author":2,"featured_media":5229,"comment_status":"open","ping_status":"closed","sticky":false,"template":"","format":"standard","meta":{"footnotes":""},"categories":[6],"tags":[879,88,442,582,872],"class_list":["post-5227","post","type-post","status-publish","format-standard","has-post-thumbnail","hentry","category-notas","tag-criptomonedas","tag-emilia-orozco","tag-lla","tag-pamela-caletti","tag-victor-sacca"],"_links":{"self":[{"href":"https:\/\/muycritico.com.ar\/web\/index.php?rest_route=\/wp\/v2\/posts\/5227","targetHints":{"allow":["GET"]}}],"collection":[{"href":"https:\/\/muycritico.com.ar\/web\/index.php?rest_route=\/wp\/v2\/posts"}],"about":[{"href":"https:\/\/muycritico.com.ar\/web\/index.php?rest_route=\/wp\/v2\/types\/post"}],"author":[{"embeddable":true,"href":"https:\/\/muycritico.com.ar\/web\/index.php?rest_route=\/wp\/v2\/users\/2"}],"replies":[{"embeddable":true,"href":"https:\/\/muycritico.com.ar\/web\/index.php?rest_route=%2Fwp%2Fv2%2Fcomments&post=5227"}],"version-history":[{"count":1,"href":"https:\/\/muycritico.com.ar\/web\/index.php?rest_route=\/wp\/v2\/posts\/5227\/revisions"}],"predecessor-version":[{"id":5230,"href":"https:\/\/muycritico.com.ar\/web\/index.php?rest_route=\/wp\/v2\/posts\/5227\/revisions\/5230"}],"wp:featuredmedia":[{"embeddable":true,"href":"https:\/\/muycritico.com.ar\/web\/index.php?rest_route=\/wp\/v2\/media\/5229"}],"wp:attachment":[{"href":"https:\/\/muycritico.com.ar\/web\/index.php?rest_route=%2Fwp%2Fv2%2Fmedia&parent=5227"}],"wp:term":[{"taxonomy":"category","embeddable":true,"href":"https:\/\/muycritico.com.ar\/web\/index.php?rest_route=%2Fwp%2Fv2%2Fcategories&post=5227"},{"taxonomy":"post_tag","embeddable":true,"href":"https:\/\/muycritico.com.ar\/web\/index.php?rest_route=%2Fwp%2Fv2%2Ftags&post=5227"}],"curies":[{"name":"wp","href":"https:\/\/api.w.org\/{rel}","templated":true}]}}