{"id":5224,"date":"2025-02-23T10:57:55","date_gmt":"2025-02-23T13:57:55","guid":{"rendered":"https:\/\/muycritico.com.ar\/web\/?p=5224"},"modified":"2026-01-18T19:18:31","modified_gmt":"2026-01-18T22:18:31","slug":"el-gobernador-y-el-intendente-de-salta-destacaron-el-trabajo-articulado-para-acercar-el-estado-a-la-gente-y-llevar-soluciones-a-los-vecinos","status":"publish","type":"post","link":"https:\/\/muycritico.com.ar\/web\/?p=5224","title":{"rendered":"EL GOBERNADOR Y EL INTENDENTE DE SALTA DESTACARON EL TRABAJO ARTICULADO PARA ACERCAR EL ESTADO A LA GENTE Y LLEVAR SOLUCIONES A LOS VECINOS"},"content":{"rendered":"<p><strong>Con m\u00e1s servicios, se realiz\u00f3 una nueva edici\u00f3n de \u201cLa Muni en tu Barrio\u201d en Villa M\u00f3nica. La Provincia estuvo presente a trav\u00e9s de los ministerios de Salud, de Desarrollo Social y el de Gobierno a trav\u00e9s del Registro Civil, adem\u00e1s de Upateco, Aguas del Norte y el Ente Regulador de los Servicios P\u00fablicos, entre otros.<\/strong><\/p>\n<p><!--more--><\/p>\n<p>El gobernador\u00a0 Gustavo S\u00e1enz y el intendente de Salta Emiliano Durand estuvieron en el centro vecinal de Villa M\u00f3nica acompa\u00f1ando una nueva jornada de \u201cLa Muni en tu Barrio\u201d.<\/p>\n<p>En la oportunidad, el gobernador S\u00e1enz destac\u00f3 el trabajo articulado con la Municipalidad de Salta para acercar el Estado a la gente y llevar soluciones a los vecinos.<\/p>\n<p>Tambi\u00e9n asistieron la diputada nacional Pamela Calletti y el ministro de Gobierno, Derechos Humanos y Trabajo Ricardo Villada quien destac\u00f3 el \u00e9xito de la jornada: \u201cLa respuesta de los vecinos es elocuente. Esta es la manera que entendemos de hacer pol\u00edtica y nuestro compromiso. Es una forma de hacer justicia a la gente acerc\u00e1ndoles respuestas efectivas\u201d, consider\u00f3.<\/p>\n<blockquote class=\"instagram-media\" style=\"background: #FFF; border: 0; border-radius: 3px; box-shadow: 0 0 1px 0 rgba(0,0,0,0.5),0 1px 10px 0 rgba(0,0,0,0.15); margin: 1px; max-width: 540px; min-width: 326px; padding: 0; width: calc(100% - 2px);\" data-instgrm-captioned=\"\" data-instgrm-permalink=\"https:\/\/www.instagram.com\/reel\/DGYFeWRx9vI\/?utm_source=ig_embed&amp;utm_campaign=loading\" data-instgrm-version=\"14\">\n<div style=\"padding: 16px;\">\n<p>&nbsp;<\/p>\n<div style=\"display: flex; flex-direction: row; align-items: center;\">\n<div style=\"background-color: #f4f4f4; border-radius: 50%; flex-grow: 0; height: 40px; margin-right: 14px; width: 40px;\"><\/div>\n<div style=\"display: flex; flex-direction: column; flex-grow: 1; justify-content: center;\">\n<div style=\"background-color: #f4f4f4; border-radius: 4px; flex-grow: 0; height: 14px; margin-bottom: 6px; width: 100px;\"><\/div>\n<div style=\"background-color: #f4f4f4; border-radius: 4px; flex-grow: 0; height: 14px; width: 60px;\"><\/div>\n<\/div>\n<\/div>\n<div style=\"padding: 19% 0;\"><\/div>\n<div style=\"display: block; height: 50px; margin: 0 auto 12px; width: 50px;\"><\/div>\n<div style=\"padding-top: 8px;\">\n<div style=\"color: #3897f0; font-family: Arial,sans-serif; font-size: 14px; font-style: normal; font-weight: 550; line-height: 18px;\">Ver esta publicaci\u00f3n en Instagram<\/div>\n<\/div>\n<div style=\"padding: 12.5% 0;\"><\/div>\n<div style=\"display: flex; flex-direction: row; margin-bottom: 14px; align-items: center;\">\n<div>\n<div style=\"background-color: #f4f4f4; border-radius: 50%; height: 12.5px; width: 12.5px; transform: translateX(0px) translateY(7px);\"><\/div>\n<div style=\"background-color: #f4f4f4; height: 12.5px; transform: rotate(-45deg) translateX(3px) translateY(1px); width: 12.5px; flex-grow: 0; margin-right: 14px; margin-left: 2px;\"><\/div>\n<div style=\"background-color: #f4f4f4; border-radius: 50%; height: 12.5px; width: 12.5px; transform: translateX(9px) translateY(-18px);\"><\/div>\n<\/div>\n<div style=\"margin-left: 8px;\">\n<div style=\"background-color: #f4f4f4; border-radius: 50%; flex-grow: 0; height: 20px; width: 20px;\"><\/div>\n<div style=\"width: 0; height: 0; border-top: 2px solid transparent; border-left: 6px solid #f4f4f4; border-bottom: 2px solid transparent; transform: translateX(16px) translateY(-4px) rotate(30deg);\"><\/div>\n<\/div>\n<div style=\"margin-left: auto;\">\n<div style=\"width: 0px; border-top: 8px solid #F4F4F4; border-right: 8px solid transparent; transform: translateY(16px);\"><\/div>\n<div style=\"background-color: #f4f4f4; flex-grow: 0; height: 12px; width: 16px; transform: translateY(-4px);\"><\/div>\n<div style=\"width: 0; height: 0; border-top: 8px solid #F4F4F4; border-left: 8px solid transparent; transform: translateY(-4px) translateX(8px);\"><\/div>\n<\/div>\n<\/div>\n<div style=\"display: flex; flex-direction: column; flex-grow: 1; justify-content: center; margin-bottom: 24px;\">\n<div style=\"background-color: #f4f4f4; border-radius: 4px; flex-grow: 0; height: 14px; margin-bottom: 6px; width: 224px;\"><\/div>\n<div style=\"background-color: #f4f4f4; border-radius: 4px; flex-grow: 0; height: 14px; width: 144px;\"><\/div>\n<\/div>\n<p>&nbsp;<\/p>\n<p style=\"color: #c9c8cd; font-family: Arial,sans-serif; font-size: 14px; line-height: 17px; margin-bottom: 0; margin-top: 8px; overflow: hidden; padding: 8px 0 7px; text-align: center; text-overflow: ellipsis; white-space: nowrap;\"><a style=\"color: #c9c8cd; font-family: Arial,sans-serif; font-size: 14px; font-style: normal; font-weight: normal; line-height: 17px; text-decoration: none;\" href=\"https:\/\/www.instagram.com\/reel\/DGYFeWRx9vI\/?utm_source=ig_embed&amp;utm_campaign=loading\" target=\"_blank\" rel=\"noopener\">Una publicaci\u00f3n compartida por Muy Critico (@muycriticodigital)<\/a><\/p>\n<\/div>\n<\/blockquote>\n<p><script async src=\"\/\/www.instagram.com\/embed.js\"><\/script><\/p>\n<p>Tambi\u00e9n recalc\u00f3 la importancia de realizar esta acci\u00f3n cerca de sus domicilios, evit\u00e1ndoles el traslado y durante los s\u00e1bados, ya que muchos no pueden realizar tr\u00e1mites los d\u00edas de semana.<\/p>\n<p>As\u00ed y como en ediciones anteriores, estuvieron presentes diversos organismos del Gobierno de Salta que se sumaron a la iniciativa municipal.<\/p>\n<p>En el m\u00f3vil del Registro Civil se atendieron tr\u00e1mites para realizar nuevos ejemplares de DNI, cambios de domicilios, actualizaciones de menores y mayores, y pasaportes.<\/p>\n<p>Al respecto, la subsecretaria del Registro Civil Mar\u00eda Fernanda Ubiergo se\u00f1al\u00f3 que el m\u00f3vil de organismo recorre permanente la provincia para llevar a los lugares cercanos a la residencia de los salte\u00f1os, los servicios de identificaci\u00f3n. \u201cEl derecho a la identidad es fundamental para la vida en relaci\u00f3n\u201d, dijo la funcionaria.<\/p>\n<p>En tanto, el Ministerio de Salud atendi\u00f3 consultas a trav\u00e9s del cami\u00f3n de oncolog\u00eda y mamogr\u00e1fico que cuenta con consultorios ginecol\u00f3gicos. Asimismo, personal sanitario aplic\u00f3 vacunas para completar esquemas.<\/p>\n<p>A trav\u00e9s del Ente de los Servicios P\u00fablicos se recibieron postulaciones a subsidios y reclamos referidos a luz, agua y cloacas.<\/p>\n<p>Tambi\u00e9n hubo un stand de la Universidad Provincial de la Administraci\u00f3n, Tecnolog\u00eda y Oficios (Upateco) que acerc\u00f3 la oferta acad\u00e9mica de la instituci\u00f3n para este ciclo lectivo con 22 carreras universitarias y m\u00e1s de 130 cursos.<\/p>\n<p>A trav\u00e9s del Ministerio de Desarrollo Social, se brind\u00f3 atenci\u00f3n oftalmol\u00f3gica a ni\u00f1os. Los profesionales prescribieron recetas para la confecci\u00f3n de los anteojos gratuitos que se entregar\u00e1n pr\u00f3ximamente.<\/p>\n<p>Tambi\u00e9n Desarrollo Social expuso la oferta formativa de la Casona de La Paz, ubicada en la zona sudeste de la capital salte\u00f1a. Este a\u00f1o tendr\u00e1 cursos de durlock, reparaci\u00f3n de electrodom\u00e9sticos, herrer\u00eda, peluquer\u00eda, costura, manipulaci\u00f3n de alimentos, marroquiner\u00eda, herramientas para potenciar negocios y video producto, entre otros.<\/p>\n<p>Acompa\u00f1\u00f3\u00a0 la coordinadora general del Ministerio de Desarrollo Social, Dolores Montarc\u00e9.<\/p>\n<p>En tanto, Aguas del Norte atendi\u00f3\u00a0 tr\u00e1mites y consultas vinculadas con los servicios de agua y saneamiento.<\/p>\n<p>Como es habitual, la Municipalidad atendi\u00f3 gestiones con el M\u00f3vil de Licencias de Conducir, adem\u00e1s de brindar informaci\u00f3n sobre pago de tributos municipales, habilitaciones, alumbrado p\u00fablico, microbasurales, desmalezado, cami\u00f3n atmosf\u00e9rico, inspecciones, se\u00f1alizaci\u00f3n, planos, armado de notas y curriculum vitae con simulaci\u00f3n de entrevistas y postulaciones en Linkedin a trav\u00e9s de un stand de la Oficina de Empleo, entre otros.<\/p>\n<p>Tambi\u00e9n se vacun\u00f3 contra la rabia, se llev\u00f3 a cabo el operativo \u201cVolviendo a clases\u201d y se realizaron\u00a0 consultas con diversos profesionales.<\/p>\n<p>La Naci\u00f3n acompa\u00f1\u00f3 con un stand\u00a0 del PAMI.<\/p>\n<p>Seg\u00fan inform\u00f3 la Municipalidad de Salta se atendieron a m\u00e1s de 6 mil vecinos de la zona este baja de la ciudad.<\/p>\n","protected":false},"excerpt":{"rendered":"<p>Con m\u00e1s servicios, se realiz\u00f3 una nueva edici\u00f3n de \u201cLa Muni en tu Barrio\u201d en Villa M\u00f3nica. La Provincia estuvo presente a trav\u00e9s de los ministerios de Salud, de Desarrollo Social y el de Gobierno a trav\u00e9s del Registro Civil, adem\u00e1s de Upateco, Aguas del Norte y el Ente Regulador de los Servicios P\u00fablicos, entre [&hellip;]<\/p>\n","protected":false},"author":2,"featured_media":5225,"comment_status":"open","ping_status":"closed","sticky":false,"template":"","format":"standard","meta":{"footnotes":""},"categories":[6],"tags":[187,430,872],"class_list":["post-5224","post","type-post","status-publish","format-standard","has-post-thumbnail","hentry","category-notas","tag-emiliano-durand","tag-gustavo-saenz","tag-victor-sacca"],"_links":{"self":[{"href":"https:\/\/muycritico.com.ar\/web\/index.php?rest_route=\/wp\/v2\/posts\/5224","targetHints":{"allow":["GET"]}}],"collection":[{"href":"https:\/\/muycritico.com.ar\/web\/index.php?rest_route=\/wp\/v2\/posts"}],"about":[{"href":"https:\/\/muycritico.com.ar\/web\/index.php?rest_route=\/wp\/v2\/types\/post"}],"author":[{"embeddable":true,"href":"https:\/\/muycritico.com.ar\/web\/index.php?rest_route=\/wp\/v2\/users\/2"}],"replies":[{"embeddable":true,"href":"https:\/\/muycritico.com.ar\/web\/index.php?rest_route=%2Fwp%2Fv2%2Fcomments&post=5224"}],"version-history":[{"count":1,"href":"https:\/\/muycritico.com.ar\/web\/index.php?rest_route=\/wp\/v2\/posts\/5224\/revisions"}],"predecessor-version":[{"id":5226,"href":"https:\/\/muycritico.com.ar\/web\/index.php?rest_route=\/wp\/v2\/posts\/5224\/revisions\/5226"}],"wp:featuredmedia":[{"embeddable":true,"href":"https:\/\/muycritico.com.ar\/web\/index.php?rest_route=\/wp\/v2\/media\/5225"}],"wp:attachment":[{"href":"https:\/\/muycritico.com.ar\/web\/index.php?rest_route=%2Fwp%2Fv2%2Fmedia&parent=5224"}],"wp:term":[{"taxonomy":"category","embeddable":true,"href":"https:\/\/muycritico.com.ar\/web\/index.php?rest_route=%2Fwp%2Fv2%2Fcategories&post=5224"},{"taxonomy":"post_tag","embeddable":true,"href":"https:\/\/muycritico.com.ar\/web\/index.php?rest_route=%2Fwp%2Fv2%2Ftags&post=5224"}],"curies":[{"name":"wp","href":"https:\/\/api.w.org\/{rel}","templated":true}]}}