{"id":5219,"date":"2025-02-22T21:52:24","date_gmt":"2025-02-23T00:52:24","guid":{"rendered":"https:\/\/muycritico.com.ar\/web\/?p=5219"},"modified":"2026-01-18T19:18:31","modified_gmt":"2026-01-18T22:18:31","slug":"la-patrulla-ambiental-rescato-dos-loritos-destinados-a-la-venta-ilegal","status":"publish","type":"post","link":"https:\/\/muycritico.com.ar\/web\/?p=5219","title":{"rendered":"LA PATRULLA AMBIENTAL RESCAT\u00d3 DOS LORITOS DESTINADOS A LA VENTA ILEGAL"},"content":{"rendered":"<p><strong>En un operativo realizado por personal municipal se rescat\u00f3 a dos loros habladores que estaban en manos de una persona que intentaba venderlos. El hecho fue notificado como una infracci\u00f3n a la Ordenanza 3880 por tenencia de fauna silvestre con fines comerciales.<\/strong><\/p>\n<p><!--more--><\/p>\n<p>Esta ma\u00f1ana, se realiz\u00f3 un operativo en el barrio Santa Ana II tras una serie de denuncias realizadas por vecinos. La intervenci\u00f3n, llevada a cabo por la Patrulla Ambiental de la Secretar\u00eda de Ambiente y Servicios P\u00fablicos, permiti\u00f3 el rescate de dos loros habladores que estaban siendo comercializados ilegalmente en nuestra ciudad.<\/p>\n<p>La persona que los ten\u00eda en su poder fue identificada y se le labr\u00f3 un acta por tenencia de fauna silvestre con fines de comercializaci\u00f3n, conforme a lo dispuesto por la Ordenanza municipal 3880.<\/p>\n<p><img loading=\"lazy\" decoding=\"async\" class=\"aligncenter size-full wp-image-5222\" src=\"https:\/\/muycritico.com.ar\/web\/wp-content\/uploads\/2025\/02\/loros.jpg\" alt=\"\" width=\"701\" height=\"549\" \/><\/p>\n<p>Este tipo de pr\u00e1cticas no solo son ilegales, sino que tambi\u00e9n representan un riesgo para la salud p\u00fablica. Recientemente, se han registrado casos de psitacosis, una enfermedad transmitida por aves, lo que hace a\u00fan m\u00e1s importante la intervenci\u00f3n en estos casos.<\/p>\n<p>Los loritos fueron puestos bajo el cuidado de la estaci\u00f3n de fauna local, donde se les realizar\u00e1 una revisi\u00f3n para asegurar su bienestar.<\/p>\n<p>Desde la Municipalidad de Salta se recuerda a la comunidad la importancia de no adquirir ejemplares de fauna silvestre, tanto por el da\u00f1o que provoca en los ecosistemas como por los riesgos sanitarios que conlleva.<\/p>\n","protected":false},"excerpt":{"rendered":"<p>En un operativo realizado por personal municipal se rescat\u00f3 a dos loros habladores que estaban en manos de una persona que intentaba venderlos. El hecho fue notificado como una infracci\u00f3n a la Ordenanza 3880 por tenencia de fauna silvestre con fines comerciales.<\/p>\n","protected":false},"author":2,"featured_media":5220,"comment_status":"open","ping_status":"closed","sticky":false,"template":"","format":"standard","meta":{"footnotes":""},"categories":[6],"tags":[872],"class_list":["post-5219","post","type-post","status-publish","format-standard","has-post-thumbnail","hentry","category-notas","tag-victor-sacca"],"_links":{"self":[{"href":"https:\/\/muycritico.com.ar\/web\/index.php?rest_route=\/wp\/v2\/posts\/5219","targetHints":{"allow":["GET"]}}],"collection":[{"href":"https:\/\/muycritico.com.ar\/web\/index.php?rest_route=\/wp\/v2\/posts"}],"about":[{"href":"https:\/\/muycritico.com.ar\/web\/index.php?rest_route=\/wp\/v2\/types\/post"}],"author":[{"embeddable":true,"href":"https:\/\/muycritico.com.ar\/web\/index.php?rest_route=\/wp\/v2\/users\/2"}],"replies":[{"embeddable":true,"href":"https:\/\/muycritico.com.ar\/web\/index.php?rest_route=%2Fwp%2Fv2%2Fcomments&post=5219"}],"version-history":[{"count":2,"href":"https:\/\/muycritico.com.ar\/web\/index.php?rest_route=\/wp\/v2\/posts\/5219\/revisions"}],"predecessor-version":[{"id":5223,"href":"https:\/\/muycritico.com.ar\/web\/index.php?rest_route=\/wp\/v2\/posts\/5219\/revisions\/5223"}],"wp:featuredmedia":[{"embeddable":true,"href":"https:\/\/muycritico.com.ar\/web\/index.php?rest_route=\/wp\/v2\/media\/5220"}],"wp:attachment":[{"href":"https:\/\/muycritico.com.ar\/web\/index.php?rest_route=%2Fwp%2Fv2%2Fmedia&parent=5219"}],"wp:term":[{"taxonomy":"category","embeddable":true,"href":"https:\/\/muycritico.com.ar\/web\/index.php?rest_route=%2Fwp%2Fv2%2Fcategories&post=5219"},{"taxonomy":"post_tag","embeddable":true,"href":"https:\/\/muycritico.com.ar\/web\/index.php?rest_route=%2Fwp%2Fv2%2Ftags&post=5219"}],"curies":[{"name":"wp","href":"https:\/\/api.w.org\/{rel}","templated":true}]}}