{"id":5214,"date":"2025-02-22T19:16:53","date_gmt":"2025-02-22T22:16:53","guid":{"rendered":"https:\/\/muycritico.com.ar\/web\/?p=5214"},"modified":"2026-01-18T19:18:32","modified_gmt":"2026-01-18T22:18:32","slug":"quien-es-rodrigo-bautista-el-elemento-de-la-fiscalia-que-sonia-escudero-cuestiona-en-la-reapertura-del-crimen-de-las-francesas","status":"publish","type":"post","link":"https:\/\/muycritico.com.ar\/web\/?p=5214","title":{"rendered":"\u00bfQUI\u00c9N ES RODRIGO BAUTISTA? EL ELEMENTO DE LA FISCALIA QUE SONIA ESCUDERO CUESTIONA EN LA REAPERTURA DEL CRIMEN DE LAS FRANCESAS"},"content":{"rendered":"<p><strong>Advirti\u00f3 sobre la intervenci\u00f3n de los fiscales designados con la causa, por diversos motivos, como las torturas por las que polic\u00edas est\u00e1n procesados y las pruebas \u201cplantadas\u201d en perjuicio de un jardinero con el objeto de \u201cdesviar\u201d la investigaci\u00f3n. En dialogo con ARIES, Escudero consider\u00f3 que, ambas causas, tienen como protagonistas a los polic\u00edas Walter Maman\u00ed y Rodrigo Bautista, ambos vinculados con los investigadores del Ministerio P\u00fablico Fiscal en sucesivas gestiones.<\/strong><\/p>\n<p><!--more--><\/p>\n<p>No es casual, cada vez que una investigaci\u00f3n comienza a heder a pestilencia salta el nombre de Rodrigo Bautista. Sin embargo a este sujeto lo vienen bancando todos los procuradores que pasaron por el Ministerio P\u00fablico, o al menos los tres \u00faltimos: L\u00f3pez Vi\u00f1als, Abel Cornejo y Garc\u00eda Castiella, a pesar de que constantemente en los juicios los abogados defensores cuestionan su reprochable accionar para con los detenidos e imputados, ya que ha sido denunciado por apremios ilegales y torturas repetidas veces.<\/p>\n<p>A Bautista le toc\u00f3 declarar en durante el juicio de las turistas francesas, donde no solo minti\u00f3 descaradamente, cuesti\u00f3n que luego de la lectura del fallo que absolviera a Santos Clemente Vera y Daniel Vilte, qued\u00f3 en evidencia que su postura no era m\u00e1s que una burda maniobra para incriminarlos a los tres, junto a Gustavo Lasi, y de esta manera cerrar con mo\u00f1o una investigaci\u00f3n paup\u00e9rrima perge\u00f1ada por el juez Martin Perez, a quien Bautista obedeci\u00f3 ciegamente durante toda la etapa de instrucci\u00f3n en aquel lejano y tr\u00e1gico invierno de 2011, cuando aparecieron ambas chicas violadas y asesinadas a balazos.<\/p>\n<p>Ahora Sonia Escudero en dialogo con FM ARIES, dej\u00f3 bien en claro lo cuestionable que es tener a este sujeto aun en funciones en la procuraci\u00f3n. Sus antecedentes hablan por si solos, no exclusivamente en el caso de Cassandre Bouvier y Houria Moumni. Ha sido se\u00f1alado innumerables veces por detenidos por sus m\u00e9todos poco ortodoxos, enti\u00e9ndase apremios ilegales. De hecho, el notable penalista Marcelo Arancibia lo ha se\u00f1alado en ese aspecto por su repudiable accionar varias veces.<\/p>\n<p><iframe loading=\"lazy\" title=\"\u00bfQUI\u00c9N ES RODRIGO BAUTISTA? EL ELEMENTO DE LA FISCALIA QUE SONIA ESCUDERO CUESTIONA\" width=\"696\" height=\"392\" src=\"https:\/\/www.youtube.com\/embed\/S2F5dwy1Wvs?feature=oembed\" frameborder=\"0\" allow=\"accelerometer; autoplay; clipboard-write; encrypted-media; gyroscope; picture-in-picture; web-share\" referrerpolicy=\"strict-origin-when-cross-origin\" allowfullscreen><\/iframe><\/p>\n<p><strong>Bautista y Mamani, el d\u00fao al que se\u00f1ala Escudero<\/strong><\/p>\n<p>Seg\u00fan consigna ARIES en su portal de noticias y tras la entrevista que concediera a esa radio, \u201cLa decisi\u00f3n de la reapertura de la causa es muy importante. Queremos que se haga bien y que la Unidad Fiscal verdaderamente sea completamente imparcial\u201d, manifest\u00f3\u00a0 la Dra. Sonia Margarita Escudero, abogada y exsenadora nacional, en di\u00e1logo con Aries.<\/p>\n<p>Aunque advirti\u00f3 sobre la intervenci\u00f3n de los fiscales designados con la causa, por diversos motivos, como las torturas por las que polic\u00edas est\u00e1n procesados y las pruebas \u201cplantadas\u201d en perjuicio de un jardinero con el objeto de \u201cdesviar\u201d la investigaci\u00f3n.<\/p>\n<p>Escudero consider\u00f3 que, ambas causas, que tienen como protagonistas a los polic\u00edas Walter Maman\u00ed y Rodrigo Bautista &#8211;\u00a0 vinculados con los investigadores del Ministerio P\u00fablico Fiscal en sucesivas gestiones \u2013 deben ser incorporadas por la nueva Unidad. \u201cJean &#8211; Michel Bouvier (padre de una de las v\u00edctimas), que est\u00e1 dejando su vida en este reclamo por verdad y justicia, siempre dijo que la evaluaci\u00f3n de las pruebas deb\u00eda hacerse a la luz de las otras dos causas conexas. Una de ellas es la de los\u00a0 polic\u00edas torturadores y la otra es la falsedad ideol\u00f3gica en perjuicio de Sarmiento, jardinero de San Lorenzo, al que le plantaron el arma en la casa\u201d, ampli\u00f3.<\/p>\n<p>Seguidamente, la abogada record\u00f3 que, en su momento \u2013 sin que la causa se haya resuelto \u2013 Maman\u00ed fue ascendido y quien estuvo presente en el acto fue el Juez de Instrucci\u00f3n, Mart\u00edn P\u00e9rez. \u201cEsto significa que estos dos polic\u00edas respond\u00edan al poder pol\u00edtico. Y, aparentemente, el juez estaba de acuerdo y esto es muy grave\u201d, agreg\u00f3.<\/p>\n<p>Para Escudero, tambi\u00e9n es llamativo, que el fiscal Gabriel Gonz\u00e1lez se haya excusado por estar emparentado con uno de los polic\u00edas acusados. Tambi\u00e9n lo hicieron otros fiscales acusando lazos de amistad.<\/p>\n<p>\u201cNinguno de los fiscales que haya trabajado con el oficial Bautista podr\u00e1 conformar una unidad fiscal que es independiente porque (esa unidad\u00a0 fiscal) tiene que cuestionar la investigaci\u00f3n que se hizo mal y que fue irregular\u201d, subray\u00f3. Asimismo, dijo que si a\u00fan fueran separados Maman\u00ed y Bautista de\u00a0 la asistencia de los fiscales nada cambiaria porque \u201cen la medida que pongan\u00a0 a cargo a fiscales amigos de ellos. Quienes son amigos de alguien no van a cuestionar la investigaci\u00f3n que hizo su amigo\u201d, sentenci\u00f3.<\/p>\n","protected":false},"excerpt":{"rendered":"<p>Advirti\u00f3 sobre la intervenci\u00f3n de los fiscales designados con la causa, por diversos motivos, como las torturas por las que polic\u00edas est\u00e1n procesados y las pruebas \u201cplantadas\u201d en perjuicio de un jardinero con el objeto de \u201cdesviar\u201d la investigaci\u00f3n. En dialogo con ARIES, Escudero consider\u00f3 que, ambas causas, tienen como protagonistas a los polic\u00edas Walter [&hellip;]<\/p>\n","protected":false},"author":2,"featured_media":5215,"comment_status":"open","ping_status":"closed","sticky":false,"template":"","format":"standard","meta":{"footnotes":""},"categories":[6],"tags":[884,21,872],"class_list":["post-5214","post","type-post","status-publish","format-standard","has-post-thumbnail","hentry","category-notas","tag-rodrigo-bautista","tag-sonia-escudero","tag-victor-sacca"],"_links":{"self":[{"href":"https:\/\/muycritico.com.ar\/web\/index.php?rest_route=\/wp\/v2\/posts\/5214","targetHints":{"allow":["GET"]}}],"collection":[{"href":"https:\/\/muycritico.com.ar\/web\/index.php?rest_route=\/wp\/v2\/posts"}],"about":[{"href":"https:\/\/muycritico.com.ar\/web\/index.php?rest_route=\/wp\/v2\/types\/post"}],"author":[{"embeddable":true,"href":"https:\/\/muycritico.com.ar\/web\/index.php?rest_route=\/wp\/v2\/users\/2"}],"replies":[{"embeddable":true,"href":"https:\/\/muycritico.com.ar\/web\/index.php?rest_route=%2Fwp%2Fv2%2Fcomments&post=5214"}],"version-history":[{"count":3,"href":"https:\/\/muycritico.com.ar\/web\/index.php?rest_route=\/wp\/v2\/posts\/5214\/revisions"}],"predecessor-version":[{"id":5218,"href":"https:\/\/muycritico.com.ar\/web\/index.php?rest_route=\/wp\/v2\/posts\/5214\/revisions\/5218"}],"wp:featuredmedia":[{"embeddable":true,"href":"https:\/\/muycritico.com.ar\/web\/index.php?rest_route=\/wp\/v2\/media\/5215"}],"wp:attachment":[{"href":"https:\/\/muycritico.com.ar\/web\/index.php?rest_route=%2Fwp%2Fv2%2Fmedia&parent=5214"}],"wp:term":[{"taxonomy":"category","embeddable":true,"href":"https:\/\/muycritico.com.ar\/web\/index.php?rest_route=%2Fwp%2Fv2%2Fcategories&post=5214"},{"taxonomy":"post_tag","embeddable":true,"href":"https:\/\/muycritico.com.ar\/web\/index.php?rest_route=%2Fwp%2Fv2%2Ftags&post=5214"}],"curies":[{"name":"wp","href":"https:\/\/api.w.org\/{rel}","templated":true}]}}