{"id":5211,"date":"2025-02-22T18:49:10","date_gmt":"2025-02-22T21:49:10","guid":{"rendered":"https:\/\/muycritico.com.ar\/web\/?p=5211"},"modified":"2026-01-18T19:18:32","modified_gmt":"2026-01-18T22:18:32","slug":"mas-de-6000-personas-participaron-de-la-muni-en-tu-barrio-en-villa-monica","status":"publish","type":"post","link":"https:\/\/muycritico.com.ar\/web\/?p=5211","title":{"rendered":"M\u00c1S DE 6000 PERSONAS PARTICIPARON DE \u201cLA MUNI EN TU BARRIO\u201d EN VILLA M\u00d3NICA"},"content":{"rendered":"<p><strong>Con m\u00e1s servicios municipales y provinciales, volvi\u00f3 a ser un \u00e9xito la propuesta. El intendente Emiliano Durand y el Gobernador Gustavo S\u00e1enz atendieron consultas de los vecinos. Parte del gabinete provincial se sum\u00f3 al equipo de trabajo comunal.<\/strong><\/p>\n<p><!--more--><\/p>\n<p>Los asistentes fueron informados sobre el pago de tributos municipales, habilitaciones comerciales, aspectos vinculados al alumbrado p\u00fablico, microbasurales, desmalezado, cami\u00f3n atmosf\u00e9rico, inspecciones, se\u00f1alizaci\u00f3n, planos, armado de notas y Curriculum Vitae a trav\u00e9s de un stand de la Oficina de Empleo. Siempre asesorados por profesionales de distintas disciplinas.<\/p>\n<p>Cecilia Pazos, coordinadora de \u201cLa Muni en tu barrio\u201d, coment\u00f3 que en esta edici\u00f3n a los servicios municipales habituales, se sumaron nuevas prestaciones de Provincia como el Registro Civil que ofreci\u00f3 la log\u00edstica para hacer DNI. \u201cTr\u00e1nsito Municipal fue otros de los servicios muy requeridos con las licencias de conducir, y todo el programa de \u201cVolviendo a Clases\u201d con el circuito m\u00e9dico para llenar los certificados escolares\u201d, precis\u00f3 la funcionaria.<\/p>\n<p><iframe loading=\"lazy\" style=\"border: none; overflow: hidden;\" src=\"https:\/\/www.facebook.com\/plugins\/video.php?height=476&amp;href=https%3A%2F%2Fwww.facebook.com%2Fmuycriticodigital%2Fvideos%2F649337077653846%2F&amp;show_text=false&amp;width=267&amp;t=0\" width=\"267\" height=\"476\" frameborder=\"0\" scrolling=\"no\" allowfullscreen=\"allowfullscreen\"><\/iframe><\/p>\n<p>Por su parte, adem\u00e1s del Registro Civil, el Gobierno de la Provincia estuvo presente con\u00a0Upateco, Aguas del Norte y el Ente Regulador de los Servicios P\u00fablicos, entre otros servicios.<\/p>\n<blockquote class=\"instagram-media\" style=\"background: #FFF; border: 0; border-radius: 3px; box-shadow: 0 0 1px 0 rgba(0,0,0,0.5),0 1px 10px 0 rgba(0,0,0,0.15); margin: 1px; max-width: 540px; min-width: 326px; padding: 0; width: calc(100% - 2px);\" data-instgrm-captioned=\"\" data-instgrm-permalink=\"https:\/\/www.instagram.com\/reel\/DGYFeWRx9vI\/?utm_source=ig_embed&amp;utm_campaign=loading\" data-instgrm-version=\"14\">\n<div style=\"padding: 16px;\">\n<p>&nbsp;<\/p>\n<div style=\"display: flex; flex-direction: row; align-items: center;\">\n<div style=\"background-color: #f4f4f4; border-radius: 50%; flex-grow: 0; height: 40px; margin-right: 14px; width: 40px;\"><\/div>\n<div style=\"display: flex; flex-direction: column; flex-grow: 1; justify-content: center;\">\n<div style=\"background-color: #f4f4f4; border-radius: 4px; flex-grow: 0; height: 14px; margin-bottom: 6px; width: 100px;\"><\/div>\n<div style=\"background-color: #f4f4f4; border-radius: 4px; flex-grow: 0; height: 14px; width: 60px;\"><\/div>\n<\/div>\n<\/div>\n<div style=\"padding: 19% 0;\"><\/div>\n<div style=\"display: block; height: 50px; margin: 0 auto 12px; width: 50px;\"><\/div>\n<div style=\"padding-top: 8px;\">\n<div style=\"color: #3897f0; font-family: Arial,sans-serif; font-size: 14px; font-style: normal; font-weight: 550; line-height: 18px;\">Ver esta publicaci\u00f3n en Instagram<\/div>\n<\/div>\n<div style=\"padding: 12.5% 0;\"><\/div>\n<div style=\"display: flex; flex-direction: row; margin-bottom: 14px; align-items: center;\">\n<div>\n<div style=\"background-color: #f4f4f4; border-radius: 50%; height: 12.5px; width: 12.5px; transform: translateX(0px) translateY(7px);\"><\/div>\n<div style=\"background-color: #f4f4f4; height: 12.5px; transform: rotate(-45deg) translateX(3px) translateY(1px); width: 12.5px; flex-grow: 0; margin-right: 14px; margin-left: 2px;\"><\/div>\n<div style=\"background-color: #f4f4f4; border-radius: 50%; height: 12.5px; width: 12.5px; transform: translateX(9px) translateY(-18px);\"><\/div>\n<\/div>\n<div style=\"margin-left: 8px;\">\n<div style=\"background-color: #f4f4f4; border-radius: 50%; flex-grow: 0; height: 20px; width: 20px;\"><\/div>\n<div style=\"width: 0; height: 0; border-top: 2px solid transparent; border-left: 6px solid #f4f4f4; border-bottom: 2px solid transparent; transform: translateX(16px) translateY(-4px) rotate(30deg);\"><\/div>\n<\/div>\n<div style=\"margin-left: auto;\">\n<div style=\"width: 0px; border-top: 8px solid #F4F4F4; border-right: 8px solid transparent; transform: translateY(16px);\"><\/div>\n<div style=\"background-color: #f4f4f4; flex-grow: 0; height: 12px; width: 16px; transform: translateY(-4px);\"><\/div>\n<div style=\"width: 0; height: 0; border-top: 8px solid #F4F4F4; border-left: 8px solid transparent; transform: translateY(-4px) translateX(8px);\"><\/div>\n<\/div>\n<\/div>\n<div style=\"display: flex; flex-direction: column; flex-grow: 1; justify-content: center; margin-bottom: 24px;\">\n<div style=\"background-color: #f4f4f4; border-radius: 4px; flex-grow: 0; height: 14px; margin-bottom: 6px; width: 224px;\"><\/div>\n<div style=\"background-color: #f4f4f4; border-radius: 4px; flex-grow: 0; height: 14px; width: 144px;\"><\/div>\n<\/div>\n<p>&nbsp;<\/p>\n<p style=\"color: #c9c8cd; font-family: Arial,sans-serif; font-size: 14px; line-height: 17px; margin-bottom: 0; margin-top: 8px; overflow: hidden; padding: 8px 0 7px; text-align: center; text-overflow: ellipsis; white-space: nowrap;\"><a style=\"color: #c9c8cd; font-family: Arial,sans-serif; font-size: 14px; font-style: normal; font-weight: normal; line-height: 17px; text-decoration: none;\" href=\"https:\/\/www.instagram.com\/reel\/DGYFeWRx9vI\/?utm_source=ig_embed&amp;utm_campaign=loading\" target=\"_blank\" rel=\"noopener\">Una publicaci\u00f3n compartida por Muy Critico (@muycriticodigital)<\/a><\/p>\n<\/div>\n<\/blockquote>\n<p><script async src=\"\/\/www.instagram.com\/embed.js\"><\/script><\/p>\n<p>Al respecto\u00a0Dolores Montarc\u00e9, coordinadora del Ministerio de Desarrollo Social precis\u00f3: \u201cHoy a trav\u00e9s del Ministerio estamos ofreciendo un servicio oftalmol\u00f3gico para los ni\u00f1os. Adem\u00e1s de ver aspectos de salud, le vamos a dar anteojos porque sabemos que son caros. Ha sido un \u00e9xito. Estamos muy contentos con este trabajo en conjunto entre la Municipalidad y la Provincia. El intendente Durand y el gobernador S\u00e1enz, nos piden constantemente asistir y dignificar el trabajo de los salte\u00f1os. Esto es un gran logro de la Municipalidad\u201d.<\/p>\n<p>Adem\u00e1s de todo el equipo municipal, en esta ocasi\u00f3n gran parte del gabinete provincial se sum\u00f3 a la \u201cMuni en tu barrio\u201d. Con cada edici\u00f3n que pasa, este programa de asistencia al vecino en territorio, cobra m\u00e1s importancia no solo por las respuestas inmediatas que ofrece, sino tambi\u00e9n por el conjunto de servicios articulados que la Municipalidad y la Provincia acercan a los vecinos. La pr\u00f3xima edici\u00f3n de este programa ser\u00e1 el 15 de marzo en Villa Lavalle.<\/p>\n<p><iframe loading=\"lazy\" title=\"M\u00e1s de 6000 personas participaron de \u201cLa Muni en tu barrio\u201d en Villa M\u00f3nica\" width=\"696\" height=\"392\" src=\"https:\/\/www.youtube.com\/embed\/S8pSSHN08Sk?start=6&#038;feature=oembed\" frameborder=\"0\" allow=\"accelerometer; autoplay; clipboard-write; encrypted-media; gyroscope; picture-in-picture; web-share\" referrerpolicy=\"strict-origin-when-cross-origin\" allowfullscreen><\/iframe><\/p>\n","protected":false},"excerpt":{"rendered":"<p>Con m\u00e1s servicios municipales y provinciales, volvi\u00f3 a ser un \u00e9xito la propuesta. El intendente Emiliano Durand y el Gobernador Gustavo S\u00e1enz atendieron consultas de los vecinos. Parte del gabinete provincial se sum\u00f3 al equipo de trabajo comunal.<\/p>\n","protected":false},"author":2,"featured_media":5212,"comment_status":"open","ping_status":"closed","sticky":false,"template":"","format":"standard","meta":{"footnotes":""},"categories":[6],"tags":[872],"class_list":["post-5211","post","type-post","status-publish","format-standard","has-post-thumbnail","hentry","category-notas","tag-victor-sacca"],"_links":{"self":[{"href":"https:\/\/muycritico.com.ar\/web\/index.php?rest_route=\/wp\/v2\/posts\/5211","targetHints":{"allow":["GET"]}}],"collection":[{"href":"https:\/\/muycritico.com.ar\/web\/index.php?rest_route=\/wp\/v2\/posts"}],"about":[{"href":"https:\/\/muycritico.com.ar\/web\/index.php?rest_route=\/wp\/v2\/types\/post"}],"author":[{"embeddable":true,"href":"https:\/\/muycritico.com.ar\/web\/index.php?rest_route=\/wp\/v2\/users\/2"}],"replies":[{"embeddable":true,"href":"https:\/\/muycritico.com.ar\/web\/index.php?rest_route=%2Fwp%2Fv2%2Fcomments&post=5211"}],"version-history":[{"count":1,"href":"https:\/\/muycritico.com.ar\/web\/index.php?rest_route=\/wp\/v2\/posts\/5211\/revisions"}],"predecessor-version":[{"id":5213,"href":"https:\/\/muycritico.com.ar\/web\/index.php?rest_route=\/wp\/v2\/posts\/5211\/revisions\/5213"}],"wp:featuredmedia":[{"embeddable":true,"href":"https:\/\/muycritico.com.ar\/web\/index.php?rest_route=\/wp\/v2\/media\/5212"}],"wp:attachment":[{"href":"https:\/\/muycritico.com.ar\/web\/index.php?rest_route=%2Fwp%2Fv2%2Fmedia&parent=5211"}],"wp:term":[{"taxonomy":"category","embeddable":true,"href":"https:\/\/muycritico.com.ar\/web\/index.php?rest_route=%2Fwp%2Fv2%2Fcategories&post=5211"},{"taxonomy":"post_tag","embeddable":true,"href":"https:\/\/muycritico.com.ar\/web\/index.php?rest_route=%2Fwp%2Fv2%2Ftags&post=5211"}],"curies":[{"name":"wp","href":"https:\/\/api.w.org\/{rel}","templated":true}]}}