{"id":5208,"date":"2025-02-22T18:37:51","date_gmt":"2025-02-22T21:37:51","guid":{"rendered":"https:\/\/muycritico.com.ar\/web\/?p=5208"},"modified":"2026-01-18T19:18:32","modified_gmt":"2026-01-18T22:18:32","slug":"ocho-condenados-por-venta-de-estupefacientes-en-el-penal-de-villa-las-rosas","status":"publish","type":"post","link":"https:\/\/muycritico.com.ar\/web\/?p=5208","title":{"rendered":"OCHO CONDENADOS POR VENTA DE ESTUPEFACIENTES EN EL PENAL DE VILLA LAS ROSAS"},"content":{"rendered":"<p><strong>Se trata de tres mujeres y cuatro hombres. Cumplir\u00e1n condenas que van desde los 10 a\u00f1os a un a\u00f1o de prisi\u00f3n. El fiscal Penal de la Unidad Fiscal contra la Narcocriminalidad (UFINAR), Gustavo Torres Rubelt, represent\u00f3 al Ministerio P\u00fablico Fiscal en la audiencia multiprop\u00f3sito celebrada ante la Sala 2 del Tribunal de Juicio en la que siete personas fueron condenadas como coautores del delito de comercializaci\u00f3n de estupefacientes y otra por tenencia simple de estupefacientes.<\/strong><\/p>\n<p><!--more--><\/p>\n<p>Tras conocer las pruebas que UFINAR recolect\u00f3 en su contra, los acusados admitieron su responsabilidad en los hechos y se dictaron las siguientes condenas:<\/p>\n<p>Daniela del Carmen Diprimo: condenada a seis a\u00f1os de prisi\u00f3n de ejecuci\u00f3n efectiva por el delito de comercializaci\u00f3n de estupefacientes agravada por cometerse en un establecimiento de detenci\u00f3n.<\/p>\n<p>Vanesa de los \u00c1ngeles Flores: condenada a un a\u00f1o de prisi\u00f3n de cumplimiento efectivo.<\/p>\n<p>Adriana Elizabeth Coria: condenada a dos a\u00f1os y cuatro meses de prisi\u00f3n de ejecuci\u00f3n condicional.<\/p>\n<p>Jorge Sebasti\u00e1n Di Primo: condenado a dos a\u00f1os y cuatro meses de prisi\u00f3n de ejecuci\u00f3n efectiva por tenencia simple.<\/p>\n<p>Jos\u00e9 Ignacio Flores: condenado a un a\u00f1o de prisi\u00f3n y, por unificaci\u00f3n de penas con una condena anterior a cuatro a\u00f1os, deber\u00e1 cumplir cinco a\u00f1os de prisi\u00f3n. Se lo declar\u00f3 reincidente.<\/p>\n<p>Samuel Antonio Quispe: condenado a seis a\u00f1os de prisi\u00f3n de ejecuci\u00f3n efectiva por el delito de comercializaci\u00f3n de estupefacientes agravada por cometerse en un establecimiento de detenci\u00f3n y, por unificaci\u00f3n de penas con una condena anterior a cuatro a\u00f1os, deber\u00e1 cumplir diez a\u00f1os de prisi\u00f3n. Se lo declar\u00f3 reincidente.<\/p>\n<p>Ignacio Nicol\u00e1s Quispe M\u00e1rquez: condenado a un a\u00f1o y dos meses de prisi\u00f3n de ejecuci\u00f3n efectiva. Por unificaci\u00f3n de penas con una condena anterior, deber\u00e1 cumplir siete a\u00f1os y dos meses de prisi\u00f3n.<\/p>\n<p>Andr\u00e9s Agust\u00edn Quispe: condenado a dos a\u00f1os y cuatro meses de prisi\u00f3n de ejecuci\u00f3n efectiva y fue declarado reincidente.<\/p>\n<p>La intervenci\u00f3n de UFINAR se inici\u00f3 a ra\u00edz de denuncias efectuadas a la web del Ministerio P\u00fablico Fiscal y de una presentada el 2 de diciembre de 2022 por el Fiscal General, titular de la Procuradur\u00eda de Violencia Institucional de la Procuraci\u00f3n General de la Naci\u00f3n. Estas denuncias alertaban sobre el ingreso de sustancias estupefacientes a la Unidad Carcelaria de Villa Las Rosas, donde eran comercializadas por internos.<\/p>\n<p>Mediante el entrecruzamiento de informaci\u00f3n de los sospechosos, los investigadores de la Unidad de Investigaci\u00f3n UFINAR obtuvieron elementos probatorios que demostraban que los acusados comercializaban sustancias estupefacientes, desempe\u00f1ando funciones y roles distintos pero complementarios, con el objetivo com\u00fan de vender drogas ilegales.<\/p>\n","protected":false},"excerpt":{"rendered":"<p>Se trata de tres mujeres y cuatro hombres. Cumplir\u00e1n condenas que van desde los 10 a\u00f1os a un a\u00f1o de prisi\u00f3n. El fiscal Penal de la Unidad Fiscal contra la Narcocriminalidad (UFINAR), Gustavo Torres Rubelt, represent\u00f3 al Ministerio P\u00fablico Fiscal en la audiencia multiprop\u00f3sito celebrada ante la Sala 2 del Tribunal de Juicio en la [&hellip;]<\/p>\n","protected":false},"author":2,"featured_media":5209,"comment_status":"open","ping_status":"closed","sticky":false,"template":"","format":"standard","meta":{"footnotes":""},"categories":[6],"tags":[872],"class_list":["post-5208","post","type-post","status-publish","format-standard","has-post-thumbnail","hentry","category-notas","tag-victor-sacca"],"_links":{"self":[{"href":"https:\/\/muycritico.com.ar\/web\/index.php?rest_route=\/wp\/v2\/posts\/5208","targetHints":{"allow":["GET"]}}],"collection":[{"href":"https:\/\/muycritico.com.ar\/web\/index.php?rest_route=\/wp\/v2\/posts"}],"about":[{"href":"https:\/\/muycritico.com.ar\/web\/index.php?rest_route=\/wp\/v2\/types\/post"}],"author":[{"embeddable":true,"href":"https:\/\/muycritico.com.ar\/web\/index.php?rest_route=\/wp\/v2\/users\/2"}],"replies":[{"embeddable":true,"href":"https:\/\/muycritico.com.ar\/web\/index.php?rest_route=%2Fwp%2Fv2%2Fcomments&post=5208"}],"version-history":[{"count":1,"href":"https:\/\/muycritico.com.ar\/web\/index.php?rest_route=\/wp\/v2\/posts\/5208\/revisions"}],"predecessor-version":[{"id":5210,"href":"https:\/\/muycritico.com.ar\/web\/index.php?rest_route=\/wp\/v2\/posts\/5208\/revisions\/5210"}],"wp:featuredmedia":[{"embeddable":true,"href":"https:\/\/muycritico.com.ar\/web\/index.php?rest_route=\/wp\/v2\/media\/5209"}],"wp:attachment":[{"href":"https:\/\/muycritico.com.ar\/web\/index.php?rest_route=%2Fwp%2Fv2%2Fmedia&parent=5208"}],"wp:term":[{"taxonomy":"category","embeddable":true,"href":"https:\/\/muycritico.com.ar\/web\/index.php?rest_route=%2Fwp%2Fv2%2Fcategories&post=5208"},{"taxonomy":"post_tag","embeddable":true,"href":"https:\/\/muycritico.com.ar\/web\/index.php?rest_route=%2Fwp%2Fv2%2Ftags&post=5208"}],"curies":[{"name":"wp","href":"https:\/\/api.w.org\/{rel}","templated":true}]}}