{"id":5203,"date":"2025-02-21T09:13:53","date_gmt":"2025-02-21T12:13:53","guid":{"rendered":"https:\/\/muycritico.com.ar\/web\/?p=5203"},"modified":"2026-01-18T19:18:32","modified_gmt":"2026-01-18T22:18:32","slug":"tres-contra-el-crimen-de-las-francesas","status":"publish","type":"post","link":"https:\/\/muycritico.com.ar\/web\/?p=5203","title":{"rendered":"TRES CONTRA EL CRIMEN (DE LAS FRANCESAS)"},"content":{"rendered":"<p><strong>Qued\u00f3 conformada la Unidad Fiscal que impulsara la nueva etapa investigativa por el crimen de las turistas francesas. El 17 de febrero pasado, la Procuraci\u00f3n General de la Provincia dict\u00f3 la Resoluci\u00f3n N\u00b0 1594\/25 disponiendo la creaci\u00f3n de una Unidad Especial, conformada por la fiscal penal Mar\u00eda Luj\u00e1n Sodero Calvet, a cargo de la Unidad de Femicidios (UFEM);\u00a0 el Fiscal Penal de Transici\u00f3n, Pablo Rodrigo Paz; y el Fiscal Penal UGAP,\u00a0 Gabriel Gonz\u00e1lez. \u00bfQuienes son y que antecedentes tienen estos tres funcionarios para investigar el peor caso en la historia criminal de Salta?<\/strong><\/p>\n<p><!--more--><\/p>\n<p>El doble crimen de Cassandre Bouvier y Houria Moumni, asesinadas en 2011 y halladas en la Quebrada de San Lorenzo tiene un nuevo cap\u00edtulo. Tras el sobreseimiento definitivo de Santos Clemente Vera, encarcelado injustamente por 10 a\u00f1os en lo que constituye el mayor papel\u00f3n en la historia judicial de la provincia de Salta, la procuraci\u00f3n \u201cimpulsar\u00e1 la nueva etapa investigativa por el crimen de las turistas francesas\u201d, tal como titula el MPF en su \u00faltimo parte de prensa.<\/p>\n<p>Un elemento clave para resolver el rompecabezas que parece cada vez alejarse m\u00e1s de la verdad es el hecho que destacaba el defensor de Vera en una nota con MUY CRITICO, y es que Gustavo Lasi, el \u00fanico condenado por el aberrante doble crimen, no pudo haber actuado solo.<\/p>\n<p>As\u00ed las cosas, El Ministerio P\u00fablico Fiscal de Salta dispuso la creaci\u00f3n de una Unidad Fiscal Especializada para continuar con la investigaci\u00f3n del crimen de las turistas francesas. Esta decisi\u00f3n se tom\u00f3 luego del fallo del Tribunal de Impugnaci\u00f3n Sala IV, que el 30 de diciembre de 2024 resolvi\u00f3 el sobreseimiento de Santos Clemente Vera, invocando la figura de la insubsistencia de la acci\u00f3n penal debido al transcurso del tiempo y su impacto en el derecho a ser juzgado en un plazo razonable.<\/p>\n<p>Este fallo se dict\u00f3 en cumplimiento de lo ordenado por la Corte Suprema de Justicia de la Naci\u00f3n, que el 7 de diciembre de 2023 dej\u00f3 sin efecto la condena impuesta por el Tribunal de Impugnaci\u00f3n Sala I, y confirmada por la Corte de Justicia de Salta en el a\u00f1o 2016. La Corte Suprema no se pronunci\u00f3 sobre la culpabilidad o inocencia de Santos Vera, sino que cuestion\u00f3 irregularidades procesales y dispuso que la justicia salte\u00f1a dicte un nuevo pronunciamiento de conformidad a la normativa vigente en el C\u00f3digo Procesal Penal. En respuesta, la Corte de Justicia de Salta remiti\u00f3 la causa al Tribunal de Impugnaci\u00f3n, que finalmente dict\u00f3 el sobreseimiento de Vera por los motivos antes se\u00f1alados.<\/p>\n<p>Ante este escenario, el d\u00eda lunes 17 de febrero la Procuraci\u00f3n General de la Provincia dict\u00f3 la Resoluci\u00f3n N\u00b0 1594\/25 disponiendo la creaci\u00f3n de una Unidad Especial, conformada por la fiscal penal\u00a0 Mar\u00eda Luj\u00e1n Sodero Calvet, a cargo de la Unidad de Femicidios (UFEM);\u00a0 el Fiscal Penal de Transici\u00f3n, Pablo Rodrigo Paz; y el Fiscal Penal UGAP,\u00a0 Gabriel Gonz\u00e1lez.<\/p>\n<p><strong>\u00bfQui\u00e9nes son estos tres que tendr\u00e1n semejante responsabilidad? \u00a0<\/strong><\/p>\n<p><strong>Gabriel Alejandro Gonz\u00e1lez<\/strong> se desempe\u00f1\u00f3 en el cargo de fiscal penal del Distrito Judicial Centro jur\u00f3 ante el procurador anterior, <strong>Abel Cornejo<\/strong>, quien en 2019 tom\u00f3 en consideraci\u00f3n las necesidades funcionales de la Unidad de Delitos Econ\u00f3micos Complejos, Fiscal\u00eda Penal N\u00b0 2 y de la Fiscal\u00eda Penal de General G\u00fcemes y Rosario de Lerma, y en consecuencia asign\u00f3 nuevos magistrados y funcionarios.<\/p>\n<p>Garc\u00eda Castiella lo design\u00f3 para sumarse a la unidad que investigar\u00e1 el crimen de las francesas.<\/p>\n<p>El otro fiscal es <strong>Pablo Paz<\/strong>, quien estuvo en un principio en la unidad que investig\u00f3 el homicidio de <strong>Jimena Salas<\/strong>, sin resultado alguno. Tiene un largo rato trabajando en la unidad de Graves Atentados contra las Personas y pas\u00f3 por diversos casos criminales.<\/p>\n<p>Por \u00faltimo y no menos importante, la \u201cdama de hierro\u201d de la administraci\u00f3n Cornejo, la <strong>Dra. Mar\u00eda Luj\u00e1n Sodero Calvet<\/strong>, quien en 2020 se fue designada como Directora del Cuerpo de Investigaciones Fiscales.<\/p>\n<p>Estuvo en el caso del homicidio de <strong>Paola \u00c1vila<\/strong> en barrio Puerto Argentino. La vendedora de drogas que fue asesinada de un piedrazo en la cabeza y que por aquel caso mandaron a detener a la mitad de los drogadictos de esa barriada.<\/p>\n<p>Aunque vale la pena destacar un p\u00e1rrafo que le dedic\u00f3 el tribuno, el 6 de junio de 2019, en una nota titulada: \u201cEl Vaticano pide colaboraci\u00f3n con la justicia, y en Salta no hay coherencia\u201d, de Silvia Noviasky. All\u00ed se se\u00f1ala que \u201centre la catarata de cambios que trajo la llegada de Abel Cornejo a la Procuraci\u00f3n, hubo uno que despert\u00f3 alarmas, el de Mar\u00eda Luj\u00e1n Sodero Calvet. La fiscal pas\u00f3 de la Unidad de Delitos Contra la Integridad Sexual (Udis) a la de Graves Atentados contra las Personas (Ugap). Tambi\u00e9n qued\u00f3 a cargo de la Coordinaci\u00f3n General de Unidades Fiscales. Sodero investig\u00f3 dos de los casos m\u00e1s resonantes en materia de abusos eclesi\u00e1sticos: el de Agust\u00edn Rosa Torino y el de Jos\u00e9 Aguilera, dos sacerdotes influyentes que terminaron con prisi\u00f3n domiciliaria a pesar de su oposici\u00f3n\u201d.<\/p>\n<p><img loading=\"lazy\" decoding=\"async\" class=\"aligncenter size-full wp-image-5130\" src=\"https:\/\/muycritico.com.ar\/web\/wp-content\/uploads\/2025\/02\/TURISTAS-FRANCESAS.jpg\" alt=\"\" width=\"1128\" height=\"529\" srcset=\"https:\/\/muycritico.com.ar\/web\/wp-content\/uploads\/2025\/02\/TURISTAS-FRANCESAS.jpg 1128w, https:\/\/muycritico.com.ar\/web\/wp-content\/uploads\/2025\/02\/TURISTAS-FRANCESAS-768x360.jpg 768w\" sizes=\"auto, (max-width: 1128px) 100vw, 1128px\" \/><\/p>\n<p><strong>Lo que sigue<\/strong><\/p>\n<p>Ya con anterioridad la fiscal de Impugnaci\u00f3n, en fecha 10 de febrero hab\u00eda requerido la extracci\u00f3n de copias y formaci\u00f3n de incidente para que las actuaciones bajen al juzgado correspondiente lo que permitir\u00eda continuar con su tramitaci\u00f3n.<\/p>\n<p>La investigaci\u00f3n deber\u00e1 estar a cargo de un Juez de Instrucci\u00f3n en Transici\u00f3n, en cumplimiento de la normativa procesal vigente al momento de la comisi\u00f3n de los hechos. La Unidad Fiscal deber\u00e1 profundizar un an\u00e1lisis integral que contemple no solo la recolecci\u00f3n de nuevas evidencias, sino en la reevaluaci\u00f3n de las pruebas existentes, bajo un enfoque exhaustivo y multidisciplinario. Esto con la finalidad de agotar todas las l\u00edneas de pesquisas disponibles.<\/p>\n<p>Se tuvo en cuenta adem\u00e1s, que se encuentra vigente la Ley 26196, que aprueba el Convenio de Asistencia Judicial en Materia Penal entre el Gobierno de la Rep\u00fablica Argentina y el Gobierno de la Rep\u00fablica Francesa. Este convenio compromete a ambos Estados a brindarse mutuamente la m\u00e1s amplia asistencia judicial posible en todo procedimiento relativo a delitos penales (art. 1 del convenio), lo que constituye un mecanismo v\u00e1lido aplicable al caso, sobre todo en funci\u00f3n de posibles solicitudes en materia de prueba cient\u00edfica.<\/p>\n<p>Destaca la Resoluci\u00f3n, que el acceso a la justicia y la protecci\u00f3n de las v\u00edctimas no solo constituyen principios fundamentales del derecho internacional, sino que tambi\u00e9n imponen a los Estados la responsabilidad de garantizar investigaciones exhaustivas, imparciales y eficientes, en cumplimiento de los est\u00e1ndares internacionales de derechos humanos. En este sentido, considera que la investigaci\u00f3n debe mantenerse activa, utilizando herramientas de an\u00e1lisis cient\u00edfico y tecnol\u00f3gico actualizado, colaborando directamente con el Juez de Instrucci\u00f3n.<\/p>\n<figure id=\"attachment_389\" aria-describedby=\"caption-attachment-389\" style=\"width: 900px\" class=\"wp-caption aligncenter\"><img loading=\"lazy\" decoding=\"async\" class=\"wp-image-389 size-full\" src=\"https:\/\/muycritico.com.ar\/web\/wp-content\/uploads\/2023\/12\/TURISTAS-FRANCESAS-.jpg\" alt=\"\" width=\"900\" height=\"444\" srcset=\"https:\/\/muycritico.com.ar\/web\/wp-content\/uploads\/2023\/12\/TURISTAS-FRANCESAS-.jpg 900w, https:\/\/muycritico.com.ar\/web\/wp-content\/uploads\/2023\/12\/TURISTAS-FRANCESAS--768x379.jpg 768w, https:\/\/muycritico.com.ar\/web\/wp-content\/uploads\/2023\/12\/TURISTAS-FRANCESAS--324x160.jpg 324w, https:\/\/muycritico.com.ar\/web\/wp-content\/uploads\/2023\/12\/TURISTAS-FRANCESAS--648x320.jpg 648w\" sizes=\"auto, (max-width: 900px) 100vw, 900px\" \/><figcaption id=\"caption-attachment-389\" class=\"wp-caption-text\">La nefasta noche que levantaron los cuerpos para llevarlos a la morgue a las tres de la madrugada sin esperar la luz del alba, por cierto las mejores condiciones para examinar cad\u00e1veres y escenas de cr\u00edmenes<\/figcaption><\/figure>\n<p>En ese sentido, cabe tener presente que el caso tuvo inicio el d\u00eda 29 de julio de 2011 (fecha de hallazgo de los cuerpos), es decir, bajo la vigencia del C\u00f3digo Procesal Penal de Salta seg\u00fan Ley 6345 y modificatorias. La actual normativa procesal, sancionada por Ley 7690 (8 de diciembre de 2011), reci\u00e9n comenz\u00f3 a regir el 06 de junio de 2012 para delitos cuya pena no superara los 6 a\u00f1os de prisi\u00f3n, mientras que para la totalidad de los il\u00edcitos, el nuevo r\u00e9gimen entr\u00f3 en vigor al a\u00f1o y medio siguiente (conforme art. 7 de las normas complementarias, Ley 7590). Por otro lado, las normas generales del C\u00f3digo, seg\u00fan Ley 7690, establecen que sus disposiciones se aplicar\u00e1n a causas que se inicien a partir de su vigencia, salvo ante el supuesto de opci\u00f3n por el nuevo sistema procesal formulado por todos los imputados (art. 3, CPP y art. 2 de las normas complementarias), lo que no ocurri\u00f3 en este caso.<\/p>\n<p>Por \u00faltimo, la Resoluci\u00f3n de Procuraci\u00f3n General, instruye a la unidad fiscal a merituar la necesidad de la conformaci\u00f3n de un equipo de investigadores especiales para coadyuvar con las diligencias de investigaci\u00f3n a proponer, con la sola condici\u00f3n de que entre los seleccionados no hayan tenido intervenci\u00f3n previa en el caso.<\/p>\n<p>El procurador general de la provincia,\u00a0 Pedro Garc\u00eda Castiella, afirm\u00f3 que \u00abla vida de la acci\u00f3n penal est\u00e1 vigente y corresponde garantizar su continuidad\u00bb, asegurando que la investigaci\u00f3n seguir\u00e1 activa puesto que no acontecieron los plazos legales de prescripci\u00f3n.<\/p>\n<p>El Cuerpo de Investigaciones Fiscales (CIF) brindar\u00e1 asistencia prioritaria en todas las pericias que sean necesarias, aplicando tecnolog\u00eda de vanguardia y t\u00e9cnicas cient\u00edficas avanzadas.<\/p>\n","protected":false},"excerpt":{"rendered":"<p>Qued\u00f3 conformada la Unidad Fiscal que impulsara la nueva etapa investigativa por el crimen de las turistas francesas. El 17 de febrero pasado, la Procuraci\u00f3n General de la Provincia dict\u00f3 la Resoluci\u00f3n N\u00b0 1594\/25 disponiendo la creaci\u00f3n de una Unidad Especial, conformada por la fiscal penal Mar\u00eda Luj\u00e1n Sodero Calvet, a cargo de la Unidad [&hellip;]<\/p>\n","protected":false},"author":2,"featured_media":5204,"comment_status":"open","ping_status":"closed","sticky":false,"template":"","format":"standard","meta":{"footnotes":""},"categories":[6],"tags":[872],"class_list":["post-5203","post","type-post","status-publish","format-standard","has-post-thumbnail","hentry","category-notas","tag-victor-sacca"],"_links":{"self":[{"href":"https:\/\/muycritico.com.ar\/web\/index.php?rest_route=\/wp\/v2\/posts\/5203","targetHints":{"allow":["GET"]}}],"collection":[{"href":"https:\/\/muycritico.com.ar\/web\/index.php?rest_route=\/wp\/v2\/posts"}],"about":[{"href":"https:\/\/muycritico.com.ar\/web\/index.php?rest_route=\/wp\/v2\/types\/post"}],"author":[{"embeddable":true,"href":"https:\/\/muycritico.com.ar\/web\/index.php?rest_route=\/wp\/v2\/users\/2"}],"replies":[{"embeddable":true,"href":"https:\/\/muycritico.com.ar\/web\/index.php?rest_route=%2Fwp%2Fv2%2Fcomments&post=5203"}],"version-history":[{"count":3,"href":"https:\/\/muycritico.com.ar\/web\/index.php?rest_route=\/wp\/v2\/posts\/5203\/revisions"}],"predecessor-version":[{"id":5207,"href":"https:\/\/muycritico.com.ar\/web\/index.php?rest_route=\/wp\/v2\/posts\/5203\/revisions\/5207"}],"wp:featuredmedia":[{"embeddable":true,"href":"https:\/\/muycritico.com.ar\/web\/index.php?rest_route=\/wp\/v2\/media\/5204"}],"wp:attachment":[{"href":"https:\/\/muycritico.com.ar\/web\/index.php?rest_route=%2Fwp%2Fv2%2Fmedia&parent=5203"}],"wp:term":[{"taxonomy":"category","embeddable":true,"href":"https:\/\/muycritico.com.ar\/web\/index.php?rest_route=%2Fwp%2Fv2%2Fcategories&post=5203"},{"taxonomy":"post_tag","embeddable":true,"href":"https:\/\/muycritico.com.ar\/web\/index.php?rest_route=%2Fwp%2Fv2%2Ftags&post=5203"}],"curies":[{"name":"wp","href":"https:\/\/api.w.org\/{rel}","templated":true}]}}