{"id":5193,"date":"2025-02-20T22:35:22","date_gmt":"2025-02-21T01:35:22","guid":{"rendered":"https:\/\/muycritico.com.ar\/web\/?p=5193"},"modified":"2026-01-18T19:18:32","modified_gmt":"2026-01-18T22:18:32","slug":"el-diputado-gustavo-dantur-se-manifesto-en-contra-del-anuncio-de-la-transformacion-del-banco-nacion-en-sociedad-anonima","status":"publish","type":"post","link":"https:\/\/muycritico.com.ar\/web\/?p=5193","title":{"rendered":"EL DIPUTADO GUSTAVO DANTUR SE MANIFEST\u00d3 EN CONTRA DEL ANUNCIO DE LA TRANSFORMACI\u00d3N DEL BANCO NACI\u00d3N EN SOCIEDAD AN\u00d3NIMA"},"content":{"rendered":"<p><strong>\u201cEl gobierno nacional acaba de firmar el decreto para que el Banco Naci\u00f3n pase a ser una sociedad an\u00f3nima. Esto es el principio para una futura privatizaci\u00f3n, esto ya lo vimos en marzo de 2024, por eso mi discurso fue muy fuerte, no solo a favor\u00a0 del banco naci\u00f3n sino tambi\u00e9n en defensa de las empresas estatales, que en definitiva es defender la fuente de trabajo de los argentinos\u201d, escribi\u00f3 en sus redes sociales el legislador por MAS SALTA.<\/strong><\/p>\n<p><!--more--><\/p>\n<p>Premonitoriamente el a\u00f1o pasado el diputado Gustavo Dantur \u2013\u00bfun adelantado? \u2013 ya se la ve\u00eda venir, manifest\u00e1ndose desde su banca contra la no privatizaci\u00f3n, no solo del banco central, sino de muchas otras que le seguir\u00e1n a la decisi\u00f3n de acabar con el Estado argentino por parte del ejecutivo nacional.<\/p>\n<p>El presidente Javier Milei puso en marcha otra de sus promesas de campa\u00f1a como es la privatizaci\u00f3n del Estado, en este caso, anunci\u00f3 la transformaci\u00f3n del Banco Naci\u00f3n en sociedad an\u00f3nima, lo cual repercuti\u00f3 de manera negativa en el sindicato bancario y est\u00e1 visto como un paso previo a la privatizaci\u00f3n.<\/p>\n<p><em>La palabra de Dantur<\/em><\/p>\n<p>Acompa\u00f1amos a los trabajadores, que es acompa\u00f1ar a las familias del Banco Naci\u00f3n, que es acompa\u00f1ar los sue\u00f1os de esos trabajadores que tienen un sentido de identidad, de pertenencia, un v\u00ednculo.<\/p>\n<p>Acompa\u00f1amos tambi\u00e9n la no privatizaci\u00f3n de los ferrocarriles, de fabricaciones militares, de los yacimientos mineros. Vienen por ellos, vienen por nuestros recursos naturales; los yacimientos carbon\u00edferos fiscales \u2013YPF\u2013; el Correo Oficial de la Rep\u00fablica Argentina; Aguas Y Saneamiento de Argentina; Aerol\u00edneas Argentinas y tambi\u00e9n nuestras empresas satelitales, entre tantas otras.<\/p>\n<p>Esa es la postura \u00bfy que nos quer\u00edan decir? que traemos a colaci\u00f3n cosas inherentes a la naci\u00f3n, al estado argentino\u2026 pues sorpresa: Salta es argentina, Salta es la Naci\u00f3n y si un diputado de esta c\u00e1mara lo ha propuesto y ha querido hacer una declaraci\u00f3n, respeto.<\/p>\n<p><iframe loading=\"lazy\" style=\"border: none; overflow: hidden;\" src=\"https:\/\/www.facebook.com\/plugins\/video.php?height=420&amp;href=https%3A%2F%2Fwww.facebook.com%2F100077307805605%2Fvideos%2F1218916996726618%2F&amp;show_text=false&amp;width=560&amp;t=0\" width=\"560\" height=\"420\" frameborder=\"0\" scrolling=\"no\" allowfullscreen=\"allowfullscreen\"><\/iframe><\/p>\n<p>Hablaban tambi\u00e9n que han ganado por muchos votos, eso no les da derecho a llevarse el pa\u00eds por delante. Vivimos una democracia, le guste a quien le guste.<\/p>\n<p>\u00bfQu\u00e9 cosa me puede traer a connotaci\u00f3n el Banco Naci\u00f3n? el Banco Hipotecario Nacional. Quiero que me digan desde que se ha privatizado, desde estos vientos de cambio \u00bfcu\u00e1ntas casas, cu\u00e1ntas viviendas a fomentado la construcci\u00f3n este banco? ninguna. Pues no la hay.<\/p>\n<p>Ac\u00e1 vienen a hacer caja. No porque la necesitan sino vienen a hacer caja y si dicen que las empresas privadas las manejan los pol\u00edticos, los que hoy est\u00e1n son ustedes. Si son el \u201cdream team\u201d como se presentaron toda la vida, man\u00e9jenlo y h\u00e1ganlo eficiente. Hagan eficiente a nuestro pa\u00eds.<\/p>\n<p>\u00bfPorque saben cu\u00e1l es la mejor referencia de la palabra patria? patricio. Es patrimonio de los argentinos y tambi\u00e9n nos acusaban de que defendemos la banca p\u00fablica. Nosotros defendemos a los argentinos y as\u00ed como nos acusan de defender a la banca p\u00fablica yo tranquilamente les puedo decir: vayan a otro recinto a defender la banca privada. Ac\u00e1 defendemos a los salte\u00f1os.<\/p>\n","protected":false},"excerpt":{"rendered":"<p>\u201cEl gobierno nacional acaba de firmar el decreto para que el Banco Naci\u00f3n pase a ser una sociedad an\u00f3nima. Esto es el principio para una futura privatizaci\u00f3n, esto ya lo vimos en marzo de 2024, por eso mi discurso fue muy fuerte, no solo a favor\u00a0 del banco naci\u00f3n sino tambi\u00e9n en defensa de las [&hellip;]<\/p>\n","protected":false},"author":2,"featured_media":5194,"comment_status":"open","ping_status":"closed","sticky":false,"template":"","format":"standard","meta":{"footnotes":""},"categories":[6],"tags":[882,34,872],"class_list":["post-5193","post","type-post","status-publish","format-standard","has-post-thumbnail","hentry","category-notas","tag-banco-nacion","tag-gustavo-dantur","tag-victor-sacca"],"_links":{"self":[{"href":"https:\/\/muycritico.com.ar\/web\/index.php?rest_route=\/wp\/v2\/posts\/5193","targetHints":{"allow":["GET"]}}],"collection":[{"href":"https:\/\/muycritico.com.ar\/web\/index.php?rest_route=\/wp\/v2\/posts"}],"about":[{"href":"https:\/\/muycritico.com.ar\/web\/index.php?rest_route=\/wp\/v2\/types\/post"}],"author":[{"embeddable":true,"href":"https:\/\/muycritico.com.ar\/web\/index.php?rest_route=\/wp\/v2\/users\/2"}],"replies":[{"embeddable":true,"href":"https:\/\/muycritico.com.ar\/web\/index.php?rest_route=%2Fwp%2Fv2%2Fcomments&post=5193"}],"version-history":[{"count":2,"href":"https:\/\/muycritico.com.ar\/web\/index.php?rest_route=\/wp\/v2\/posts\/5193\/revisions"}],"predecessor-version":[{"id":5202,"href":"https:\/\/muycritico.com.ar\/web\/index.php?rest_route=\/wp\/v2\/posts\/5193\/revisions\/5202"}],"wp:featuredmedia":[{"embeddable":true,"href":"https:\/\/muycritico.com.ar\/web\/index.php?rest_route=\/wp\/v2\/media\/5194"}],"wp:attachment":[{"href":"https:\/\/muycritico.com.ar\/web\/index.php?rest_route=%2Fwp%2Fv2%2Fmedia&parent=5193"}],"wp:term":[{"taxonomy":"category","embeddable":true,"href":"https:\/\/muycritico.com.ar\/web\/index.php?rest_route=%2Fwp%2Fv2%2Fcategories&post=5193"},{"taxonomy":"post_tag","embeddable":true,"href":"https:\/\/muycritico.com.ar\/web\/index.php?rest_route=%2Fwp%2Fv2%2Ftags&post=5193"}],"curies":[{"name":"wp","href":"https:\/\/api.w.org\/{rel}","templated":true}]}}