{"id":5184,"date":"2025-02-20T11:01:30","date_gmt":"2025-02-20T14:01:30","guid":{"rendered":"https:\/\/muycritico.com.ar\/web\/?p=5184"},"modified":"2026-01-18T19:21:14","modified_gmt":"2026-01-18T22:21:14","slug":"la-investigacion-no-tendria-que-haberse-cerrado-nunca","status":"publish","type":"post","link":"https:\/\/muycritico.com.ar\/web\/?p=5184","title":{"rendered":"\u201cLA INVESTIGACI\u00d3N NO TENDR\u00cdA QUE HABERSE CERRADO NUNCA\u201d"},"content":{"rendered":"<p><strong>Lo dijo Jos\u00e9 Vargas, abogado de Santos Clemente Vera, en dialogo con MUY CRITICO. El defensor del jardinero de San Lorenzo se expres\u00f3 tras la conferencia del Procurador General de la Provincia, donde el jefe de los fiscales aclar\u00f3 que \u201cla investigaci\u00f3n se reabre\u201d; a lo que Vargas reproch\u00f3 en lo que aquella nefasta decisi\u00f3n de la justicia despu\u00e9s de que en 2014, tanto su defendido como Daniel Vilte fueran absueltos y luego Santos fuera condenado tras una ins\u00f3lita decisi\u00f3n de los jueces Luciano Martini y Rub\u00e9n Arias Nallar.<\/strong><\/p>\n<p><!--more--><\/p>\n<p>Mientras en la Procuraci\u00f3n General se designaba la nueva unidad fiscal que investigar\u00e1 el caso de las turistas francesas asesinadas en 2011, <strong>Jos\u00e9 \u201cCacho\u201d Vargas<\/strong> acced\u00eda a la requisitoria de MUY CRITICO para una nota exclusiva. All\u00ed y fuera de micr\u00f3fono mientras se tomaba un caf\u00e9 en el bar del Colegio de abogados, relataba el trauma que vive <strong>Santos Clemente Vera<\/strong> cada vez que ve parar una camioneta de la misma marca que usaron los bestiales elementos de la Brigada de investigaciones aquel d\u00eda de 2016, que el jardinero de San Lorenzo quiere enterrar entre sus recuerdos.<\/p>\n<p>Aquel d\u00eda con la resoluci\u00f3n de los infames jueces <strong>Luciano Martini y Rub\u00e9n Arias Nallar<\/strong> se lo llevaron para Villa Las Rosas y estuvo preso durante los a\u00f1os en los que a la Corte Suprema de Justicia de la Naci\u00f3n resolviera que no hab\u00eda tenido nada que ver con el ultraje y violenta muerte de Cassandre Bouvier y Houria Moumni.<\/p>\n<blockquote class=\"instagram-media\" style=\"background: #FFF; border: 0; border-radius: 3px; box-shadow: 0 0 1px 0 rgba(0,0,0,0.5),0 1px 10px 0 rgba(0,0,0,0.15); margin: 1px; max-width: 540px; min-width: 326px; padding: 0; width: calc(100% - 2px);\" data-instgrm-captioned=\"\" data-instgrm-permalink=\"https:\/\/www.instagram.com\/reel\/DGQxoRRRBSU\/?utm_source=ig_embed&amp;utm_campaign=loading\" data-instgrm-version=\"14\">\n<div style=\"padding: 16px;\">\n<p>&nbsp;<\/p>\n<div style=\"display: flex; flex-direction: row; align-items: center;\">\n<div style=\"background-color: #f4f4f4; border-radius: 50%; flex-grow: 0; height: 40px; margin-right: 14px; width: 40px;\"><\/div>\n<div style=\"display: flex; flex-direction: column; flex-grow: 1; justify-content: center;\">\n<div style=\"background-color: #f4f4f4; border-radius: 4px; flex-grow: 0; height: 14px; margin-bottom: 6px; width: 100px;\"><\/div>\n<div style=\"background-color: #f4f4f4; border-radius: 4px; flex-grow: 0; height: 14px; width: 60px;\"><\/div>\n<\/div>\n<\/div>\n<div style=\"padding: 19% 0;\"><\/div>\n<div style=\"display: block; height: 50px; margin: 0 auto 12px; width: 50px;\"><\/div>\n<div style=\"padding-top: 8px;\">\n<div style=\"color: #3897f0; font-family: Arial,sans-serif; font-size: 14px; font-style: normal; font-weight: 550; line-height: 18px;\">Ver esta publicaci\u00f3n en Instagram<\/div>\n<\/div>\n<div style=\"padding: 12.5% 0;\"><\/div>\n<div style=\"display: flex; flex-direction: row; margin-bottom: 14px; align-items: center;\">\n<div>\n<div style=\"background-color: #f4f4f4; border-radius: 50%; height: 12.5px; width: 12.5px; transform: translateX(0px) translateY(7px);\"><\/div>\n<div style=\"background-color: #f4f4f4; height: 12.5px; transform: rotate(-45deg) translateX(3px) translateY(1px); width: 12.5px; flex-grow: 0; margin-right: 14px; margin-left: 2px;\"><\/div>\n<div style=\"background-color: #f4f4f4; border-radius: 50%; height: 12.5px; width: 12.5px; transform: translateX(9px) translateY(-18px);\"><\/div>\n<\/div>\n<div style=\"margin-left: 8px;\">\n<div style=\"background-color: #f4f4f4; border-radius: 50%; flex-grow: 0; height: 20px; width: 20px;\"><\/div>\n<div style=\"width: 0; height: 0; border-top: 2px solid transparent; border-left: 6px solid #f4f4f4; border-bottom: 2px solid transparent; transform: translateX(16px) translateY(-4px) rotate(30deg);\"><\/div>\n<\/div>\n<div style=\"margin-left: auto;\">\n<div style=\"width: 0px; border-top: 8px solid #F4F4F4; border-right: 8px solid transparent; transform: translateY(16px);\"><\/div>\n<div style=\"background-color: #f4f4f4; flex-grow: 0; height: 12px; width: 16px; transform: translateY(-4px);\"><\/div>\n<div style=\"width: 0; height: 0; border-top: 8px solid #F4F4F4; border-left: 8px solid transparent; transform: translateY(-4px) translateX(8px);\"><\/div>\n<\/div>\n<\/div>\n<div style=\"display: flex; flex-direction: column; flex-grow: 1; justify-content: center; margin-bottom: 24px;\">\n<div style=\"background-color: #f4f4f4; border-radius: 4px; flex-grow: 0; height: 14px; margin-bottom: 6px; width: 224px;\"><\/div>\n<div style=\"background-color: #f4f4f4; border-radius: 4px; flex-grow: 0; height: 14px; width: 144px;\"><\/div>\n<\/div>\n<p>&nbsp;<\/p>\n<p style=\"color: #c9c8cd; font-family: Arial,sans-serif; font-size: 14px; line-height: 17px; margin-bottom: 0; margin-top: 8px; overflow: hidden; padding: 8px 0 7px; text-align: center; text-overflow: ellipsis; white-space: nowrap;\"><a style=\"color: #c9c8cd; font-family: Arial,sans-serif; font-size: 14px; font-style: normal; font-weight: normal; line-height: 17px; text-decoration: none;\" href=\"https:\/\/www.instagram.com\/reel\/DGQxoRRRBSU\/?utm_source=ig_embed&amp;utm_campaign=loading\" target=\"_blank\" rel=\"noopener\">Una publicaci\u00f3n compartida por Muy Critico (@muycriticodigital)<\/a><\/p>\n<\/div>\n<\/blockquote>\n<p><script async src=\"\/\/www.instagram.com\/embed.js\"><\/script><\/p>\n<p><strong>MUY CR\u00cdTICO \u2013Despu\u00e9s de la conferencia de prensa del procurador hay algunos conceptos que han dejado un poco confundida a la gente, sobre todo con la \u201creapertura\u201d de la investigaci\u00f3n; si podr\u00eda aclararnos ese tema\u2026<\/strong><\/p>\n<p>Jos\u00e9 Vargas \u2013Despu\u00e9s del \u00faltimo fallo en el que qued\u00f3 totalmente desvinculado <strong>Santos Clemente Vera<\/strong>, el procurador tir\u00f3 la primera piedra con respecto a la reapertura de la investigaci\u00f3n; o mejor dicho\u2026 la investigaci\u00f3n no tendr\u00eda que haberse cerrado nunca despu\u00e9s de 2014, cuando Vera y Vilte fueron absueltos.<\/p>\n<p>Y esto porque el informe pericial de Francia sobre los ADN, sobre el an\u00e1lisis de las muestras que se le tomaron a las v\u00edctimas en su momento durante la autopsia; Francia informaba que no los observaba ni a Vera ni a Vilte; y al \u00fanico que observaba era a <strong>Gustavo Lasi<\/strong>, adem\u00e1s de dos perfiles gen\u00e9ticos de otros <strong>dos masculinos desconocidos, y el perfil gen\u00e9tico de una mujer<\/strong>.<\/p>\n<p>En virtud de ese informe la investigaci\u00f3n tendr\u00eda que haber continuado ya en el 2014. Nadie dijo nada, ni el <strong>Ministerio P\u00fablico<\/strong>, nadie\u2026 y todo qued\u00f3 como que ya estaba cerrada la cuesti\u00f3n, con Vera y Vilte absueltos pero como este crimen aberrante no lo pudo haber cometido \u00fanicamente Lasi, ten\u00eda que seguir. El fiscal cas\u00f3 la absoluci\u00f3n de Vera, pidi\u00f3 su nulidad y pidi\u00f3 que se ordene un nuevo juicio. La causa lleg\u00f3 al Tribunal de Impugnaci\u00f3n Sala Tercera y directamente fue condenado Vera en el a\u00f1o 2016 y volvi\u00f3 a prisi\u00f3n.<\/p>\n<p>Pero durante ese tiempo estaba vigente el informe de Francia sobre los ADN. Ese informe se conoci\u00f3 durante la Instrucci\u00f3n antes de que el perito oficial haga el informe de parte, el Dr. Corach, el perito oficial haga los informes sobre los ADN.<\/p>\n<p>Entonces ya se conoc\u00edan en el 2011 estos perfiles gen\u00e9ticos correspondientes a dos personas masculinas desconocidas y una femenina. Pues bien, el Dr. Garc\u00eda Castiella dijo que se va a \u201creabrir la investigaci\u00f3n\u201d y yo creo que\u2026 c\u00f3mo se va a reabrir. Inmediatamente debe seguir la investigar a quienes pertenecen esos perfiles desconocidos. Es decir tiene motivos de sobra para proseguir con la investigaci\u00f3n.<\/p>\n<p>Porque hay que darle una respuesta satisfactoria a los padres de las victimas y especialmente al se\u00f1or Bouvier, que estuvo presente durante todo el debate y luego continua buscando una respuesta de quienes son los autores del crimen de su hija.<\/p>\n<p><strong>\u00bfCu\u00e1l es la situaci\u00f3n de su defendido actualmente?<\/strong><\/p>\n<p>Santos Clemente Vera gracias a Dios qued\u00f3 totalmente desvinculado de esta causa. Con el \u00faltimo fallo porque lo sobresee. Y para dictar ese sobreseimiento el tribunal de impugnaci\u00f3n sala cuarta recurri\u00f3 a la vigencia del plazo razonable y a la extinci\u00f3n de la acci\u00f3n penal con respecto a Vera.<\/p>\n<p>Ahora con respecto a la continuaci\u00f3n o a la prescripci\u00f3n de la acci\u00f3n penal todav\u00eda est\u00e1 vigente la acci\u00f3n penal porque prescribe a los 15 a\u00f1os.<\/p>\n<p><strong>\u00bfC\u00f3mo cree que va a seguir la investigaci\u00f3n? con los elementos que usted est\u00e1 citando, que son los ADN y si adem\u00e1s usted tiene otros conocimientos para aportar porque el procurador llam\u00f3 a que si alguien tiene algo para aportar\u2026<\/strong><\/p>\n<p>Creo que la parte interesada para hacer su aporte es la querella, la parte querellante, es decir el Gobierno, que ser\u00eda el principal interesado en que esta parte contin\u00fae. Habr\u00eda que ver si el ministerio p\u00fablico hace algo para continuar con esta investigaci\u00f3n.<\/p>\n<p>Lo \u00fanico que hay hasta ahora es una presentaci\u00f3n de la Dra. Poma en la causa de las francesas donde pidi\u00f3 que se extraigan las copias pertinentes para enviar un juego de esas copias y continuar con la investigaci\u00f3n en un tribunal de transici\u00f3n, dijo ella.<\/p>\n<p>Pero inmediatamente se podr\u00eda seguir la investigaci\u00f3n tratando de averiguar a quienes corresponden esos perfiles de ADN desconocidos.<\/p>\n","protected":false},"excerpt":{"rendered":"<p>Lo dijo Jos\u00e9 Vargas, abogado de Santos Clemente Vera, en dialogo con MUY CRITICO. El defensor del jardinero de San Lorenzo se expres\u00f3 tras la conferencia del Procurador General de la Provincia, donde el jefe de los fiscales aclar\u00f3 que \u201cla investigaci\u00f3n se reabre\u201d; a lo que Vargas reproch\u00f3 en lo que aquella nefasta decisi\u00f3n [&hellip;]<\/p>\n","protected":false},"author":2,"featured_media":5185,"comment_status":"open","ping_status":"closed","sticky":false,"template":"","format":"standard","meta":{"footnotes":""},"categories":[6],"tags":[597,195,881,305,45,872],"class_list":["post-5184","post","type-post","status-publish","format-standard","has-post-thumbnail","hentry","category-notas","tag-caso-turistas-francesas","tag-gustavo-lasi","tag-jose-vargas","tag-luciano-martini-y-ruben-arias-nallar","tag-santos-clemente-vera","tag-victor-sacca"],"_links":{"self":[{"href":"https:\/\/muycritico.com.ar\/web\/index.php?rest_route=\/wp\/v2\/posts\/5184","targetHints":{"allow":["GET"]}}],"collection":[{"href":"https:\/\/muycritico.com.ar\/web\/index.php?rest_route=\/wp\/v2\/posts"}],"about":[{"href":"https:\/\/muycritico.com.ar\/web\/index.php?rest_route=\/wp\/v2\/types\/post"}],"author":[{"embeddable":true,"href":"https:\/\/muycritico.com.ar\/web\/index.php?rest_route=\/wp\/v2\/users\/2"}],"replies":[{"embeddable":true,"href":"https:\/\/muycritico.com.ar\/web\/index.php?rest_route=%2Fwp%2Fv2%2Fcomments&post=5184"}],"version-history":[{"count":1,"href":"https:\/\/muycritico.com.ar\/web\/index.php?rest_route=\/wp\/v2\/posts\/5184\/revisions"}],"predecessor-version":[{"id":5186,"href":"https:\/\/muycritico.com.ar\/web\/index.php?rest_route=\/wp\/v2\/posts\/5184\/revisions\/5186"}],"wp:featuredmedia":[{"embeddable":true,"href":"https:\/\/muycritico.com.ar\/web\/index.php?rest_route=\/wp\/v2\/media\/5185"}],"wp:attachment":[{"href":"https:\/\/muycritico.com.ar\/web\/index.php?rest_route=%2Fwp%2Fv2%2Fmedia&parent=5184"}],"wp:term":[{"taxonomy":"category","embeddable":true,"href":"https:\/\/muycritico.com.ar\/web\/index.php?rest_route=%2Fwp%2Fv2%2Fcategories&post=5184"},{"taxonomy":"post_tag","embeddable":true,"href":"https:\/\/muycritico.com.ar\/web\/index.php?rest_route=%2Fwp%2Fv2%2Ftags&post=5184"}],"curies":[{"name":"wp","href":"https:\/\/api.w.org\/{rel}","templated":true}]}}