{"id":5179,"date":"2025-02-19T14:45:45","date_gmt":"2025-02-19T17:45:45","guid":{"rendered":"https:\/\/muycritico.com.ar\/web\/?p=5179"},"modified":"2026-01-18T19:21:14","modified_gmt":"2026-01-18T22:21:14","slug":"municipalidad-y-provincia-pondran-en-valor-17-salones-de-usos-multiples-de-la-ciudad","status":"publish","type":"post","link":"https:\/\/muycritico.com.ar\/web\/?p=5179","title":{"rendered":"MUNICIPALIDAD Y PROVINCIA PONDR\u00c1N EN VALOR 17 SALONES DE USOS M\u00daLTIPLES DE LA CIUDAD"},"content":{"rendered":"<p><strong>Est\u00e1n ubicados en la zona oeste alta, zona norte y zona sudeste. Se firm\u00f3 un convenio de colaboraci\u00f3n consistente en la cesi\u00f3n en comodato de estos espacios. Servicios como la escuela de emprendedores y la f\u00e1brica municipal ser\u00e1n llevados a estos recintos.<\/strong><\/p>\n<p><!--more--><\/p>\n<p>La Municipalidad de Salta y el Gobierno de la Provincia firmaron un convenio de colaboraci\u00f3n, para que el municipio utilice 17 salones de usos m\u00faltiples en distintos barrios de la ciudad. El convenio fue firmado por el intendente, Emiliano Durand, y el ministro de Gobierno, Derechos Humanos y Trabajo, Ricardo Villada.<\/p>\n<p>Inicialmente, los salones de usos m\u00faltiples est\u00e1n en los siguientes barrios: La Paz, Palermo 1 y 2, San Benito, Juan Manuel de Rosas, Asunci\u00f3n, 17 de Mayo, Altos La Vi\u00f1a, Virgen del Rosario, San Silvestre, Sanidad, Solidaridad 1 y 2, Calchaqu\u00ed, Limache, Libertad y Palmeritas. Se espera que m\u00e1s espacios de estas caracter\u00edsticas se vayan sumando.<\/p>\n<p><iframe loading=\"lazy\" title=\"Municipalidad y Provincia pondr\u00e1n en valor 17 salones de usos m\u00faltiples de la ciudad\" width=\"696\" height=\"392\" src=\"https:\/\/www.youtube.com\/embed\/uAzHCJOqwk8?feature=oembed\" frameborder=\"0\" allow=\"accelerometer; autoplay; clipboard-write; encrypted-media; gyroscope; picture-in-picture; web-share\" referrerpolicy=\"strict-origin-when-cross-origin\" allowfullscreen><\/iframe><\/p>\n<p>\u201cVenimos trabajando conjuntamente con Provincia haciendo muchas cosas por la Capital. Con este convenio queremos llevar m\u00e1s soluciones a los vecinos. Vamos a darle un salto de calidad a los servicios que ofrecemos desde la Municipalidad. Llevaremos propuestas de la UPATECo, Escuela de Emprendedores, Registro Civil y nuevas f\u00e1bricas municipales. Vamos a poner en valor estos salones de usos m\u00faltiples, precis\u00f3 Emiliano Durand.<\/p>\n<p>La finalidad no solo es ser m\u00e1s r\u00e1pidos en la respuesta al vecino, sino tambi\u00e9n avanzar en la descentralizaci\u00f3n de los servicios municipales. Ya se est\u00e1 trabajando en los salones de usos m\u00faltiples, recuperando aspectos edilicios. El convenio consiste en la cesi\u00f3n en comodato de estos espacios, a la Municipalidad.<\/p>\n<p>Por su parte el ministro Villada sostuvo que esta es una decisi\u00f3n trascendente para los vecinos. \u201cEmiliano habl\u00f3 con el Gobernador Gustavo S\u00e1enz y los dos entienden la necesidad de darle un uso social, cultural y de emprendedores a estos SUM. Emiliano pondr\u00e1 todo el esfuerzo para que estos espacios est\u00e9n al 100% para los vecinos. Nos llena de alegr\u00eda poder trabajar en conjunto\u201d precis\u00f3 el funcionario provincial.<\/p>\n","protected":false},"excerpt":{"rendered":"<p>Est\u00e1n ubicados en la zona oeste alta, zona norte y zona sudeste. Se firm\u00f3 un convenio de colaboraci\u00f3n consistente en la cesi\u00f3n en comodato de estos espacios. Servicios como la escuela de emprendedores y la f\u00e1brica municipal ser\u00e1n llevados a estos recintos.<\/p>\n","protected":false},"author":2,"featured_media":5180,"comment_status":"open","ping_status":"closed","sticky":false,"template":"","format":"standard","meta":{"footnotes":""},"categories":[6],"tags":[872],"class_list":["post-5179","post","type-post","status-publish","format-standard","has-post-thumbnail","hentry","category-notas","tag-victor-sacca"],"_links":{"self":[{"href":"https:\/\/muycritico.com.ar\/web\/index.php?rest_route=\/wp\/v2\/posts\/5179","targetHints":{"allow":["GET"]}}],"collection":[{"href":"https:\/\/muycritico.com.ar\/web\/index.php?rest_route=\/wp\/v2\/posts"}],"about":[{"href":"https:\/\/muycritico.com.ar\/web\/index.php?rest_route=\/wp\/v2\/types\/post"}],"author":[{"embeddable":true,"href":"https:\/\/muycritico.com.ar\/web\/index.php?rest_route=\/wp\/v2\/users\/2"}],"replies":[{"embeddable":true,"href":"https:\/\/muycritico.com.ar\/web\/index.php?rest_route=%2Fwp%2Fv2%2Fcomments&post=5179"}],"version-history":[{"count":1,"href":"https:\/\/muycritico.com.ar\/web\/index.php?rest_route=\/wp\/v2\/posts\/5179\/revisions"}],"predecessor-version":[{"id":5181,"href":"https:\/\/muycritico.com.ar\/web\/index.php?rest_route=\/wp\/v2\/posts\/5179\/revisions\/5181"}],"wp:featuredmedia":[{"embeddable":true,"href":"https:\/\/muycritico.com.ar\/web\/index.php?rest_route=\/wp\/v2\/media\/5180"}],"wp:attachment":[{"href":"https:\/\/muycritico.com.ar\/web\/index.php?rest_route=%2Fwp%2Fv2%2Fmedia&parent=5179"}],"wp:term":[{"taxonomy":"category","embeddable":true,"href":"https:\/\/muycritico.com.ar\/web\/index.php?rest_route=%2Fwp%2Fv2%2Fcategories&post=5179"},{"taxonomy":"post_tag","embeddable":true,"href":"https:\/\/muycritico.com.ar\/web\/index.php?rest_route=%2Fwp%2Fv2%2Ftags&post=5179"}],"curies":[{"name":"wp","href":"https:\/\/api.w.org\/{rel}","templated":true}]}}