{"id":5164,"date":"2025-02-19T08:47:17","date_gmt":"2025-02-19T11:47:17","guid":{"rendered":"https:\/\/muycritico.com.ar\/web\/?p=5164"},"modified":"2026-01-18T19:21:15","modified_gmt":"2026-01-18T22:21:15","slug":"la-muni-en-tu-barrio-se-traslada-a-villa-monica","status":"publish","type":"post","link":"https:\/\/muycritico.com.ar\/web\/?p=5164","title":{"rendered":"LA \u201cMUNI EN TU BARRIO\u201d SE TRASLADA A VILLA M\u00d3NICA"},"content":{"rendered":"<p><strong>Ser\u00e1 este s\u00e1bado 22 de febrero desde las 8 de la ma\u00f1ana. Los puestos de atenci\u00f3n estar\u00e1n en el centro vecinal, en calle Flavio Garc\u00eda 949 esquina Av.\u00a0 Italia. Estar\u00e1 el M\u00f3vil de Licencias de Conducir y se desplegar\u00e1 el operativo \u201cVolviendo a clases\u201d.\u00a0<\/strong><\/p>\n<p><!--more--><\/p>\n<p>Este s\u00e1bado 22 de febrero, \u201cLa Muni en tu barrio\u201d llega a Villa M\u00f3nica. La atenci\u00f3n ser\u00e1 en el centro vecinal, ubicado en Flavio Garc\u00eda 949 esquina Avenida Italia. La atenci\u00f3n ser\u00e1 a partir de las 8 y hasta las 12. Los vecinos podr\u00e1n realizar diversos tr\u00e1mites, asesorarse y disponer de los servicios que ofrece la Municipalidad.<\/p>\n<p>Estar\u00e1 presente el M\u00f3vil de Licencias de Conducir, que atender\u00e1 por orden de llegada. Asimismo, se llevar\u00e1 a cabo el operativo \u201cVolviendo a clases\u201d para que los alumnos de la ciudad obtengan el certificado m\u00e9dico para presentar en las escuelas.<\/p>\n<p>Los asistentes podr\u00e1n acceder, adem\u00e1s, a informaci\u00f3n sobre: pago de tributos municipales, habilitaciones, alumbrado p\u00fablico, microbasurales, desmalezado, cami\u00f3n atmosf\u00e9rico, inspecciones, se\u00f1alizaci\u00f3n, planos, armado de notas y curriculum vitae con simulaci\u00f3n de entrevistas y postulaciones en Linkedin a trav\u00e9s de un stand de la Oficina de Empleo, entre otros. Tambi\u00e9n se vacunar\u00e1 contra la rabia.<\/p>\n<p>Abogados, arquitectos, contadores, t\u00e9cnicos inform\u00e1ticos, maestro mayor de obra, nutricionistas, psic\u00f3logos y oftalm\u00f3logos se encargar\u00e1n de atender diversas consultas. Tambi\u00e9n estar\u00e1 presente personal del Ministerio de Salud de la Provincia que realizar\u00e1 colocaci\u00f3n de vacunas.<\/p>\n<p>En el stand de la Agencia Cultura Activa se brindar\u00e1 asesoramiento a artistas y artesanos. Asimismo, estar\u00e1n presentes, personal del Ente Regulador de Servicios P\u00fablicos, PAMI y el cami\u00f3n de mamograf\u00edas.<\/p>\n","protected":false},"excerpt":{"rendered":"<p>Ser\u00e1 este s\u00e1bado 22 de febrero desde las 8 de la ma\u00f1ana. Los puestos de atenci\u00f3n estar\u00e1n en el centro vecinal, en calle Flavio Garc\u00eda 949 esquina Av.\u00a0 Italia. Estar\u00e1 el M\u00f3vil de Licencias de Conducir y se desplegar\u00e1 el operativo \u201cVolviendo a clases\u201d.\u00a0<\/p>\n","protected":false},"author":2,"featured_media":5165,"comment_status":"open","ping_status":"closed","sticky":false,"template":"","format":"standard","meta":{"footnotes":""},"categories":[6],"tags":[872],"class_list":["post-5164","post","type-post","status-publish","format-standard","has-post-thumbnail","hentry","category-notas","tag-victor-sacca"],"_links":{"self":[{"href":"https:\/\/muycritico.com.ar\/web\/index.php?rest_route=\/wp\/v2\/posts\/5164","targetHints":{"allow":["GET"]}}],"collection":[{"href":"https:\/\/muycritico.com.ar\/web\/index.php?rest_route=\/wp\/v2\/posts"}],"about":[{"href":"https:\/\/muycritico.com.ar\/web\/index.php?rest_route=\/wp\/v2\/types\/post"}],"author":[{"embeddable":true,"href":"https:\/\/muycritico.com.ar\/web\/index.php?rest_route=\/wp\/v2\/users\/2"}],"replies":[{"embeddable":true,"href":"https:\/\/muycritico.com.ar\/web\/index.php?rest_route=%2Fwp%2Fv2%2Fcomments&post=5164"}],"version-history":[{"count":1,"href":"https:\/\/muycritico.com.ar\/web\/index.php?rest_route=\/wp\/v2\/posts\/5164\/revisions"}],"predecessor-version":[{"id":5166,"href":"https:\/\/muycritico.com.ar\/web\/index.php?rest_route=\/wp\/v2\/posts\/5164\/revisions\/5166"}],"wp:featuredmedia":[{"embeddable":true,"href":"https:\/\/muycritico.com.ar\/web\/index.php?rest_route=\/wp\/v2\/media\/5165"}],"wp:attachment":[{"href":"https:\/\/muycritico.com.ar\/web\/index.php?rest_route=%2Fwp%2Fv2%2Fmedia&parent=5164"}],"wp:term":[{"taxonomy":"category","embeddable":true,"href":"https:\/\/muycritico.com.ar\/web\/index.php?rest_route=%2Fwp%2Fv2%2Fcategories&post=5164"},{"taxonomy":"post_tag","embeddable":true,"href":"https:\/\/muycritico.com.ar\/web\/index.php?rest_route=%2Fwp%2Fv2%2Ftags&post=5164"}],"curies":[{"name":"wp","href":"https:\/\/api.w.org\/{rel}","templated":true}]}}