{"id":5133,"date":"2025-02-15T18:26:55","date_gmt":"2025-02-15T21:26:55","guid":{"rendered":"https:\/\/muycritico.com.ar\/web\/?p=5133"},"modified":"2026-01-18T19:21:15","modified_gmt":"2026-01-18T22:21:15","slug":"lucas-fue-a-pedir-ayuda-con-la-madre-no-estaba-solo-y-haciendo-problemas-ellos-no-tendrian-por-que-haberlo-golpeado-y-esposado","status":"publish","type":"post","link":"https:\/\/muycritico.com.ar\/web\/?p=5133","title":{"rendered":"\u201cLUCAS FUE A PEDIR AYUDA CON LA MADRE, NO ESTABA SOLO Y HACIENDO PROBLEMAS. ELLOS NO TENDR\u00cdAN POR QU\u00c9 HABERLO GOLPEADO Y ESPOSADO\u201d"},"content":{"rendered":"<p><strong>Lo dijo Beatriz Mercado, la t\u00eda de Lucas en una entrevista con MUY CRITICO, en la puerta de tribunales el d\u00eda que fueron imputados los tres efectivos policiales. Seg\u00fan Beatriz, su hermana \u2013madre de Lucas\u2013 fue demorada en la Comisaria Octava en esos 40 minutos fatales en los que G\u00f3zales, Portal y Ruiz se llevaron al joven. Adem\u00e1s los tres sujetos dieron positivo para coca\u00edna y seg\u00fan la fiscal\u00eda la v\u00edctima \u201chabr\u00eda sufrido actos vejatorios de parte del personal policial interviniente, quienes al maniobrar para reducirlo, le habr\u00edan producido la muerte por imprudencia y negligencia\u201d.<\/strong><\/p>\n<p><!--more--><\/p>\n<p><strong>\u00bfQu\u00e9 pas\u00f3 ese d\u00eda?<\/strong><\/p>\n<p>Lo que hicieron a mi sobrino no tiene perd\u00f3n. Mi hermana fue a llevarlo a mi sobrino por un ataque de p\u00e1nico, fue con su pareja y su hijo. No consiguieron que lo atiendan en el Hospital Ragone. De ah\u00ed se van al San Bernando a buscar ayuda porque no lo atend\u00edan. En el camino \u00e9l ve un m\u00f3vil policial y pide ayuda. Pide que lo lleven. Estaba junto a mi cu\u00f1ado.<\/p>\n<p>En ese momento llega otro m\u00f3vil m\u00e1s y le dicen que ten\u00edan que llevarlo al Ragone, y ponerle un inyectable. En el camino a ella la llevan para un lado y a \u00e9l para otro. A ella la demoran en la octava y a \u00e9l, supuestamente al Ragone.<\/p>\n<p>En esos 40 minutos que ella no estuvo con \u00e9l mientras ped\u00eda informaci\u00f3n porque no sab\u00eda porque estaba demorada en la comisaria octava; a \u00e9l estos polic\u00edas lo golpearon, le hicieron lo que quisieron y lo tiraron ah\u00ed el Hospital Ragone. Ah\u00ed estuvo agonizando 40 minutos. Seg\u00fan una efectivo que estuvo tocando el timbre pero nadie le ayudaba. Se descompens\u00f3 y cay\u00f3 al piso.<\/p>\n<p>Nos dijeron ese d\u00eda que hab\u00eda muerto de forma natural. De un paro cardiorrespiratorio pero cuando nos estregaron el cuerpo vimos los golpes, vimos que lo hab\u00edan esposado, las manos marcadas, la cara con un chich\u00f3n, golpes en la nariz, en los p\u00f3mulos.<\/p>\n<blockquote class=\"instagram-media\" style=\"background: #FFF; border: 0; border-radius: 3px; box-shadow: 0 0 1px 0 rgba(0,0,0,0.5),0 1px 10px 0 rgba(0,0,0,0.15); margin: 1px; max-width: 540px; min-width: 326px; padding: 0; width: calc(100% - 2px);\" data-instgrm-captioned=\"\" data-instgrm-permalink=\"https:\/\/www.instagram.com\/reel\/DGEAnYjRlGZ\/?utm_source=ig_embed&amp;utm_campaign=loading\" data-instgrm-version=\"14\">\n<div style=\"padding: 16px;\">\n<p>&nbsp;<\/p>\n<div style=\"display: flex; flex-direction: row; align-items: center;\">\n<div style=\"background-color: #f4f4f4; border-radius: 50%; flex-grow: 0; height: 40px; margin-right: 14px; width: 40px;\"><\/div>\n<div style=\"display: flex; flex-direction: column; flex-grow: 1; justify-content: center;\">\n<div style=\"background-color: #f4f4f4; border-radius: 4px; flex-grow: 0; height: 14px; margin-bottom: 6px; width: 100px;\"><\/div>\n<div style=\"background-color: #f4f4f4; border-radius: 4px; flex-grow: 0; height: 14px; width: 60px;\"><\/div>\n<\/div>\n<\/div>\n<div style=\"padding: 19% 0;\"><\/div>\n<div style=\"display: block; height: 50px; margin: 0 auto 12px; width: 50px;\"><\/div>\n<div style=\"padding-top: 8px;\">\n<div style=\"color: #3897f0; font-family: Arial,sans-serif; font-size: 14px; font-style: normal; font-weight: 550; line-height: 18px;\">Ver esta publicaci\u00f3n en Instagram<\/div>\n<\/div>\n<div style=\"padding: 12.5% 0;\"><\/div>\n<div style=\"display: flex; flex-direction: row; margin-bottom: 14px; align-items: center;\">\n<div>\n<div style=\"background-color: #f4f4f4; border-radius: 50%; height: 12.5px; width: 12.5px; transform: translateX(0px) translateY(7px);\"><\/div>\n<div style=\"background-color: #f4f4f4; height: 12.5px; transform: rotate(-45deg) translateX(3px) translateY(1px); width: 12.5px; flex-grow: 0; margin-right: 14px; margin-left: 2px;\"><\/div>\n<div style=\"background-color: #f4f4f4; border-radius: 50%; height: 12.5px; width: 12.5px; transform: translateX(9px) translateY(-18px);\"><\/div>\n<\/div>\n<div style=\"margin-left: 8px;\">\n<div style=\"background-color: #f4f4f4; border-radius: 50%; flex-grow: 0; height: 20px; width: 20px;\"><\/div>\n<div style=\"width: 0; height: 0; border-top: 2px solid transparent; border-left: 6px solid #f4f4f4; border-bottom: 2px solid transparent; transform: translateX(16px) translateY(-4px) rotate(30deg);\"><\/div>\n<\/div>\n<div style=\"margin-left: auto;\">\n<div style=\"width: 0px; border-top: 8px solid #F4F4F4; border-right: 8px solid transparent; transform: translateY(16px);\"><\/div>\n<div style=\"background-color: #f4f4f4; flex-grow: 0; height: 12px; width: 16px; transform: translateY(-4px);\"><\/div>\n<div style=\"width: 0; height: 0; border-top: 8px solid #F4F4F4; border-left: 8px solid transparent; transform: translateY(-4px) translateX(8px);\"><\/div>\n<\/div>\n<\/div>\n<div style=\"display: flex; flex-direction: column; flex-grow: 1; justify-content: center; margin-bottom: 24px;\">\n<div style=\"background-color: #f4f4f4; border-radius: 4px; flex-grow: 0; height: 14px; margin-bottom: 6px; width: 224px;\"><\/div>\n<div style=\"background-color: #f4f4f4; border-radius: 4px; flex-grow: 0; height: 14px; width: 144px;\"><\/div>\n<\/div>\n<p>&nbsp;<\/p>\n<p style=\"color: #c9c8cd; font-family: Arial,sans-serif; font-size: 14px; line-height: 17px; margin-bottom: 0; margin-top: 8px; overflow: hidden; padding: 8px 0 7px; text-align: center; text-overflow: ellipsis; white-space: nowrap;\"><a style=\"color: #c9c8cd; font-family: Arial,sans-serif; font-size: 14px; font-style: normal; font-weight: normal; line-height: 17px; text-decoration: none;\" href=\"https:\/\/www.instagram.com\/reel\/DGEAnYjRlGZ\/?utm_source=ig_embed&amp;utm_campaign=loading\" target=\"_blank\" rel=\"noopener\">Una publicaci\u00f3n compartida por Muy Critico (@muycriticodigital)<\/a><\/p>\n<\/div>\n<\/blockquote>\n<p><script async src=\"\/\/www.instagram.com\/embed.js\"><\/script><\/p>\n<p><strong>\u00bfEs verdad que dieron positivo para coca\u00edna?<\/strong><\/p>\n<p><strong>Gonzales Federico<\/strong> dio positivo para coca\u00edna en sangre; <strong>Portal<\/strong> y <strong>Ruiz<\/strong> tuvieron metabolitos en orina, tambi\u00e9n de coca\u00edna. Pero escuchamos que dijeron que eran hojas de coca. Ellos van a decir lo que quieran porque van a querer tapar todo. Estos tipos van de esa manera porque para que act\u00faen salvajemente como lo hicieron contra Lucas es porque obviamente ten\u00edan algo.<\/p>\n<p>\u00c9l fue a pedir ayuda con la madre, no estaba solo y haciendo problemas. Ellos no tendr\u00edan por qu\u00e9 haberlo golpeado y esposado.<\/p>\n<p><strong>La versi\u00f3n de la Fiscal\u00eda<\/strong><\/p>\n<p>Ocurri\u00f3 el pasado mes de enero, cuando el hombre de 20 a\u00f1os se encontraba en inmediaciones de avenida Yrigoyen y Pedro Pardo, en notorio estado de excitaci\u00f3n y fue trasladado en un m\u00f3vil policial hacia la guardia del nosocomio. Falleci\u00f3 antes de ser asistido.<\/p>\n<p>El fiscal penal 2 de la Unidad de Graves Atentados contra las Personas, Gabriel Gonz\u00e1lez, imput\u00f3 a los tres efectivos policiales de 39, 44 y 45 a\u00f1os como coautores de los delitos de vejaciones agravadas por la violencia y homicidio culposo en concurso real, en perjuicio de Lucas Gonzalo Mercado.<\/p>\n<p>Los imputados fueron asistidos por defensa particular y se abstuvieron de declarar, manifestando que lo har\u00e1n por escrito.<\/p>\n<p>Sucedi\u00f3 el pasado 3 de enero, en inmediaciones del hospital Ragone de la ciudad de Salta, cuando el joven se encontraba en la v\u00eda p\u00fablica, en la intersecci\u00f3n de avenida Yrigoyen y Pedro Pardo, en estado de excitaci\u00f3n, con una conducta err\u00e1tica y riesgosa para su integridad, ya que se desplazaba entre los veh\u00edculos que circulaban por la avenida.<\/p>\n<p>Al llegar un m\u00f3vil policial, subi\u00f3 de forma voluntaria, y cuando era trasladado al hospital Ragone, <strong>habr\u00eda sufrido actos vejatorios de parte del personal policial interviniente, quienes al maniobrar para reducirlo, le habr\u00edan producido la muerte por imprudencia y negligencia<\/strong>, al dejarlo durante un prolongado tiempo boca abajo, esposado y en una posici\u00f3n que dificult\u00f3 la respiraci\u00f3n, adem\u00e1s sin brindarle auxilio m\u00e9dico, pese al visible estado de excitaci\u00f3n\u00a0 que presentaba, y considerando que se encontraban a metros de la guardia del hospital Ragone.<\/p>\n<p>De la autopsia se determin\u00f3 que falleci\u00f3 por insuficiencia cardiorrespiratoria como consecuencia de edema agudo de pulm\u00f3n por asfixia mec\u00e1nica mixta por compresi\u00f3n tor\u00e1cica combinada con sofocaci\u00f3n por posici\u00f3n.<\/p>\n<p>De la investigaci\u00f3n que se lleva adelante y de los resultados obtenidos hasta el momento, surge la participaci\u00f3n de los efectivos a trav\u00e9s de su accionar durante la intervenci\u00f3n, por lo que se dispuso su imputaci\u00f3n y seg\u00fan asegur\u00f3 el fiscal Gonz\u00e1lez, que se encuentran en cumplimiento diversas diligencias solicitadas para lograr el esclarecimiento de lo sucedido.<\/p>\n","protected":false},"excerpt":{"rendered":"<p>Lo dijo Beatriz Mercado, la t\u00eda de Lucas en una entrevista con MUY CRITICO, en la puerta de tribunales el d\u00eda que fueron imputados los tres efectivos policiales. Seg\u00fan Beatriz, su hermana \u2013madre de Lucas\u2013 fue demorada en la Comisaria Octava en esos 40 minutos fatales en los que G\u00f3zales, Portal y Ruiz se llevaron [&hellip;]<\/p>\n","protected":false},"author":2,"featured_media":5134,"comment_status":"open","ping_status":"closed","sticky":false,"template":"","format":"standard","meta":{"footnotes":""},"categories":[6],"tags":[874,872],"class_list":["post-5133","post","type-post","status-publish","format-standard","has-post-thumbnail","hentry","category-notas","tag-lucas-mercado","tag-victor-sacca"],"_links":{"self":[{"href":"https:\/\/muycritico.com.ar\/web\/index.php?rest_route=\/wp\/v2\/posts\/5133","targetHints":{"allow":["GET"]}}],"collection":[{"href":"https:\/\/muycritico.com.ar\/web\/index.php?rest_route=\/wp\/v2\/posts"}],"about":[{"href":"https:\/\/muycritico.com.ar\/web\/index.php?rest_route=\/wp\/v2\/types\/post"}],"author":[{"embeddable":true,"href":"https:\/\/muycritico.com.ar\/web\/index.php?rest_route=\/wp\/v2\/users\/2"}],"replies":[{"embeddable":true,"href":"https:\/\/muycritico.com.ar\/web\/index.php?rest_route=%2Fwp%2Fv2%2Fcomments&post=5133"}],"version-history":[{"count":1,"href":"https:\/\/muycritico.com.ar\/web\/index.php?rest_route=\/wp\/v2\/posts\/5133\/revisions"}],"predecessor-version":[{"id":5135,"href":"https:\/\/muycritico.com.ar\/web\/index.php?rest_route=\/wp\/v2\/posts\/5133\/revisions\/5135"}],"wp:featuredmedia":[{"embeddable":true,"href":"https:\/\/muycritico.com.ar\/web\/index.php?rest_route=\/wp\/v2\/media\/5134"}],"wp:attachment":[{"href":"https:\/\/muycritico.com.ar\/web\/index.php?rest_route=%2Fwp%2Fv2%2Fmedia&parent=5133"}],"wp:term":[{"taxonomy":"category","embeddable":true,"href":"https:\/\/muycritico.com.ar\/web\/index.php?rest_route=%2Fwp%2Fv2%2Fcategories&post=5133"},{"taxonomy":"post_tag","embeddable":true,"href":"https:\/\/muycritico.com.ar\/web\/index.php?rest_route=%2Fwp%2Fv2%2Ftags&post=5133"}],"curies":[{"name":"wp","href":"https:\/\/api.w.org\/{rel}","templated":true}]}}