{"id":509,"date":"2024-01-02T14:38:30","date_gmt":"2024-01-02T17:38:30","guid":{"rendered":"https:\/\/muycritico.com.ar\/web\/?p=509"},"modified":"2026-01-18T15:36:16","modified_gmt":"2026-01-18T18:36:16","slug":"el-verano-que-marco-el-final-de-la-clase-media-argentina","status":"publish","type":"post","link":"https:\/\/muycritico.com.ar\/web\/?p=509","title":{"rendered":"EL VERANO QUE MARC\u00d3 EL FINAL DE LA CLASE MEDIA ARGENTINA"},"content":{"rendered":"<p><strong>El term\u00f3metro es Punta del Este, ese destino so\u00f1ado por aquellos argentinos que pod\u00edan darse el lujo de estar una semana, ir con la heladerita a la playa y comprando todo en el supermercado, se ha convertido en algo imposible de llevar a la pr\u00e1ctica ya que no est\u00e1n dadas las condiciones econ\u00f3micas para esa franja social argentina.<\/strong><\/p>\n<p><!--more--><\/p>\n<p>Cuando se paga un caf\u00e9 a cuatro mil pesos, un choclo o un pancho cinco mil, una botellita de cerveza nueve mil y una cena de fin de a\u00f1o que oscila entre 300 y 400 d\u00f3lares, est\u00e1 claro que se trata de un mundo lejano, imposible de alcanzar y donde la clase media argentina, definitivamente, no tiene lugar. Se trata de Punta del Este, ese destino donde muchos argentinos se dieron el lujo de ser elitistas al menos por unos d\u00edas. En la actualidad ni siquiera se recibe dinero argentino en Uruguay.<\/p>\n<p>La \u00faltima vez que la clase media argentina tuvo protagonismo fue en los 90, cuando Menem y Caballo dibujaron una econom\u00eda que nunca existi\u00f3 y donde el Peso Argentino val\u00eda un d\u00f3lar.<br \/>\n\u201cLa pizza con champan\u201d es solo un recuerdo y \u00a0los pobres que se fueron a Miami y Brasil son parte de una \u00e9poca que al d\u00eda de hoy nos resulta impracticable.<\/p>\n<p>Un informe de CLAR\u00cdN que releva el ritmo econ\u00f3mico de Punta del Este, advierte sobre como el argentino promedio ha tenido que ir bajando sus expectativas y terminar por desaparecer de un lugar donde solo los millonarios pueden ocupar sus lujosos hoteles o uno de los 160 departamentos de la Trump Tower, el flamante edificio de 25 pisos, que mira a la Brava y en el que un apartamento oscila en 1.5 mill\u00f3n de d\u00f3lares.<\/p>\n<p>El argentino de a poco fue perdiendo presencia en la ciudad balnearia top de Sudam\u00e9rica. Hoy le disputan el trono los brasile\u00f1os y va increscendo la presencia de norteamericanos y europeos, seg\u00fan consigna la nota del mencionado medio porte\u00f1o que publica testimonios de lugare\u00f1os y funcionarios que dan cuenta de la situaci\u00f3n.<\/p>\n<p>\u201cA la clase media la fueron corriendo con elegancia y respeto, poniendo los precios por las nubes, como se hace todo en Punta&#8230;\u201d, dice Iv\u00e1n, argentino, recepcionista de un hotel sobre la calle Gorlero.<\/p>\n<p>\u201cLlamativamente se han ca\u00eddo varias reservas para alquilar en esta \u00e9poca y para enero que ya estaban se\u00f1ados. No es algo que eso ocurra seguido en Punta, pero en la situaci\u00f3n econ\u00f3mica que se vive en Argentina, sumado al cambio de gobierno y a la suba del d\u00f3lar oficial y del d\u00f3lar tarjeta habr\u00e1 que encontrar las razones\u201d, expresa Tito Gattas, un operador inmobiliario.<\/p>\n<p>De todos modos los argentinos ricos siguen pudiendo costearse unas vacaciones en Punta, pero si se habla de clases sociales, la nacionalidad ya no tiene mucho que ver en este contexto.<\/p>\n<p>Pese a este panorama que deja fuera de acci\u00f3n a miles de turistas, el argentino sigue siendo el que mueve el amper\u00edmetro en Punta. Claro, es el argentino de alta gama. \u201cLa temporada va andar a tope, pero lamentablemente la clase media argentina no nos acompa\u00f1ar\u00e1, al menos por un tiempo\u201d, estima Rolando Rozenblum, presidente de la C\u00e1mara Empresarial de Maldonado.<\/p>\n","protected":false},"excerpt":{"rendered":"<p>El term\u00f3metro es Punta del Este, ese destino so\u00f1ado por aquellos argentinos que pod\u00edan darse el lujo de estar una semana, ir con la heladerita a la playa y comprando todo en el supermercado, se ha convertido en algo imposible de llevar a la pr\u00e1ctica ya que no est\u00e1n dadas las condiciones econ\u00f3micas para esa [&hellip;]<\/p>\n","protected":false},"author":2,"featured_media":510,"comment_status":"open","ping_status":"closed","sticky":false,"template":"","format":"standard","meta":{"footnotes":""},"categories":[3],"tags":[872],"class_list":["post-509","post","type-post","status-publish","format-standard","has-post-thumbnail","hentry","category-editorial","tag-victor-sacca"],"_links":{"self":[{"href":"https:\/\/muycritico.com.ar\/web\/index.php?rest_route=\/wp\/v2\/posts\/509","targetHints":{"allow":["GET"]}}],"collection":[{"href":"https:\/\/muycritico.com.ar\/web\/index.php?rest_route=\/wp\/v2\/posts"}],"about":[{"href":"https:\/\/muycritico.com.ar\/web\/index.php?rest_route=\/wp\/v2\/types\/post"}],"author":[{"embeddable":true,"href":"https:\/\/muycritico.com.ar\/web\/index.php?rest_route=\/wp\/v2\/users\/2"}],"replies":[{"embeddable":true,"href":"https:\/\/muycritico.com.ar\/web\/index.php?rest_route=%2Fwp%2Fv2%2Fcomments&post=509"}],"version-history":[{"count":1,"href":"https:\/\/muycritico.com.ar\/web\/index.php?rest_route=\/wp\/v2\/posts\/509\/revisions"}],"predecessor-version":[{"id":511,"href":"https:\/\/muycritico.com.ar\/web\/index.php?rest_route=\/wp\/v2\/posts\/509\/revisions\/511"}],"wp:featuredmedia":[{"embeddable":true,"href":"https:\/\/muycritico.com.ar\/web\/index.php?rest_route=\/wp\/v2\/media\/510"}],"wp:attachment":[{"href":"https:\/\/muycritico.com.ar\/web\/index.php?rest_route=%2Fwp%2Fv2%2Fmedia&parent=509"}],"wp:term":[{"taxonomy":"category","embeddable":true,"href":"https:\/\/muycritico.com.ar\/web\/index.php?rest_route=%2Fwp%2Fv2%2Fcategories&post=509"},{"taxonomy":"post_tag","embeddable":true,"href":"https:\/\/muycritico.com.ar\/web\/index.php?rest_route=%2Fwp%2Fv2%2Ftags&post=509"}],"curies":[{"name":"wp","href":"https:\/\/api.w.org\/{rel}","templated":true}]}}