{"id":4928,"date":"2025-01-29T20:30:18","date_gmt":"2025-01-29T23:30:18","guid":{"rendered":"https:\/\/muycritico.com.ar\/web\/?p=4928"},"modified":"2026-01-18T19:21:20","modified_gmt":"2026-01-18T22:21:20","slug":"finalizo-la-obra-de-refuncionalizacion-y-entubado-del-canal-pluvial-urkupina","status":"publish","type":"post","link":"https:\/\/muycritico.com.ar\/web\/?p=4928","title":{"rendered":"FINALIZ\u00d3 LA OBRA DE REFUNCIONALIZACI\u00d3N Y ENTUBADO DEL CANAL PLUVIAL URKUPI\u00d1A"},"content":{"rendered":"<p><strong>Las tareas se realizaron de manera conjunta entre la Municipalidad y el Ej\u00e9rcito Argentino. Los trabajos beneficiar\u00e1n a vecinos de los barrios Urkupi\u00f1a, Israel, Gauchito Gil, Primera Junta, Democracia y Solidaridad.<\/strong><\/p>\n<p><!--more--><\/p>\n<p>La Municipalidad, junto al Ej\u00e9rcito Argentino, finaliz\u00f3 la obra de refuncionalizaci\u00f3n del canal pluvial Urkupi\u00f1a, ubicado en la margen de la Circunvalaci\u00f3n Sudeste, m\u00e1s precisamente entre el ingreso al Relleno Sanitario San Javier y el r\u00edo Arenales.<\/p>\n<p>Dicho canal pluvial se extiende a lo largo de 1.400 metros desde la rotonda de ingreso al Relleno Sanitario, donde se encuentra el barrio Urkupi\u00f1a, hasta su desembocadura en el r\u00edo Arenales.<\/p>\n<p>Las obras consistieron en la apertura del desag\u00fce y, particularmente, en el entubado de un tramo que se encuentra en el ingreso al obrador de La Pedrera, cercano al r\u00edo.<\/p>\n<p>Estas acciones beneficiar\u00e1n a vecinos de los barrios Urkupi\u00f1a, Israel, Gauchito Gil, Primera Junta, Democracia y Solidaridad, quienes en \u00e9poca estival sol\u00edan sufrir anegamientos en las calles debido a la falta de evacuaci\u00f3n del agua de lluvia hacia el canal, que se encontraba obstruido.<\/p>\n<p><iframe loading=\"lazy\" title=\"Finaliz\u00f3 la obra de refuncionalizaci\u00f3n y entubado del canal pluvial Urkupi\u00f1a\" width=\"696\" height=\"392\" src=\"https:\/\/www.youtube.com\/embed\/nTU5uAUCiMI?feature=oembed\" frameborder=\"0\" allow=\"accelerometer; autoplay; clipboard-write; encrypted-media; gyroscope; picture-in-picture; web-share\" referrerpolicy=\"strict-origin-when-cross-origin\" allowfullscreen><\/iframe><\/p>\n","protected":false},"excerpt":{"rendered":"<p>Las tareas se realizaron de manera conjunta entre la Municipalidad y el Ej\u00e9rcito Argentino. Los trabajos beneficiar\u00e1n a vecinos de los barrios Urkupi\u00f1a, Israel, Gauchito Gil, Primera Junta, Democracia y Solidaridad.<\/p>\n","protected":false},"author":2,"featured_media":4929,"comment_status":"open","ping_status":"closed","sticky":false,"template":"","format":"standard","meta":{"footnotes":""},"categories":[6],"tags":[872],"class_list":["post-4928","post","type-post","status-publish","format-standard","has-post-thumbnail","hentry","category-notas","tag-victor-sacca"],"_links":{"self":[{"href":"https:\/\/muycritico.com.ar\/web\/index.php?rest_route=\/wp\/v2\/posts\/4928","targetHints":{"allow":["GET"]}}],"collection":[{"href":"https:\/\/muycritico.com.ar\/web\/index.php?rest_route=\/wp\/v2\/posts"}],"about":[{"href":"https:\/\/muycritico.com.ar\/web\/index.php?rest_route=\/wp\/v2\/types\/post"}],"author":[{"embeddable":true,"href":"https:\/\/muycritico.com.ar\/web\/index.php?rest_route=\/wp\/v2\/users\/2"}],"replies":[{"embeddable":true,"href":"https:\/\/muycritico.com.ar\/web\/index.php?rest_route=%2Fwp%2Fv2%2Fcomments&post=4928"}],"version-history":[{"count":1,"href":"https:\/\/muycritico.com.ar\/web\/index.php?rest_route=\/wp\/v2\/posts\/4928\/revisions"}],"predecessor-version":[{"id":4930,"href":"https:\/\/muycritico.com.ar\/web\/index.php?rest_route=\/wp\/v2\/posts\/4928\/revisions\/4930"}],"wp:featuredmedia":[{"embeddable":true,"href":"https:\/\/muycritico.com.ar\/web\/index.php?rest_route=\/wp\/v2\/media\/4929"}],"wp:attachment":[{"href":"https:\/\/muycritico.com.ar\/web\/index.php?rest_route=%2Fwp%2Fv2%2Fmedia&parent=4928"}],"wp:term":[{"taxonomy":"category","embeddable":true,"href":"https:\/\/muycritico.com.ar\/web\/index.php?rest_route=%2Fwp%2Fv2%2Fcategories&post=4928"},{"taxonomy":"post_tag","embeddable":true,"href":"https:\/\/muycritico.com.ar\/web\/index.php?rest_route=%2Fwp%2Fv2%2Ftags&post=4928"}],"curies":[{"name":"wp","href":"https:\/\/api.w.org\/{rel}","templated":true}]}}