{"id":4911,"date":"2025-01-29T17:44:58","date_gmt":"2025-01-29T20:44:58","guid":{"rendered":"https:\/\/muycritico.com.ar\/web\/?p=4911"},"modified":"2026-01-18T19:21:20","modified_gmt":"2026-01-18T22:21:20","slug":"jimena-salas-el-perfil-de-facebook-del-chino-saavedra-sigue-activo","status":"publish","type":"post","link":"https:\/\/muycritico.com.ar\/web\/?p=4911","title":{"rendered":"JIMENA SALAS: EL PERFIL DE FACEBOOK DEL CHINO SAAVEDRA SIGUE ACTIVO"},"content":{"rendered":"<p><strong>El crimen ocurri\u00f3 el 27 de enero de 2017 en Vaqueros y fue detenido el 21 de septiembre de 2022 en Santa Victoria Este. La primera publicaci\u00f3n corresponde al 6 de agosto de 2017, es decir 7 meses despu\u00e9s de cometido el asesinato. Suspicazmente no existen publicaciones antes del a\u00f1o 2017 y se infiere que la cuenta fue creada ese mismo a\u00f1o, siempre brindando su lugar de residencia a Santa Victoria Este.<\/strong><\/p>\n<p><!--more--><\/p>\n<p><em>\u201c&#8230;la altura de un hombre no se mide de los pies a la cabeza sino de la cabeza hacia el cielo&#8230;\u201d Napole\u00f3n Bonaparte.<\/em><\/p>\n<p>Esa cita figura como la favorita en su perfil de la red social que utiliz\u00f3 en los a\u00f1os en los que estuvo pr\u00f3fugo de la justicia en el Chaco salte\u00f1o, haciendo trabajos comunitarios, alejado de la capital salte\u00f1a y sobre todo de la casa en la que viven sus hermanos y su madre, en Parque Belgrano.<\/p>\n<p>Fueron 2053 d\u00edas que la Justicia tard\u00f3 en arrestar a<strong> Javier \u201cEl Chino\u201d Saavedra<\/strong>, quien est\u00e1 acusado de asesinar de 45 pu\u00f1aladas a <strong>Jimena Beatriz Salas<\/strong> en el interior de su casa en Vaqueros. En medio de esos casi 6 a\u00f1os, construy\u00f3 una vida en esos parajes atravesados por una pobreza franciscana.<\/p>\n<p>Justamente al d\u00eda siguiente a su arresto, el hermano franciscano <strong>Martin Caserta<\/strong>, quien no daba cr\u00e9dito a semejante novedad y responsabilizaba a la Justicia por coerci\u00f3n e irregularidades en la detenci\u00f3n del \u201cChino\u201d, brindaba una nota a esta redacci\u00f3n. \u201cLo primero que me dijo cu\u00e1ndo lo detuvieron fue\u2026 como pens\u00e1s organizar los merenderos mientras no estoy. Creo que eso habla de \u00e9l\u201d, dijo Caserta visiblemente conmovido.<\/p>\n<p><iframe loading=\"lazy\" title=\"CASO SALAS: \u201cCREO QUE HAY UN DA\u00d1O MUY GRANDE DE PARTE DE ESTE PODER JUDICIAL\u201d\" width=\"696\" height=\"392\" src=\"https:\/\/www.youtube.com\/embed\/jLL_1Bpt9ho?feature=oembed\" frameborder=\"0\" allow=\"accelerometer; autoplay; clipboard-write; encrypted-media; gyroscope; picture-in-picture; web-share\" referrerpolicy=\"strict-origin-when-cross-origin\" allowfullscreen><\/iframe><\/p>\n<p>La primera publicaci\u00f3n en su Facebook est\u00e1 disponible desde el 6 de agosto de aquel fat\u00eddico 2017, en el que la ciudad de Salta era sacudida por el horroroso crimen, el de una mujer que fue asaltada en su propia casa y atacada salvajemente hasta morir, delante de sus hijas.<\/p>\n<p>Durante esos a\u00f1os donde la justicia perd\u00eda el tiempo arrestando al desafortunado vendedor ambulante <strong>Sergio Vargas<\/strong>, apunt\u00e1ndolo como campana en uno de los mayores absurdos que se tenga memoria en la historia judicial de Salta, Javier Saavedra publicaba fotos junto a una ronda de ni\u00f1os en Santa Victoria y tras la celebraci\u00f3n del juicio donde sentaron al viudo <strong>Nicol\u00e1s Cajal<\/strong> a comparecer y a Vargas, el Chino tocaba el bandone\u00f3n dese\u00e1ndoles \u201cun buen domingo\u201d a sus hermanos de la comunidad chorote wichi Pomis Jiwet.<\/p>\n<p>El 12 de marzo de 2021 posteba una publicaci\u00f3n donde refiere que \u201ccientos y cientos de pies caminar\u00e1n a diario por este suelo&#8230; ir\u00e1n y vendr\u00e1n en una danza que bailar\u00e1 al comp\u00e1s de la inclusi\u00f3n, la contenci\u00f3n y el desarrollo social \u00edntegro. Cada vez m\u00e1s cerca #EspacioCulturalSantaVictoriaEste\u201d, mostrando la construcci\u00f3n de un espacio para esas comunidades originarias.<\/p>\n<p>El 27 de mayo de 2021 se conoc\u00eda la noticia de que la pesadilla se terminaba para Sergio Vargas, quien era absuelto de la infame caratula perge\u00f1ada desde la fiscal\u00eda y donde los abogados <strong>Marcelo Arancibia<\/strong>, <strong>Luciano Romano y Marcos Rubinovich<\/strong> dejaban en claro ante el tribunal que el vendedor ambulante no ten\u00eda nada que ver con el espantoso crimen.<\/p>\n<p><img loading=\"lazy\" decoding=\"async\" class=\"aligncenter size-full wp-image-4913\" src=\"https:\/\/muycritico.com.ar\/web\/wp-content\/uploads\/2025\/01\/CHINO-SAAVEDRA-PRIMERA-PUBLICACION.jpg\" alt=\"\" width=\"1483\" height=\"769\" srcset=\"https:\/\/muycritico.com.ar\/web\/wp-content\/uploads\/2025\/01\/CHINO-SAAVEDRA-PRIMERA-PUBLICACION.jpg 1483w, https:\/\/muycritico.com.ar\/web\/wp-content\/uploads\/2025\/01\/CHINO-SAAVEDRA-PRIMERA-PUBLICACION-768x398.jpg 768w\" sizes=\"auto, (max-width: 1483px) 100vw, 1483px\" \/><\/p>\n<p>Un mes antes \u201cel Chino\u201d escrib\u00eda en su perfil: \u201cDecime algo con m\u00e1s cultura que Kirina y Evangelina bajo la sombra del palo santo recolectando chaguar para hilar sus artesan\u00edas\u201d, en referencia a la semana de los pueblos originarios, mostrando las fotos de dos mujeres originarias haciendo tareas manuales.<\/p>\n<p>Luego vendr\u00eda un periodo de tiempo bastante prolongado en el que no public\u00f3 nada. Reci\u00e9n el 25 de noviembre de 2021 daba a conocer una publicaci\u00f3n en la que destacaba: \u201cSomos finalistas entre m\u00e1s de 960 clubes de todo el pa\u00eds para ganar el Premio Fundaci\u00f3n River. V\u00f3tanos para seguir so\u00f1ando con m\u00e1s espacios deportivos de contenci\u00f3n en Santa Victoria Este\u201d. Hasta finales de 2021 fueron todas publicaciones referidas al club social de futbol que gan\u00f3 ese premio.<\/p>\n<p>El 10 de agosto de 2022 realiza su \u00faltima publicaci\u00f3n donde muestra el paso a paso de la construcci\u00f3n del Espacio Cultural Otamsek wet Is y enumera los \u201c718 d\u00edas\u201d como una cuenta regresiva hasta llegar al objetivo final.<\/p>\n<p>Solo un mes y 10 d\u00edas despu\u00e9s es detenido por la polic\u00eda y las fuerzas de seguridad, junto a los investigadores de la unidad fiscal que ya lo ten\u00eda localizado en Santa Victoria Este, donde hab\u00eda residido desde aproximadamente agosto de 2017, mes en el que comenz\u00f3 a funcionar su cuenta de Facebook.<\/p>\n<p><img loading=\"lazy\" decoding=\"async\" class=\"aligncenter size-full wp-image-4914\" src=\"https:\/\/muycritico.com.ar\/web\/wp-content\/uploads\/2025\/01\/CHINO-SAAVEDRA-ESPACIO-CULTURAL.jpg\" alt=\"\" width=\"517\" height=\"657\" \/><\/p>\n<p><strong>Una personalidad encantadora y el ADN como prueba irrefutable<\/strong><\/p>\n<p>En cierta ocasi\u00f3n Lionel Dahmer, padre del asesino serial <strong>Jeffrey Dahmer<\/strong>, dijo en una entrevista para la televisi\u00f3n americana: \u201cEs impresionante lo que un ser humano puede ocultarle a otro ser humano\u201d. Aquel comentario obedec\u00eda al comportamiento apacible que su hijo mostraba mientras comet\u00eda diecisiete asesinatos entre 1978 y 1991.<\/p>\n<p>Parece guardar cierta similitud con el caso de Javier Saavedra, aunque a\u00fan no ha sido juzgado y condenado. Y que su defensor \u2013el mismo abogado que sac\u00f3 en libertad a Vargas\u2013 haya dicho a qui\u00e9n redacta la presente nota que cuenta con m\u00e1s de 200 pruebas para demostrar que el \u201cChino\u201d y sus hermanos jam\u00e1s estuvieron en Vaqueros el 27 de enero de 2017; en contrapartida con ello la fiscal\u00eda presenta su acusaci\u00f3n ante el Poder Judicial con un cotejo que arrojara una coincidencia perfecta con 14 muestras tomadas en la escena del crimen.<\/p>\n<p>Cabe destacar que tales patrones fueron recogidos en el a\u00f1o 2017 e incorporados a las actuaciones desde aquella fecha. Se considera oportuno se\u00f1alar que las mismas corresponden a sangre del imputado encontrada en distintos puntos y objetos de la vivienda de barrio San Nicol\u00e1s, entre ellos, en el hombro de la remera de una de las hijas de la v\u00edctima, como as\u00ed tambi\u00e9n en acolchado, piso de la cocina, goteo en el pasillo y habitaci\u00f3n principal.<\/p>\n<p>El perfil gen\u00e9tico se lee a partir de un electroferograma que es obtenido del secuenciador autom\u00e1tico. Ese perfil gen\u00e9tico consta en los informes emitidos en la causa desde el a\u00f1o 2017, y fueron remitidos en formato papel y digital a todas las bases de datos operantes en la Rep\u00fablica Argentina (Mendoza, La Pampa, C\u00f3rdoba, Entre R\u00edos y Salta) y al Registro Nacional de Datos Gen\u00e9ticos.<\/p>\n<p>Despu\u00e9s de que se realice la contraprueba de ADN pedida por la defensa comenzar\u00e1 el debate oral y p\u00fablico, donde tambi\u00e9n se solicit\u00f3 la participaci\u00f3n de un jurado compuesto por ciudadanos, en lo que podr\u00eda convertirse el primer juicio con esa modalidad en la historia de Salta.<\/p>\n<p>Pero antes de que todo eso ocurra y observando el perfil de red social del acusado como el autor material de semejante acto aberrante, solo cabe preguntarse: \u00bfPuede alguien disfrazarse de un encantador y angelical benefactor que construy\u00f3 un sue\u00f1o comunitario en esos parajes donde no llega ninguna ayuda estatal y ocultar a un monstruo que le arrebat\u00f3 la vida a una mujer indefensa delante de sus hijas en el interior de su casa?<\/p>\n","protected":false},"excerpt":{"rendered":"<p>El crimen ocurri\u00f3 el 27 de enero de 2017 en Vaqueros y fue detenido el 21 de septiembre de 2022 en Santa Victoria Este. La primera publicaci\u00f3n corresponde al 6 de agosto de 2017, es decir 7 meses despu\u00e9s de cometido el asesinato. Suspicazmente no existen publicaciones antes del a\u00f1o 2017 y se infiere que [&hellip;]<\/p>\n","protected":false},"author":2,"featured_media":4912,"comment_status":"open","ping_status":"closed","sticky":false,"template":"","format":"standard","meta":{"footnotes":""},"categories":[6],"tags":[277,511,276,76,846,175,73,872],"class_list":["post-4911","post","type-post","status-publish","format-standard","has-post-thumbnail","hentry","category-notas","tag-javier-el-chino-saavedra","tag-jeffrey-dahmer","tag-luciano-romano","tag-marcelo-arancibia","tag-martin-caserta","tag-nicolas-cajal","tag-sergio-vargas","tag-victor-sacca"],"_links":{"self":[{"href":"https:\/\/muycritico.com.ar\/web\/index.php?rest_route=\/wp\/v2\/posts\/4911","targetHints":{"allow":["GET"]}}],"collection":[{"href":"https:\/\/muycritico.com.ar\/web\/index.php?rest_route=\/wp\/v2\/posts"}],"about":[{"href":"https:\/\/muycritico.com.ar\/web\/index.php?rest_route=\/wp\/v2\/types\/post"}],"author":[{"embeddable":true,"href":"https:\/\/muycritico.com.ar\/web\/index.php?rest_route=\/wp\/v2\/users\/2"}],"replies":[{"embeddable":true,"href":"https:\/\/muycritico.com.ar\/web\/index.php?rest_route=%2Fwp%2Fv2%2Fcomments&post=4911"}],"version-history":[{"count":6,"href":"https:\/\/muycritico.com.ar\/web\/index.php?rest_route=\/wp\/v2\/posts\/4911\/revisions"}],"predecessor-version":[{"id":4924,"href":"https:\/\/muycritico.com.ar\/web\/index.php?rest_route=\/wp\/v2\/posts\/4911\/revisions\/4924"}],"wp:featuredmedia":[{"embeddable":true,"href":"https:\/\/muycritico.com.ar\/web\/index.php?rest_route=\/wp\/v2\/media\/4912"}],"wp:attachment":[{"href":"https:\/\/muycritico.com.ar\/web\/index.php?rest_route=%2Fwp%2Fv2%2Fmedia&parent=4911"}],"wp:term":[{"taxonomy":"category","embeddable":true,"href":"https:\/\/muycritico.com.ar\/web\/index.php?rest_route=%2Fwp%2Fv2%2Fcategories&post=4911"},{"taxonomy":"post_tag","embeddable":true,"href":"https:\/\/muycritico.com.ar\/web\/index.php?rest_route=%2Fwp%2Fv2%2Ftags&post=4911"}],"curies":[{"name":"wp","href":"https:\/\/api.w.org\/{rel}","templated":true}]}}