{"id":4849,"date":"2025-01-23T12:40:27","date_gmt":"2025-01-23T15:40:27","guid":{"rendered":"https:\/\/muycritico.com.ar\/web\/?p=4849"},"modified":"2026-01-18T19:21:22","modified_gmt":"2026-01-18T22:21:22","slug":"jugarretas-politicas-de-bajisima-calidad-humana","status":"publish","type":"post","link":"https:\/\/muycritico.com.ar\/web\/?p=4849","title":{"rendered":"\u201cJUGARRETAS POL\u00cdTICAS DE BAJ\u00cdSIMA CALIDAD HUMANA\u201d"},"content":{"rendered":"<p><strong>As\u00ed describe Alba Quintar a las maniobras perge\u00f1adas por el legislador kirchnerista y lo denunci\u00f3 por \u201ccalumnias e injurias\u201d. Tras conocerse los videos ensuciando su imagen p\u00fablica que habr\u00edan sido difundidos por empleados del diputado nacional. La libertaria se present\u00f3 en tribunales con una denuncia formal contra el legislador \u201cK\u201d aduciendo que es el principal responsable de crear campa\u00f1as sucias para difamar a actores pol\u00edticos y empresarios salte\u00f1os.<\/strong><\/p>\n<p><!--more--><\/p>\n<p>Dif\u00edcilmente Estrada pueda olvidar el enero de 2025 que est\u00e1 viviendo entre una copiosa tormenta de denuncias. Como si no fuera poco ya con el cerro de caca en el que lo est\u00e1n enterrando, ahora la blonda libertaria dej\u00f3 un rato de basurear a la Orozco en tu Tiktok y se tom\u00f3 un tiempito para aterrizar por la fiscal\u00eda con un escrito.<\/p>\n<p>All\u00ed a Estrada lo se\u00f1al\u00f3 \u201ccomo aparente autor intelectual y de sus empleados de la C\u00e1mara de Diputados, a quienes habr\u00eda utilizado para ejecutar los delitos. Con el agravante de que esos empleados cobran un sueldo del Congreso, es decir, del pueblo argentino\u201d.<\/p>\n<p>Quintar hizo foco en los denunciados, <strong>Florencia Arias Bustamante, Javier Alonso Allemand y Juan Marco Capisano<\/strong>, este \u00faltimo hermano de la Capisano que banc\u00f3 <strong>Bettina Romero<\/strong> durante a\u00f1os en Prensa de la Municipalidad repartiendo pautas a destajo y piacere. Por su parte se\u00f1al\u00f3 a Estrada como el ejecutor de \u201cjugarretas pol\u00edticas de baj\u00edsima calidad humana, desprestigiando gravemente la labor que le concierne como legislador\u201d.<\/p>\n<p>\u201cEntendiendo que nuestro \u00f3rgano deliberativo de gobierno no debe ser utilizado ni ensuciado por y con delincuentes que vulneren y menosprecien la voluntad y el bienestar popular por intereses pol\u00edticos personales\u201d, enfatiz\u00f3.<\/p>\n","protected":false},"excerpt":{"rendered":"<p>As\u00ed describe Alba Quintar a las maniobras perge\u00f1adas por el legislador kirchnerista y lo denunci\u00f3 por \u201ccalumnias e injurias\u201d. Tras conocerse los videos ensuciando su imagen p\u00fablica que habr\u00edan sido difundidos por empleados del diputado nacional. La libertaria se present\u00f3 en tribunales con una denuncia formal contra el legislador \u201cK\u201d aduciendo que es el principal [&hellip;]<\/p>\n","protected":false},"author":2,"featured_media":4850,"comment_status":"open","ping_status":"closed","sticky":false,"template":"","format":"standard","meta":{"footnotes":""},"categories":[6],"tags":[872],"class_list":["post-4849","post","type-post","status-publish","format-standard","has-post-thumbnail","hentry","category-notas","tag-victor-sacca"],"_links":{"self":[{"href":"https:\/\/muycritico.com.ar\/web\/index.php?rest_route=\/wp\/v2\/posts\/4849","targetHints":{"allow":["GET"]}}],"collection":[{"href":"https:\/\/muycritico.com.ar\/web\/index.php?rest_route=\/wp\/v2\/posts"}],"about":[{"href":"https:\/\/muycritico.com.ar\/web\/index.php?rest_route=\/wp\/v2\/types\/post"}],"author":[{"embeddable":true,"href":"https:\/\/muycritico.com.ar\/web\/index.php?rest_route=\/wp\/v2\/users\/2"}],"replies":[{"embeddable":true,"href":"https:\/\/muycritico.com.ar\/web\/index.php?rest_route=%2Fwp%2Fv2%2Fcomments&post=4849"}],"version-history":[{"count":1,"href":"https:\/\/muycritico.com.ar\/web\/index.php?rest_route=\/wp\/v2\/posts\/4849\/revisions"}],"predecessor-version":[{"id":4851,"href":"https:\/\/muycritico.com.ar\/web\/index.php?rest_route=\/wp\/v2\/posts\/4849\/revisions\/4851"}],"wp:featuredmedia":[{"embeddable":true,"href":"https:\/\/muycritico.com.ar\/web\/index.php?rest_route=\/wp\/v2\/media\/4850"}],"wp:attachment":[{"href":"https:\/\/muycritico.com.ar\/web\/index.php?rest_route=%2Fwp%2Fv2%2Fmedia&parent=4849"}],"wp:term":[{"taxonomy":"category","embeddable":true,"href":"https:\/\/muycritico.com.ar\/web\/index.php?rest_route=%2Fwp%2Fv2%2Fcategories&post=4849"},{"taxonomy":"post_tag","embeddable":true,"href":"https:\/\/muycritico.com.ar\/web\/index.php?rest_route=%2Fwp%2Fv2%2Ftags&post=4849"}],"curies":[{"name":"wp","href":"https:\/\/api.w.org\/{rel}","templated":true}]}}