{"id":463,"date":"2023-12-28T14:30:57","date_gmt":"2023-12-28T17:30:57","guid":{"rendered":"https:\/\/muycritico.com.ar\/web\/?p=463"},"modified":"2026-01-18T19:25:54","modified_gmt":"2026-01-18T22:25:54","slug":"farmaceuticos-contra-el-dnu-7023-atenta-gravemente-contra-la-salud-de-la-poblacion","status":"publish","type":"post","link":"https:\/\/muycritico.com.ar\/web\/?p=463","title":{"rendered":"FARMAC\u00c9UTICOS CONTRA EL DNU 7023: \u201cATENTA GRAVEMENTE CONTRA LA SALUD DE LA POBLACI\u00d3N\u201d"},"content":{"rendered":"<p><strong>Desde la Mesa Ejecutiva agregaron \u201cque atenta contra la profesi\u00f3n farmac\u00e9utica y el modelo de farmacia profesional\u201d. El comunicado detalla que \u201cuna vez m\u00e1s se quiere insistir con un modelo probadamente fallido que pretende desprofesionalizar la farmacia, quit\u00e1ndole su esencia como centro de salud\u201d.<\/strong><\/p>\n<p><!--more--><\/p>\n<p>Tras conocerse la bater\u00eda de medidas y DNU emitidos desde el ejecutivo, uno de los tantos sectores que ha sufrido el impacto ha sido el de los farmac\u00e9uticos. Desde la COFA \u2013Confederaci\u00f3n Farmac\u00e9utica Argentina\u2013 emitieron el siguiente comunicado:<\/p>\n<p>La profesi\u00f3n farmac\u00e9utica ha sido profundamente afectada y gravemente agredida por el Decreto de Necesidad y Urgencia 70\/23 emitido ayer por el Poder Ejecutivo. Esta medida pone en riesgo la salud de la poblaci\u00f3n y el acceso de todos a los medicamentos.<\/p>\n<p>La Confederaci\u00f3n Farmac\u00e9utica Argentina, en representaci\u00f3n de decenas de miles de profesionales y de farmacias en todo el pa\u00eds, advierte de este nuevo avasallamiento a nuestra profesi\u00f3n (como ocurri\u00f3 en la d\u00e9cada del \u201990), mediante la total intervenci\u00f3n de la letra de la Ley 17565, que regula las tareas de las farmacias y la dispensa de medicamentos en el pa\u00eds.<\/p>\n<p>Mediante el DNU se habilita la venta de medicamentos de venta libre en la v\u00eda p\u00fablica, los kioscos, y cualquier otro comercio; interpretando que un medicamento de venta libre no es un medicamento, es decir, un producto farmac\u00e9utico que debe respetar debidas condiciones de mantenimiento y almacenamiento, y cuya administraci\u00f3n responde a la de cualquier otro medicamento, que consumido en dosis no adecuadas puede causar grav\u00edsimas consecuencias a la salud de las personas (medicamentos comunes mal utilizados o mal almacenados pueden causar sangrado g\u00e1strico, por ejemplo, intoxicaci\u00f3n o interacciones graves).<\/p>\n<p>Adem\u00e1s, con ello abre nuevamente la puerta en la Argentina a la circulaci\u00f3n de medicamentos falsos y adulterados, poniendo en serio riesgo la salud de las personas, como tambi\u00e9n ya ocurri\u00f3 en la d\u00e9cada del \u201890.<\/p>\n<p>Mediante el DNU se permite que cualquier persona sin t\u00edtulo habilitante pueda estar a cargo de la farmacia. Es decir que no habr\u00e1 un profesional que garantice, bajo su responsabilidad, la calidad, origen y seguridad de los medicamentos que se dispensan.<\/p>\n<p>El DNU permite la propiedad de las farmacias en manos de sociedades an\u00f3nimas cuyo \u00fanico objetivo es hacer negocio. Desaparecer\u00e1n entonces las regulaciones que aseguran la supervivencia de las farmacias instaladas lejos de zonas c\u00e9ntricas, en los barrios y localidades m\u00e1s peque\u00f1as.\u00a0 Adem\u00e1s, mediante el DNU se permite irresponsablemente que las droguer\u00edas dispensen medicamentos, rompiendo el canal virtuoso de laboratorio-droguer\u00eda-farmacia que ha hecho del sistema farmac\u00e9utico argentino un ejemplo para nuestro continente, interpretando que la farmacia es un mero intermediario y no un establecimiento sanitario a cargo de un profesional de la salud, que no solo dispensa, sino que brinda servicios profesionales y es parte del sistema sanitario.<\/p>\n<p>Vale aclarar que en el resto del mundo los farmac\u00e9uticos est\u00e1n ya oficialmente reconocidos, cobrando honorarios por parte de gobiernos para resolver dolencias menores en pacientes, por ejemplo.<\/p>\n<p>La farmacia argentina ha construido durante un siglo una extensa red de atenci\u00f3n sanitaria reconocida en todo el mundo, con la figura profesional protag\u00f3nica del farmac\u00e9utico, en muchos lugares referente sanitario, con una amplia variedad de servicios de promoci\u00f3n, prevenci\u00f3n, detecci\u00f3n temprana y seguimiento de pacientes.<\/p>\n<p>La farmacia argentina es un ejemplo de eficacia sanitaria para el mundo y este DNU pretende convertirla en un mero comercio, al servicio de la voracidad econ\u00f3mica de unos pocos, y que el medicamento deje de ser un bien social para pasar a ser un objeto de consumo, al que algunos argentinos puedan acceder y otros no.<\/p>\n","protected":false},"excerpt":{"rendered":"<p>Desde la Mesa Ejecutiva agregaron \u201cque atenta contra la profesi\u00f3n farmac\u00e9utica y el modelo de farmacia profesional\u201d. El comunicado detalla que \u201cuna vez m\u00e1s se quiere insistir con un modelo probadamente fallido que pretende desprofesionalizar la farmacia, quit\u00e1ndole su esencia como centro de salud\u201d.<\/p>\n","protected":false},"author":2,"featured_media":464,"comment_status":"open","ping_status":"closed","sticky":false,"template":"","format":"standard","meta":{"footnotes":""},"categories":[6],"tags":[872],"class_list":["post-463","post","type-post","status-publish","format-standard","has-post-thumbnail","hentry","category-notas","tag-victor-sacca"],"_links":{"self":[{"href":"https:\/\/muycritico.com.ar\/web\/index.php?rest_route=\/wp\/v2\/posts\/463","targetHints":{"allow":["GET"]}}],"collection":[{"href":"https:\/\/muycritico.com.ar\/web\/index.php?rest_route=\/wp\/v2\/posts"}],"about":[{"href":"https:\/\/muycritico.com.ar\/web\/index.php?rest_route=\/wp\/v2\/types\/post"}],"author":[{"embeddable":true,"href":"https:\/\/muycritico.com.ar\/web\/index.php?rest_route=\/wp\/v2\/users\/2"}],"replies":[{"embeddable":true,"href":"https:\/\/muycritico.com.ar\/web\/index.php?rest_route=%2Fwp%2Fv2%2Fcomments&post=463"}],"version-history":[{"count":1,"href":"https:\/\/muycritico.com.ar\/web\/index.php?rest_route=\/wp\/v2\/posts\/463\/revisions"}],"predecessor-version":[{"id":465,"href":"https:\/\/muycritico.com.ar\/web\/index.php?rest_route=\/wp\/v2\/posts\/463\/revisions\/465"}],"wp:featuredmedia":[{"embeddable":true,"href":"https:\/\/muycritico.com.ar\/web\/index.php?rest_route=\/wp\/v2\/media\/464"}],"wp:attachment":[{"href":"https:\/\/muycritico.com.ar\/web\/index.php?rest_route=%2Fwp%2Fv2%2Fmedia&parent=463"}],"wp:term":[{"taxonomy":"category","embeddable":true,"href":"https:\/\/muycritico.com.ar\/web\/index.php?rest_route=%2Fwp%2Fv2%2Fcategories&post=463"},{"taxonomy":"post_tag","embeddable":true,"href":"https:\/\/muycritico.com.ar\/web\/index.php?rest_route=%2Fwp%2Fv2%2Ftags&post=463"}],"curies":[{"name":"wp","href":"https:\/\/api.w.org\/{rel}","templated":true}]}}