{"id":4513,"date":"2024-12-20T17:41:57","date_gmt":"2024-12-20T20:41:57","guid":{"rendered":"https:\/\/muycritico.com.ar\/web\/?p=4513"},"modified":"2026-01-18T19:21:28","modified_gmt":"2026-01-18T22:21:28","slug":"detuvieron-al-presunto-asesino-de-dalma-bataches","status":"publish","type":"post","link":"https:\/\/muycritico.com.ar\/web\/?p=4513","title":{"rendered":"DETUVIERON AL PRESUNTO ASESINO DE DALMA BATACHES"},"content":{"rendered":"<p><strong>El crimen del puente del B\u00b0 Santa Luc\u00eda parece comenzar a esclarecerse. El sujeto tiene 20 a\u00f1os y fue imputado por el crimen de la joven. La Fiscal\u00eda Penal de la Unidad de Femicidios, a cargo de M\u00f3nica Poma investiga el caso<\/strong><\/p>\n<p><!--more--><\/p>\n<p><a href=\"https:\/\/muycritico.com.ar\/web\/2024\/12\/11\/piden-mayor-celeridad-en-el-caso-de-dalma-salome-bataches\/\" target=\"_blank\" rel=\"noopener\">Tras la nota de MUY CRITICO con el padre la jovencita en las puertas de Ciudad Judicial<\/a>, lleg\u00f3 la noticia de que el avance la investigaci\u00f3n comenzaba a dar sus primeras se\u00f1ales. Este martes un sujeto de 20 a\u00f1os fue detenido e imputado por el delito de homicidio agravado por alevos\u00eda, ensa\u00f1amiento y violencia de g\u00e9nero, configurando un femicidio.<\/p>\n<p>Durante la audiencia, el acusado, asistido por la defensa oficial, decidi\u00f3 abstenerse de declarar. Ante la gravedad del caso, la fiscal Poma solicit\u00f3 al Juzgado de Garant\u00edas 3 que el imputado permanezca detenido mientras avanza el proceso judicial.<\/p>\n<p>El cuerpo de Dalma Bataches fue hallado el pasado 18 de septiembre en las inmediaciones del acceso al B\u00b0 Santa Luc\u00eda. El descubrimiento activ\u00f3 la intervenci\u00f3n de la Unidad de Femicidios (UFEM), que inici\u00f3 una serie de medidas investigativas, logrando identificar y detener al principal sospechoso en pocos d\u00edas.<\/p>\n","protected":false},"excerpt":{"rendered":"<p>El crimen del puente del B\u00b0 Santa Luc\u00eda parece comenzar a esclarecerse. El sujeto tiene 20 a\u00f1os y fue imputado por el crimen de la joven. La Fiscal\u00eda Penal de la Unidad de Femicidios, a cargo de M\u00f3nica Poma investiga el caso<\/p>\n","protected":false},"author":2,"featured_media":4514,"comment_status":"open","ping_status":"closed","sticky":false,"template":"","format":"standard","meta":{"footnotes":""},"categories":[6],"tags":[781,872],"class_list":["post-4513","post","type-post","status-publish","format-standard","has-post-thumbnail","hentry","category-notas","tag-dalma-bataches","tag-victor-sacca"],"_links":{"self":[{"href":"https:\/\/muycritico.com.ar\/web\/index.php?rest_route=\/wp\/v2\/posts\/4513","targetHints":{"allow":["GET"]}}],"collection":[{"href":"https:\/\/muycritico.com.ar\/web\/index.php?rest_route=\/wp\/v2\/posts"}],"about":[{"href":"https:\/\/muycritico.com.ar\/web\/index.php?rest_route=\/wp\/v2\/types\/post"}],"author":[{"embeddable":true,"href":"https:\/\/muycritico.com.ar\/web\/index.php?rest_route=\/wp\/v2\/users\/2"}],"replies":[{"embeddable":true,"href":"https:\/\/muycritico.com.ar\/web\/index.php?rest_route=%2Fwp%2Fv2%2Fcomments&post=4513"}],"version-history":[{"count":1,"href":"https:\/\/muycritico.com.ar\/web\/index.php?rest_route=\/wp\/v2\/posts\/4513\/revisions"}],"predecessor-version":[{"id":4515,"href":"https:\/\/muycritico.com.ar\/web\/index.php?rest_route=\/wp\/v2\/posts\/4513\/revisions\/4515"}],"wp:featuredmedia":[{"embeddable":true,"href":"https:\/\/muycritico.com.ar\/web\/index.php?rest_route=\/wp\/v2\/media\/4514"}],"wp:attachment":[{"href":"https:\/\/muycritico.com.ar\/web\/index.php?rest_route=%2Fwp%2Fv2%2Fmedia&parent=4513"}],"wp:term":[{"taxonomy":"category","embeddable":true,"href":"https:\/\/muycritico.com.ar\/web\/index.php?rest_route=%2Fwp%2Fv2%2Fcategories&post=4513"},{"taxonomy":"post_tag","embeddable":true,"href":"https:\/\/muycritico.com.ar\/web\/index.php?rest_route=%2Fwp%2Fv2%2Ftags&post=4513"}],"curies":[{"name":"wp","href":"https:\/\/api.w.org\/{rel}","templated":true}]}}