{"id":4407,"date":"2024-12-10T22:12:24","date_gmt":"2024-12-11T01:12:24","guid":{"rendered":"https:\/\/muycritico.com.ar\/web\/?p=4407"},"modified":"2026-01-18T19:21:31","modified_gmt":"2026-01-18T22:21:31","slug":"la-palabra-del-ministerio-publico-fiscal-no-es-palabra-santa","status":"publish","type":"post","link":"https:\/\/muycritico.com.ar\/web\/?p=4407","title":{"rendered":"\u201cLA PALABRA DEL MINISTERIO PUBLICO FISCAL NO ES PALABRA SANTA\u201d"},"content":{"rendered":"<p><strong>Lo dijo el juez Claudio Parisi durante su declaraci\u00f3n, en la cual fue detallando caso por caso las explicaciones pertinentes en cada uno de ellos. Detall\u00f3 el derrotero de los famosos \u201ccuadernos amarillos\u201d y lo inconsistente del hecho de haber adulterado la cadena de custodia cuando hay guardias y c\u00e1maras que no permitir\u00edan hacerlo. Mencion\u00f3 que la fiscal Carrera no aport\u00f3 una sola prueba en el caso Ruiz como para proceder en ese proceso. Adujo que fue parte de una persecuta por parte del MPF con declaraciones en la prensa sin ning\u00fan sustento.<\/strong><\/p>\n<p><!--more--><\/p>\n<p><em>La declaraci\u00f3n del juez Parisi<\/em><\/p>\n<p>Hab\u00eda 4 mujeres detenidas por causas de estupefacientes. En el norte se ve mucho la utilizaci\u00f3n de mujeres con hijos menores. A la se\u00f1ora Lenis el 6 de mayo de 2023 la detienen y comienzan a presentar un pedido de prisi\u00f3n domiciliaria.<\/p>\n<p>Se lo otorg\u00f3 el 10 de agosto de 2023. Le otorgo la domiciliaria porque ten\u00eda una hija menor de 14 a\u00f1os y a su vez hab\u00eda tenido un beb\u00e9. La hija y el beb\u00e9 ten\u00edan que ser intervenidas quir\u00fargicamente.<\/p>\n<p>Los jueces de Garant\u00edas tenemos que analizar lo que dice el <strong>MPF \u2013Ministerio P\u00fablico Fiscal\u2013<\/strong> y la defensa. La palabra del MPF no es palabra santa. A la se\u00f1ora Lenis le otorgo la domiciliaria con el visto de la <strong>Asesor\u00eda de Menores<\/strong>. Revoqu\u00e9 la prisi\u00f3n domiciliaria de oficio para que no haya resoluciones contrarias. Por eso le otorgo la domiciliaria a la se\u00f1ora Lenis.<\/p>\n<p>En cuanto a la relaci\u00f3n con la se\u00f1ora Castellano, nunca he tenido relaci\u00f3n de familia con Castellano. Llevo 25 a\u00f1os de casado y mi familia ni la conoce. En cuanto al tel\u00e9fono de la se\u00f1ora Castellano se extrae una conversaci\u00f3n con la Sra. Lenis; la causa no era m\u00eda. De all\u00ed la Sra. Lenis o Castellano le ofrec\u00eda por medio m\u00edo que le iban a limpiar la causa. Estas mujeres est\u00e1n condenadas al d\u00eda de hoy.<\/p>\n<p>Los famosos \u201ccuadernos amarillos\u201d, dijeron que yo hab\u00eda contaminado la cadena de custodia. Salieron a salir en todos los medios a hablar cualquier cosa. \u00bfQuien asesor\u00f3 a ese funcionario que sali\u00f3 a habar?<\/p>\n<p>Aparentemente la se\u00f1ora Lenis ten\u00eda anotados quien le deb\u00eda plata, eso fue 6 de mayo de 2023. Eso secuestr\u00f3 la Polic\u00eda Federal. Llevaron esos secuestros a los dep\u00f3sitos del <strong>Poder Judicial<\/strong>. \u00bfPara que mandar\u00eda un juez de Garant\u00edas a pedir esos secuestros? En 10 a\u00f1os jam\u00e1s mand\u00e9 a pedir un secuestro.<\/p>\n<p>Volvi\u00f3 a salir al MPF el 11 de septiembre cuando le llevan a la Dra. Torres quien tuvo custodia y resguardo, 17 d\u00edas despu\u00e9s aparece un auxiliar fiscal con la novedad que la cadena de custodia estaba adulterada.<\/p>\n<p>\u00bfPorque no dejaron constancia de que fueron vulnerados? Pero era m\u00e1s f\u00e1cil culparme a m\u00ed. Nunca informaron de que yo fui al dep\u00f3sito. \u00bfC\u00f3mo van a pensar que yo fui al dep\u00f3sito? tienen c\u00e1maras. Yo no vi jam\u00e1s los cuadernos amarillos. No investigaron al auxiliar fiscal.<\/p>\n<blockquote class=\"instagram-media\" style=\"background: #FFF; border: 0; border-radius: 3px; box-shadow: 0 0 1px 0 rgba(0,0,0,0.5),0 1px 10px 0 rgba(0,0,0,0.15); margin: 1px; max-width: 540px; min-width: 326px; padding: 0; width: calc(100% - 2px);\" data-instgrm-captioned=\"\" data-instgrm-permalink=\"https:\/\/www.instagram.com\/reel\/DDahMePxQxL\/?utm_source=ig_embed&amp;utm_campaign=loading\" data-instgrm-version=\"14\">\n<div style=\"padding: 16px;\">\n<p>&nbsp;<\/p>\n<div style=\"display: flex; flex-direction: row; align-items: center;\">\n<div style=\"background-color: #f4f4f4; border-radius: 50%; flex-grow: 0; height: 40px; margin-right: 14px; width: 40px;\"><\/div>\n<div style=\"display: flex; flex-direction: column; flex-grow: 1; justify-content: center;\">\n<div style=\"background-color: #f4f4f4; border-radius: 4px; flex-grow: 0; height: 14px; margin-bottom: 6px; width: 100px;\"><\/div>\n<div style=\"background-color: #f4f4f4; border-radius: 4px; flex-grow: 0; height: 14px; width: 60px;\"><\/div>\n<\/div>\n<\/div>\n<div style=\"padding: 19% 0;\"><\/div>\n<div style=\"display: block; height: 50px; margin: 0 auto 12px; width: 50px;\"><\/div>\n<div style=\"padding-top: 8px;\">\n<div style=\"color: #3897f0; font-family: Arial,sans-serif; font-size: 14px; font-style: normal; font-weight: 550; line-height: 18px;\">Ver esta publicaci\u00f3n en Instagram<\/div>\n<\/div>\n<div style=\"padding: 12.5% 0;\"><\/div>\n<div style=\"display: flex; flex-direction: row; margin-bottom: 14px; align-items: center;\">\n<div>\n<div style=\"background-color: #f4f4f4; border-radius: 50%; height: 12.5px; width: 12.5px; transform: translateX(0px) translateY(7px);\"><\/div>\n<div style=\"background-color: #f4f4f4; height: 12.5px; transform: rotate(-45deg) translateX(3px) translateY(1px); width: 12.5px; flex-grow: 0; margin-right: 14px; margin-left: 2px;\"><\/div>\n<div style=\"background-color: #f4f4f4; border-radius: 50%; height: 12.5px; width: 12.5px; transform: translateX(9px) translateY(-18px);\"><\/div>\n<\/div>\n<div style=\"margin-left: 8px;\">\n<div style=\"background-color: #f4f4f4; border-radius: 50%; flex-grow: 0; height: 20px; width: 20px;\"><\/div>\n<div style=\"width: 0; height: 0; border-top: 2px solid transparent; border-left: 6px solid #f4f4f4; border-bottom: 2px solid transparent; transform: translateX(16px) translateY(-4px) rotate(30deg);\"><\/div>\n<\/div>\n<div style=\"margin-left: auto;\">\n<div style=\"width: 0px; border-top: 8px solid #F4F4F4; border-right: 8px solid transparent; transform: translateY(16px);\"><\/div>\n<div style=\"background-color: #f4f4f4; flex-grow: 0; height: 12px; width: 16px; transform: translateY(-4px);\"><\/div>\n<div style=\"width: 0; height: 0; border-top: 8px solid #F4F4F4; border-left: 8px solid transparent; transform: translateY(-4px) translateX(8px);\"><\/div>\n<\/div>\n<\/div>\n<div style=\"display: flex; flex-direction: column; flex-grow: 1; justify-content: center; margin-bottom: 24px;\">\n<div style=\"background-color: #f4f4f4; border-radius: 4px; flex-grow: 0; height: 14px; margin-bottom: 6px; width: 224px;\"><\/div>\n<div style=\"background-color: #f4f4f4; border-radius: 4px; flex-grow: 0; height: 14px; width: 144px;\"><\/div>\n<\/div>\n<p>&nbsp;<\/p>\n<p style=\"color: #c9c8cd; font-family: Arial,sans-serif; font-size: 14px; line-height: 17px; margin-bottom: 0; margin-top: 8px; overflow: hidden; padding: 8px 0 7px; text-align: center; text-overflow: ellipsis; white-space: nowrap;\"><a style=\"color: #c9c8cd; font-family: Arial,sans-serif; font-size: 14px; font-style: normal; font-weight: normal; line-height: 17px; text-decoration: none;\" href=\"https:\/\/www.instagram.com\/reel\/DDahMePxQxL\/?utm_source=ig_embed&amp;utm_campaign=loading\" target=\"_blank\" rel=\"noopener\">Una publicaci\u00f3n compartida por Muy Critico (@muycriticodigital)<\/a><\/p>\n<\/div>\n<\/blockquote>\n<p><script async src=\"\/\/www.instagram.com\/embed.js\"><\/script><\/p>\n<p><strong>Caso Ruiz en Abra de Sol<\/strong><\/p>\n<p>El cuestionamiento es haberle otorgado la polic\u00eda a Ruiz el 24 de marzo de 2023 porque le otorgo la domiciliaria a los 7 d\u00edas. Primero, la defensa tiene el derecho de realizar el pedido de libertad.<\/p>\n<p>La defensa vuelve a hacer el pedido. Le corro vista a la se\u00f1ora fiscal y contesta el mismo d\u00eda. Que no le haga lugar a la domiciliaria. Me solicita el pedido la prisi\u00f3n preventiva. Me impone a m\u00ed hacer un an\u00e1lisis m\u00e1s exhaustivo. Me debat\u00eda en darle la libertad o darle una prisi\u00f3n preventiva. La fiscal no hab\u00eda presentado nada nuevo en su contra.<\/p>\n<p>Ruiz presentaba todas las garant\u00edas, entonces pens\u00e9 en una domiciliaria morigerada. Eso fue apelado por la se\u00f1ora fiscal. El Tribunal de Impugnaci\u00f3n le dice a la fiscal que no aport\u00f3 nada nuevo y ratifica mi resoluci\u00f3n.<\/p>\n<blockquote class=\"instagram-media\" style=\"background: #FFF; border: 0; border-radius: 3px; box-shadow: 0 0 1px 0 rgba(0,0,0,0.5),0 1px 10px 0 rgba(0,0,0,0.15); margin: 1px; max-width: 540px; min-width: 326px; padding: 0; width: calc(100% - 2px);\" data-instgrm-captioned=\"\" data-instgrm-permalink=\"https:\/\/www.instagram.com\/reel\/DDddkcSxetb\/?utm_source=ig_embed&amp;utm_campaign=loading\" data-instgrm-version=\"14\">\n<div style=\"padding: 16px;\">\n<p>&nbsp;<\/p>\n<div style=\"display: flex; flex-direction: row; align-items: center;\">\n<div style=\"background-color: #f4f4f4; border-radius: 50%; flex-grow: 0; height: 40px; margin-right: 14px; width: 40px;\"><\/div>\n<div style=\"display: flex; flex-direction: column; flex-grow: 1; justify-content: center;\">\n<div style=\"background-color: #f4f4f4; border-radius: 4px; flex-grow: 0; height: 14px; margin-bottom: 6px; width: 100px;\"><\/div>\n<div style=\"background-color: #f4f4f4; border-radius: 4px; flex-grow: 0; height: 14px; width: 60px;\"><\/div>\n<\/div>\n<\/div>\n<div style=\"padding: 19% 0;\"><\/div>\n<div style=\"display: block; height: 50px; margin: 0 auto 12px; width: 50px;\"><\/div>\n<div style=\"padding-top: 8px;\">\n<div style=\"color: #3897f0; font-family: Arial,sans-serif; font-size: 14px; font-style: normal; font-weight: 550; line-height: 18px;\">Ver esta publicaci\u00f3n en Instagram<\/div>\n<\/div>\n<div style=\"padding: 12.5% 0;\"><\/div>\n<div style=\"display: flex; flex-direction: row; margin-bottom: 14px; align-items: center;\">\n<div>\n<div style=\"background-color: #f4f4f4; border-radius: 50%; height: 12.5px; width: 12.5px; transform: translateX(0px) translateY(7px);\"><\/div>\n<div style=\"background-color: #f4f4f4; height: 12.5px; transform: rotate(-45deg) translateX(3px) translateY(1px); width: 12.5px; flex-grow: 0; margin-right: 14px; margin-left: 2px;\"><\/div>\n<div style=\"background-color: #f4f4f4; border-radius: 50%; height: 12.5px; width: 12.5px; transform: translateX(9px) translateY(-18px);\"><\/div>\n<\/div>\n<div style=\"margin-left: 8px;\">\n<div style=\"background-color: #f4f4f4; border-radius: 50%; flex-grow: 0; height: 20px; width: 20px;\"><\/div>\n<div style=\"width: 0; height: 0; border-top: 2px solid transparent; border-left: 6px solid #f4f4f4; border-bottom: 2px solid transparent; transform: translateX(16px) translateY(-4px) rotate(30deg);\"><\/div>\n<\/div>\n<div style=\"margin-left: auto;\">\n<div style=\"width: 0px; border-top: 8px solid #F4F4F4; border-right: 8px solid transparent; transform: translateY(16px);\"><\/div>\n<div style=\"background-color: #f4f4f4; flex-grow: 0; height: 12px; width: 16px; transform: translateY(-4px);\"><\/div>\n<div style=\"width: 0; height: 0; border-top: 8px solid #F4F4F4; border-left: 8px solid transparent; transform: translateY(-4px) translateX(8px);\"><\/div>\n<\/div>\n<\/div>\n<div style=\"display: flex; flex-direction: column; flex-grow: 1; justify-content: center; margin-bottom: 24px;\">\n<div style=\"background-color: #f4f4f4; border-radius: 4px; flex-grow: 0; height: 14px; margin-bottom: 6px; width: 224px;\"><\/div>\n<div style=\"background-color: #f4f4f4; border-radius: 4px; flex-grow: 0; height: 14px; width: 144px;\"><\/div>\n<\/div>\n<p>&nbsp;<\/p>\n<p style=\"color: #c9c8cd; font-family: Arial,sans-serif; font-size: 14px; line-height: 17px; margin-bottom: 0; margin-top: 8px; overflow: hidden; padding: 8px 0 7px; text-align: center; text-overflow: ellipsis; white-space: nowrap;\"><a style=\"color: #c9c8cd; font-family: Arial,sans-serif; font-size: 14px; font-style: normal; font-weight: normal; line-height: 17px; text-decoration: none;\" href=\"https:\/\/www.instagram.com\/reel\/DDddkcSxetb\/?utm_source=ig_embed&amp;utm_campaign=loading\" target=\"_blank\" rel=\"noopener\">Una publicaci\u00f3n compartida por Muy Critico (@muycriticodigital)<\/a><\/p>\n<\/div>\n<\/blockquote>\n<p><script async src=\"\/\/www.instagram.com\/embed.js\"><\/script><\/p>\n<p><strong>Causa Chaile<\/strong><\/p>\n<p>No hay denuncia. Fue buscado como ratita en un laboratorio por el MPF. Fue imputado por homicidio en accidente de tr\u00e1nsito. Todos sabemos que estos delitos se cursan en libertad o domiciliaria.<\/p>\n<p>Parecer\u00eda que en Or\u00e1n todas las personas est\u00e9n privadas de su libertad. El 9 de julio de 2023 fue la detenci\u00f3n y 6 d\u00edas despu\u00e9s se le otorga la domiciliaria. Cuando la defensa solicita la domiciliaria en el Juzgado de Garant\u00edas 2 se hac\u00eda un incidente.<\/p>\n<p>Se segu\u00eda con la prisi\u00f3n domiciliaria mientras se tramitaba el incidente. La domiciliaria no es libertad. El Tribunal de Impugnaci\u00f3n dice que tenemos que poner una tobillera. En Salta no hay tobilleras para mandar al interior de la provincia.<\/p>\n<p>Se fue Chaile con custodia de la polic\u00eda y con controles dos veces por semana. Hasta eso pasaron 3 meses. Esa resoluci\u00f3n es apelada por el MPF. Mientras Chaile estaba en libertad el Juzgado de Garant\u00edas lo cit\u00f3. Se revocaba la libertad y la Brigada fue a detenerlo; y Chaile no es encontrado. Aparece un familiar en la Brigada de Investigaciones pero resulta que yo tengo responsabilidad en eso.<\/p>\n<p><strong>Causa Mart\u00ednez <\/strong><\/p>\n<p>Primer cuestionamiento, estamos en el marco del homicidio. Yo no negu\u00e9 la realizaci\u00f3n de los allanamientos. Aunque tengo las facultades para negarlo. Le solicito mayor informaci\u00f3n a la fiscal. Dos tel\u00e9fonos que no secuestraron.<\/p>\n<p>A m\u00ed no me brindaron ninguna informaci\u00f3n acerca de esos tel\u00e9fonos y me ordenan peritar todos los dispositivos en ese domicilio. Incluso c\u00e1maras de esos domicilios donde no hab\u00eda un homicidio. Quer\u00edan saber en qu\u00e9 negocios andaba la familia Mart\u00ednez.<\/p>\n<p>Me hac\u00eda mucho ruido hacer esos allanamientos. Era un viernes al medio d\u00eda antes de irme les ordeno a mis ayudantes volver a la tarde para ir por las razones de los allanamientos. Ten\u00eda dudas. Llamo a la Dra. Carreras (la fiscal) y le digo que necesito que me aclare unos temas. \u201cMe vas a negar los allanamientos\u201d, me dice.<\/p>\n<p>No te voy a negar los allanamientos. Estaba con la fiesta de su hija menor que terminaba el s\u00e9ptimo grado. No hay nada malo en esa conversaci\u00f3n. Pasaron los d\u00edas y nada de la fiscal. Me llega una queja por no haber resuelto el allanamiento. Esa queja fue rechazada a la fiscal por la Corte. Y despu\u00e9s me achacan a m\u00ed que yo retardo los allanamientos.<\/p>\n<p>Llevo casi 10 a\u00f1os como juez y debo haber visto una vez un testigo de identidad encubierta. Desde que me iniciaron esta persecuta.<\/p>\n<p><strong>El contexto del Jury<\/strong><\/p>\n<p>Se realizan en el Sal\u00f3n de Grandes Juicios de Ciudad Judicial las audiencias del Jury contra el suspendido Juez de Garant\u00edas de Segunda Nominaci\u00f3n del Distrito Judicial Or\u00e1n Claudio Parisi.<\/p>\n<p>La audiencia fue encabezada por la presidenta de la Corte de Justicia Teresa Ovejero. Se encuentran presentes adem\u00e1s el Juez de Corte Pablo L\u00f3pez Vi\u00f1als, el senador Jorge Pablo Soto y el senador Javier M\u00f3nico Graciano designados por la mayor\u00eda y minor\u00eda, respectivamente, de la C\u00e1mara de Senadores; el diputado Esteban Amat Lacroix y el diputado Juan Carlos Roque Posse, designados por la mayor\u00eda y minor\u00eda de la C\u00e1mara de Diputados; el Fiscal de Estado Agust\u00edn P\u00e9rez Alsina y los abogados de la matr\u00edcula Guillermo L\u00f3pez Mirau y Pedro Mellado, designados respectivamente por las C\u00e1maras de Senadores y de Diputados.<\/p>\n<p>El juez Parisi, quien llega a esta instancia del Jury detenido y con prisi\u00f3n preventiva en una causa promovida en su contra por el delito penal de cohecho agravado, se encuentra acompa\u00f1ado por su defensor el abogado Guillermo Mauricio Alberto.<\/p>\n<p>La acusaci\u00f3n es ejercida por el Procurador General de la Provincia, Pedro Garc\u00eda Castiella.<\/p>\n<p>El Procurador General promovi\u00f3 jury contra el juez Parisi solicitando su destituci\u00f3n en los t\u00e9rminos del art\u00edculo 160 de la Constituci\u00f3n Provincial invocando las causales de mal desempe\u00f1o en sus funciones e incumplimiento de los deberes inherentes a su cargo.<\/p>\n<p>El Jurado de Enjuiciamiento pas\u00f3 a cuarto intermedio hasta ma\u00f1ana a las 8.30 para comenzar con la ronda de testimoniales.<\/p>\n<p><iframe loading=\"lazy\" title=\"DR. GUILLERMO ALBERTO - DEFENSOR DEL JUEZ PARISI\" width=\"696\" height=\"392\" src=\"https:\/\/www.youtube.com\/embed\/P4mvAci5SF8?feature=oembed\" frameborder=\"0\" allow=\"accelerometer; autoplay; clipboard-write; encrypted-media; gyroscope; picture-in-picture; web-share\" referrerpolicy=\"strict-origin-when-cross-origin\" allowfullscreen><\/iframe><\/p>\n","protected":false},"excerpt":{"rendered":"<p>Lo dijo el juez Claudio Parisi durante su declaraci\u00f3n, en la cual fue detallando caso por caso las explicaciones pertinentes en cada uno de ellos. Detall\u00f3 el derrotero de los famosos \u201ccuadernos amarillos\u201d y lo inconsistente del hecho de haber adulterado la cadena de custodia cuando hay guardias y c\u00e1maras que no permitir\u00edan hacerlo. Mencion\u00f3 [&hellip;]<\/p>\n","protected":false},"author":2,"featured_media":4408,"comment_status":"open","ping_status":"closed","sticky":false,"template":"","format":"standard","meta":{"footnotes":""},"categories":[6],"tags":[872],"class_list":["post-4407","post","type-post","status-publish","format-standard","has-post-thumbnail","hentry","category-notas","tag-victor-sacca"],"_links":{"self":[{"href":"https:\/\/muycritico.com.ar\/web\/index.php?rest_route=\/wp\/v2\/posts\/4407","targetHints":{"allow":["GET"]}}],"collection":[{"href":"https:\/\/muycritico.com.ar\/web\/index.php?rest_route=\/wp\/v2\/posts"}],"about":[{"href":"https:\/\/muycritico.com.ar\/web\/index.php?rest_route=\/wp\/v2\/types\/post"}],"author":[{"embeddable":true,"href":"https:\/\/muycritico.com.ar\/web\/index.php?rest_route=\/wp\/v2\/users\/2"}],"replies":[{"embeddable":true,"href":"https:\/\/muycritico.com.ar\/web\/index.php?rest_route=%2Fwp%2Fv2%2Fcomments&post=4407"}],"version-history":[{"count":3,"href":"https:\/\/muycritico.com.ar\/web\/index.php?rest_route=\/wp\/v2\/posts\/4407\/revisions"}],"predecessor-version":[{"id":4430,"href":"https:\/\/muycritico.com.ar\/web\/index.php?rest_route=\/wp\/v2\/posts\/4407\/revisions\/4430"}],"wp:featuredmedia":[{"embeddable":true,"href":"https:\/\/muycritico.com.ar\/web\/index.php?rest_route=\/wp\/v2\/media\/4408"}],"wp:attachment":[{"href":"https:\/\/muycritico.com.ar\/web\/index.php?rest_route=%2Fwp%2Fv2%2Fmedia&parent=4407"}],"wp:term":[{"taxonomy":"category","embeddable":true,"href":"https:\/\/muycritico.com.ar\/web\/index.php?rest_route=%2Fwp%2Fv2%2Fcategories&post=4407"},{"taxonomy":"post_tag","embeddable":true,"href":"https:\/\/muycritico.com.ar\/web\/index.php?rest_route=%2Fwp%2Fv2%2Ftags&post=4407"}],"curies":[{"name":"wp","href":"https:\/\/api.w.org\/{rel}","templated":true}]}}