{"id":4255,"date":"2024-11-27T23:20:28","date_gmt":"2024-11-28T02:20:28","guid":{"rendered":"https:\/\/muycritico.com.ar\/web\/?p=4255"},"modified":"2026-01-18T19:21:35","modified_gmt":"2026-01-18T22:21:35","slug":"el-2-de-diciembre-comienza-la-fiscalizacion-electronica-de-faltas-de-transito","status":"publish","type":"post","link":"https:\/\/muycritico.com.ar\/web\/?p=4255","title":{"rendered":"EL 2 DE DICIEMBRE COMIENZA LA FISCALIZACI\u00d3N ELECTR\u00d3NICA DE FALTAS DE TR\u00c1NSITO"},"content":{"rendered":"<p><strong>Los dispositivos se encuentran ubicados en m\u00e1s de 20 puntos de la ciudad con su correspondiente se\u00f1alizaci\u00f3n. El objetivo del sistema es contribuir a la seguridad vial y reducir los \u00edndices de siniestralidad. Todo lo recaudado ser\u00e1 destinado a un fondo especial para el arreglo de las calles de la ciudad.<\/strong><\/p>\n<p><!--more--><\/p>\n<p>Tras concluir el per\u00edodo de prueba y concientizaci\u00f3n, el municipio pondr\u00e1 en funcionamiento el sistema de fiscalizaci\u00f3n electr\u00f3nica de infracciones de tr\u00e1nsito. Se trata de m\u00e1s de 20 dispositivos electr\u00f3nicos ubicados en distintos puntos de la ciudad con el objetivo de prevenir accidentes y mejorar la seguridad vial.<\/p>\n<p>En cada uno de los puntos donde est\u00e1n ubicados los controladores se coloc\u00f3 se\u00f1alizaci\u00f3n para advertir con antelaci\u00f3n a los conductores. Los dispositivos cuentan con tecnolog\u00eda homologada para detectar el cruce de sem\u00e1foros en rojo, exceso de velocidades m\u00e1ximas permitidas y el no uso de luces obligatorias, entre otras.<\/p>\n<p>Una vez constatada la falta, el ciudadano recibir\u00e1 una notificaci\u00f3n en su domicilio f\u00edsico y\/o electr\u00f3nico. A partir de esa fecha, contar\u00e1 con 45 d\u00edas para realizar el pago voluntario de la misma o presentar un descargo ante el Tribunal Administrativo de Faltas.<\/p>\n<p>De acuerdo al convenio suscripto entre el municipio y la empresa DETECTRA, el 57% de lo recaudado corresponde a la comuna. Dichos montos ser\u00e1n destinados \u00edntegramente a la conformaci\u00f3n de un fondo especial para el arreglo de las calles de la ciudad.<\/p>\n<p>El secretario de Tr\u00e1nsito y Seguridad Vial, Mat\u00edas Assennato, manifest\u00f3 al respecto: &#8220;El sistema ha tenido una gran aceptaci\u00f3n por parte de los vecinos durante el per\u00edodo de concientizaci\u00f3n y sensibilizaci\u00f3n. El objetivo de esta gesti\u00f3n fue y ser\u00e1 mejorar la seguridad y prevenir accidentes. Creemos que con el compromiso de todos podemos lograrlo&#8221;.<\/p>\n<p>Cabe destacar que, durante el per\u00edodo de prueba, se detectaron en promedio 2900 infracciones diarias, siendo las m\u00e1s frecuentes el exceso de velocidades m\u00e1ximas permitidas y el cruce de sem\u00e1foros en rojo.<\/p>\n<p>Los dispositivos se encuentran ubicados en los siguientes puntos:<\/p>\n<p><strong>Cinem\u00f3metros:<\/strong><\/p>\n<p>RN 51 y Av. Banchik 6010 &#8211; 60 M\u00e1xima<\/p>\n<p>Colectora Acceso Barrio Ar\u00e1oz y Av. Banchik &#8211; 60 M\u00e1xima<\/p>\n<p>RP 28, Av. Per\u00f3n 4260 &#8211; 80 M\u00e1xima<\/p>\n<p>Av. Bolivia 5150 &#8211; 80 M\u00e1xima<\/p>\n<p>Av. Bolivia 2340 &#8211; 60 M\u00e1xima<\/p>\n<p>Av. Arenales 1700 &#8211; 60 M\u00e1xima<\/p>\n<p>Av. Tavella 3650 &#8211; 60 M\u00e1xima<\/p>\n<p>Av. Juan Pablo XXIII y Luis G\u00fcemes &#8211; 60 M\u00e1xima<\/p>\n<p>RN 9, Av. Asunci\u00f3n KM 1591 &#8211; 90 M\u00e1xima<\/p>\n<p><strong>Control de sem\u00e1foros en rojo:<\/strong><\/p>\n<p>Av. Belgrano y Pueyrred\u00f3n<\/p>\n<p>Av. Jujuy y La Rioja<\/p>\n<p>Av. Bicentenario y Paseo G\u00fcemes<\/p>\n<p>Av. Yrigoyen y Av. Independencia<\/p>\n<p>Av. Paraguay y Av. Chile<\/p>\n<p>Av. Paraguay y Av. Ragone<\/p>\n<p>Av. Bolivia y Francisco Aguirre<\/p>\n<p>Control de luces obligatorias:<\/p>\n<p>RN 51 KM 2,6<\/p>\n","protected":false},"excerpt":{"rendered":"<p>Los dispositivos se encuentran ubicados en m\u00e1s de 20 puntos de la ciudad con su correspondiente se\u00f1alizaci\u00f3n. El objetivo del sistema es contribuir a la seguridad vial y reducir los \u00edndices de siniestralidad. Todo lo recaudado ser\u00e1 destinado a un fondo especial para el arreglo de las calles de la ciudad.<\/p>\n","protected":false},"author":2,"featured_media":4256,"comment_status":"open","ping_status":"closed","sticky":false,"template":"","format":"standard","meta":{"footnotes":""},"categories":[6],"tags":[872],"class_list":["post-4255","post","type-post","status-publish","format-standard","has-post-thumbnail","hentry","category-notas","tag-victor-sacca"],"_links":{"self":[{"href":"https:\/\/muycritico.com.ar\/web\/index.php?rest_route=\/wp\/v2\/posts\/4255","targetHints":{"allow":["GET"]}}],"collection":[{"href":"https:\/\/muycritico.com.ar\/web\/index.php?rest_route=\/wp\/v2\/posts"}],"about":[{"href":"https:\/\/muycritico.com.ar\/web\/index.php?rest_route=\/wp\/v2\/types\/post"}],"author":[{"embeddable":true,"href":"https:\/\/muycritico.com.ar\/web\/index.php?rest_route=\/wp\/v2\/users\/2"}],"replies":[{"embeddable":true,"href":"https:\/\/muycritico.com.ar\/web\/index.php?rest_route=%2Fwp%2Fv2%2Fcomments&post=4255"}],"version-history":[{"count":1,"href":"https:\/\/muycritico.com.ar\/web\/index.php?rest_route=\/wp\/v2\/posts\/4255\/revisions"}],"predecessor-version":[{"id":4257,"href":"https:\/\/muycritico.com.ar\/web\/index.php?rest_route=\/wp\/v2\/posts\/4255\/revisions\/4257"}],"wp:featuredmedia":[{"embeddable":true,"href":"https:\/\/muycritico.com.ar\/web\/index.php?rest_route=\/wp\/v2\/media\/4256"}],"wp:attachment":[{"href":"https:\/\/muycritico.com.ar\/web\/index.php?rest_route=%2Fwp%2Fv2%2Fmedia&parent=4255"}],"wp:term":[{"taxonomy":"category","embeddable":true,"href":"https:\/\/muycritico.com.ar\/web\/index.php?rest_route=%2Fwp%2Fv2%2Fcategories&post=4255"},{"taxonomy":"post_tag","embeddable":true,"href":"https:\/\/muycritico.com.ar\/web\/index.php?rest_route=%2Fwp%2Fv2%2Ftags&post=4255"}],"curies":[{"name":"wp","href":"https:\/\/api.w.org\/{rel}","templated":true}]}}