{"id":3721,"date":"2024-10-04T08:51:18","date_gmt":"2024-10-04T11:51:18","guid":{"rendered":"https:\/\/muycritico.com.ar\/web\/?p=3721"},"modified":"2026-01-18T19:21:51","modified_gmt":"2026-01-18T22:21:51","slug":"diputados-aprobo-la-ley-que-establece-topes-a-los-aumentos-tarifarios","status":"publish","type":"post","link":"https:\/\/muycritico.com.ar\/web\/?p=3721","title":{"rendered":"DIPUTADOS APROB\u00d3 LA LEY QUE ESTABLECE TOPES A LOS AUMENTOS TARIFARIOS"},"content":{"rendered":"<p><strong>La C\u00e1mara de Diputados aprob\u00f3 con modificaciones el proyecto de Ley que establece que las actualizaciones tarifarias por mayores costos de cada per\u00edodo anual correspondientes al servicio de agua potable y desag\u00fces cloacales, as\u00ed como el Valor Agregado de Distribuci\u00f3n (VAD) del servicio de energ\u00eda el\u00e9ctrica, no podr\u00e1n superar el acumulado del coeficiente de variaci\u00f3n del \u00cdndice de Precios al Consumidor (IPC) publicado mensualmente por el INDEC.<\/strong><\/p>\n<p><!--more--><\/p>\n<p>Por otra parte, el proyecto estipula que lo determinado en la normativa resulta de aplicaci\u00f3n complementaria a lo dispuesto por la Ley N\u00ba 6.835, sus modificatorias y dem\u00e1s normas vigentes, por lo cual las autorizaciones que se correspondan con per\u00edodos anteriores se regir\u00e1n conforme a los procesos de revisi\u00f3n previstos por tal normativa, garantizando los principios de gradualidad y de real capacidad de pago del usuario.<\/p>\n<p>Adem\u00e1s, en su articulado, la normativa prev\u00e9 que las empresas prestatarias de los servicios p\u00fablicos de jurisdicci\u00f3n provincial deben percibir el pago de las tasas e impuestos municipales siempre que los tributos alcancen a los usuarios situados en la zona de competencia territorial del Municipio; las tarifas correspondientes a otras empresas prestatarias de servicios p\u00fablicos; las cuotas, retribuciones o tasas que correspondan ser abonadas a organismos del Estado Provincial, a solicitud y en representaci\u00f3n de los sujetos referidos, las que ser\u00e1n percibidas en virtud de los convenios vigentes y los que se suscriban en el futuro.<\/p>\n<p>En tal sentido, la Ley determina que los usuarios de los servicios p\u00fablicos pueden solicitar el cobro por separado de los conceptos a los que se refiere el art\u00edculo anterior. Dicha solicitud podr\u00e1 abarcar uno o varios per\u00edodos. La falta de pago de estos conceptos no podr\u00e1 constituir causal de incumplimiento habilitante para la interrupci\u00f3n o desconexi\u00f3n del servicio.<\/p>\n<p>Asimismo, se establece que las facturas a usuarios por la prestaci\u00f3n de los servicios p\u00fablicos deben detallar la informaci\u00f3n necesaria y suficiente que permita constatar al usuario en forma un\u00edvoca el valor los consumos, el per\u00edodo al cual corresponde, los precios unitarios aplicados y las cargas impositivas.<\/p>\n<p>Seg\u00fan lo determina la norma, el Ente Regulador de los Servicios P\u00fablicos es la autoridad de aplicaci\u00f3n de la Ley de Defensa del Consumidor N\u00b0 24.240, en lo concerniente a las empresas de servicios p\u00fablicos domiciliarios de jurisdicci\u00f3n provincial y dictar\u00e1 las normas reglamentarias necesarias para la aplicaci\u00f3n de la Ley.<\/p>\n<p>El proyecto de Ley que unific\u00f3 el proyecto de Ley en revisi\u00f3n del Senado, y de autor\u00eda de los diputados Nicol\u00e1s Taibo, Mois\u00e9s Balderrama, Edgar Dom\u00ednguez, Pablo G\u00f3mez, Patricia Hucena, Carlos Jorge, Fabio L\u00f3pez, Ernesto Tapia, Ricardo Vargas, Laura Cartuccia, Carolina Ceaglio y Mar\u00eda del Socorro L\u00f3pez, fue aprobado con modificaciones por amplia mayor\u00eda, con siete votos negativos. Pas\u00f3 al Senado nuevamente en revisi\u00f3n.<\/p>\n","protected":false},"excerpt":{"rendered":"<p>La C\u00e1mara de Diputados aprob\u00f3 con modificaciones el proyecto de Ley que establece que las actualizaciones tarifarias por mayores costos de cada per\u00edodo anual correspondientes al servicio de agua potable y desag\u00fces cloacales, as\u00ed como el Valor Agregado de Distribuci\u00f3n (VAD) del servicio de energ\u00eda el\u00e9ctrica, no podr\u00e1n superar el acumulado del coeficiente de variaci\u00f3n [&hellip;]<\/p>\n","protected":false},"author":2,"featured_media":3722,"comment_status":"open","ping_status":"closed","sticky":false,"template":"","format":"standard","meta":{"footnotes":""},"categories":[6],"tags":[872],"class_list":["post-3721","post","type-post","status-publish","format-standard","has-post-thumbnail","hentry","category-notas","tag-victor-sacca"],"_links":{"self":[{"href":"https:\/\/muycritico.com.ar\/web\/index.php?rest_route=\/wp\/v2\/posts\/3721","targetHints":{"allow":["GET"]}}],"collection":[{"href":"https:\/\/muycritico.com.ar\/web\/index.php?rest_route=\/wp\/v2\/posts"}],"about":[{"href":"https:\/\/muycritico.com.ar\/web\/index.php?rest_route=\/wp\/v2\/types\/post"}],"author":[{"embeddable":true,"href":"https:\/\/muycritico.com.ar\/web\/index.php?rest_route=\/wp\/v2\/users\/2"}],"replies":[{"embeddable":true,"href":"https:\/\/muycritico.com.ar\/web\/index.php?rest_route=%2Fwp%2Fv2%2Fcomments&post=3721"}],"version-history":[{"count":1,"href":"https:\/\/muycritico.com.ar\/web\/index.php?rest_route=\/wp\/v2\/posts\/3721\/revisions"}],"predecessor-version":[{"id":3723,"href":"https:\/\/muycritico.com.ar\/web\/index.php?rest_route=\/wp\/v2\/posts\/3721\/revisions\/3723"}],"wp:featuredmedia":[{"embeddable":true,"href":"https:\/\/muycritico.com.ar\/web\/index.php?rest_route=\/wp\/v2\/media\/3722"}],"wp:attachment":[{"href":"https:\/\/muycritico.com.ar\/web\/index.php?rest_route=%2Fwp%2Fv2%2Fmedia&parent=3721"}],"wp:term":[{"taxonomy":"category","embeddable":true,"href":"https:\/\/muycritico.com.ar\/web\/index.php?rest_route=%2Fwp%2Fv2%2Fcategories&post=3721"},{"taxonomy":"post_tag","embeddable":true,"href":"https:\/\/muycritico.com.ar\/web\/index.php?rest_route=%2Fwp%2Fv2%2Ftags&post=3721"}],"curies":[{"name":"wp","href":"https:\/\/api.w.org\/{rel}","templated":true}]}}