{"id":3691,"date":"2024-09-30T19:05:51","date_gmt":"2024-09-30T22:05:51","guid":{"rendered":"https:\/\/muycritico.com.ar\/web\/?p=3691"},"modified":"2026-01-18T19:21:52","modified_gmt":"2026-01-18T22:21:52","slug":"el-lado-mas-oscuro-de-aguas-blancas","status":"publish","type":"post","link":"https:\/\/muycritico.com.ar\/web\/?p=3691","title":{"rendered":"EL LADO M\u00c1S OSCURO DE AGUAS BLANCAS"},"content":{"rendered":"<p><strong>En 2013 Carlos \u201cConejo\u201d Mart\u00ednez fue condenado a cinco a\u00f1os de prisi\u00f3n por transporte de estupefacientes. Estuvo preso hasta 2015. En mayo de 2023, gan\u00f3 las elecciones del municipio salte\u00f1o de Aguas Blancas con el 49% de los votos. Un mes antes la Justicia hab\u00eda confirmado su procesamiento en una causa por lavado de dinero. \u00bfC\u00f3mo puede ser que un sujeto con antecedentes llegue a jefe comunal en Salta?<\/strong><\/p>\n<p><!--more--><\/p>\n<p>A cualquier persona que aspire ingresar como empleado del estado, ya sea nacional o provincial debe someterse a una serie de tr\u00e1mites, los cuales incluyen ex\u00e1menes psicof\u00edsicos y sobre todo la falta total de antecedentes penales. El caso de Mart\u00ednez es paradigm\u00e1tico ya que la Ley 6.530, que regula el funcionamiento de los municipios en la provincia de Salta, no le imped\u00eda postularse como intendente, porque establece como requisito para ejercer el cargo que \u201cno est\u00e9 bajo condena mientras dure \u00e9sta, m\u00e1s un lapso igual a la mitad de la misma\u201d.<\/p>\n<p>As\u00ed es que hasta hace unos d\u00edas Carlos \u201cConejo\u201d Mart\u00ednez era el intendente de Aguas Blancas, un pueblo de apenas 3 mil habitantes ubicado en el norte de la provincia de Salta y en el l\u00edmite con Bolivia, una zona caliente del narcotr\u00e1fico y el contrabando. Desde el martes pasado se encuentra detenido acusado de entorpecer la causa que investiga el crimen de su hermano, asesinado por sicarios en noviembre de 2023.<\/p>\n<p>Un completo informe publicado en PERFIL y replicado en medios locales, consigna que lo curioso es que pocos en la provincia sab\u00edan del prontuario que ten\u00eda el jefe comunal: Mart\u00ednez hab\u00eda sido condenado a cinco a\u00f1os de prisi\u00f3n por narcotr\u00e1fico y estaba procesado por lavado de dinero. Con ese historial se present\u00f3 en las elecciones de mayo del a\u00f1o pasado y casi la mitad de la ciudad lo vot\u00f3: gan\u00f3 con el 49,6 % de los votos.<\/p>\n<blockquote class=\"instagram-media\" style=\"background: #FFF; border: 0; border-radius: 3px; box-shadow: 0 0 1px 0 rgba(0,0,0,0.5),0 1px 10px 0 rgba(0,0,0,0.15); margin: 1px; max-width: 540px; min-width: 326px; padding: 0; width: calc(100% - 2px);\" data-instgrm-captioned=\"\" data-instgrm-permalink=\"https:\/\/www.instagram.com\/p\/DAR2ArVxkRT\/?utm_source=ig_embed&amp;utm_campaign=loading\" data-instgrm-version=\"14\">\n<div style=\"padding: 16px;\">\n<p>&nbsp;<\/p>\n<div style=\"display: flex; flex-direction: row; align-items: center;\">\n<div style=\"background-color: #f4f4f4; border-radius: 50%; flex-grow: 0; height: 40px; margin-right: 14px; width: 40px;\"><\/div>\n<div style=\"display: flex; flex-direction: column; flex-grow: 1; justify-content: center;\">\n<div style=\"background-color: #f4f4f4; border-radius: 4px; flex-grow: 0; height: 14px; margin-bottom: 6px; width: 100px;\"><\/div>\n<div style=\"background-color: #f4f4f4; border-radius: 4px; flex-grow: 0; height: 14px; width: 60px;\"><\/div>\n<\/div>\n<\/div>\n<div style=\"padding: 19% 0;\"><\/div>\n<div style=\"display: block; height: 50px; margin: 0 auto 12px; width: 50px;\"><\/div>\n<div style=\"padding-top: 8px;\">\n<div style=\"color: #3897f0; font-family: Arial,sans-serif; font-size: 14px; font-style: normal; font-weight: 550; line-height: 18px;\">Ver esta publicaci\u00f3n en Instagram<\/div>\n<\/div>\n<div style=\"padding: 12.5% 0;\"><\/div>\n<div style=\"display: flex; flex-direction: row; margin-bottom: 14px; align-items: center;\">\n<div>\n<div style=\"background-color: #f4f4f4; border-radius: 50%; height: 12.5px; width: 12.5px; transform: translateX(0px) translateY(7px);\"><\/div>\n<div style=\"background-color: #f4f4f4; height: 12.5px; transform: rotate(-45deg) translateX(3px) translateY(1px); width: 12.5px; flex-grow: 0; margin-right: 14px; margin-left: 2px;\"><\/div>\n<div style=\"background-color: #f4f4f4; border-radius: 50%; height: 12.5px; width: 12.5px; transform: translateX(9px) translateY(-18px);\"><\/div>\n<\/div>\n<div style=\"margin-left: 8px;\">\n<div style=\"background-color: #f4f4f4; border-radius: 50%; flex-grow: 0; height: 20px; width: 20px;\"><\/div>\n<div style=\"width: 0; height: 0; border-top: 2px solid transparent; border-left: 6px solid #f4f4f4; border-bottom: 2px solid transparent; transform: translateX(16px) translateY(-4px) rotate(30deg);\"><\/div>\n<\/div>\n<div style=\"margin-left: auto;\">\n<div style=\"width: 0px; border-top: 8px solid #F4F4F4; border-right: 8px solid transparent; transform: translateY(16px);\"><\/div>\n<div style=\"background-color: #f4f4f4; flex-grow: 0; height: 12px; width: 16px; transform: translateY(-4px);\"><\/div>\n<div style=\"width: 0; height: 0; border-top: 8px solid #F4F4F4; border-left: 8px solid transparent; transform: translateY(-4px) translateX(8px);\"><\/div>\n<\/div>\n<\/div>\n<div style=\"display: flex; flex-direction: column; flex-grow: 1; justify-content: center; margin-bottom: 24px;\">\n<div style=\"background-color: #f4f4f4; border-radius: 4px; flex-grow: 0; height: 14px; margin-bottom: 6px; width: 224px;\"><\/div>\n<div style=\"background-color: #f4f4f4; border-radius: 4px; flex-grow: 0; height: 14px; width: 144px;\"><\/div>\n<\/div>\n<p>&nbsp;<\/p>\n<p style=\"color: #c9c8cd; font-family: Arial,sans-serif; font-size: 14px; line-height: 17px; margin-bottom: 0; margin-top: 8px; overflow: hidden; padding: 8px 0 7px; text-align: center; text-overflow: ellipsis; white-space: nowrap;\"><a style=\"color: #c9c8cd; font-family: Arial,sans-serif; font-size: 14px; font-style: normal; font-weight: normal; line-height: 17px; text-decoration: none;\" href=\"https:\/\/www.instagram.com\/p\/DAR2ArVxkRT\/?utm_source=ig_embed&amp;utm_campaign=loading\" target=\"_blank\" rel=\"noopener\">Una publicaci\u00f3n compartida por Fernando Primero Climent (@fernando.climent)<\/a><\/p>\n<\/div>\n<\/blockquote>\n<p><script async src=\"\/\/www.instagram.com\/embed.js\"><\/script><\/p>\n<p>La Ley 6.530, que regula el funcionamiento de los municipios en la provincia de Salta, no le imped\u00eda postularse como intendente, porque establece como requisito para ejercer el cargo que \u201cno est\u00e9 bajo condena mientras dure \u00e9sta, m\u00e1s un lapso igual a la mitad de la misma\u201d.<\/p>\n<p>Mart\u00ednez, quien integraba el \u201cFrente Salta Avanza con Vos\u201d, un espacio alineado a La Libertad Avanza, estaba habilitado porque hab\u00eda sido condenado el 10 de diciembre de 2013 en un fallo dictado por el Tribunal Oral en lo Criminal Federal de Salta por el delito de transporte de estupefacientes. Hasta 2015 estuvo detenido.<\/p>\n<p>El 24 de abril de 2023, un mes antes de ganar las elecciones, la C\u00e1mara Federal de Tucum\u00e1n ratific\u00f3 el procesamiento del Juzgado Federal de Santiago del Estero, a cargo de Guillermo Daniel Molinari, en otra causa que ten\u00eda por lavado de activos. Esta investigaci\u00f3n se hab\u00eda iniciado el 19 de marzo de 2019 cuando en un control vehicular de la Ruta Nacional 34 descubrieron que llevaba US$ 100 mil escondidos en un doble fondo de la puerta de su camioneta Toyota Hilux.<\/p>\n","protected":false},"excerpt":{"rendered":"<p>En 2013 Carlos \u201cConejo\u201d Mart\u00ednez fue condenado a cinco a\u00f1os de prisi\u00f3n por transporte de estupefacientes. Estuvo preso hasta 2015. En mayo de 2023, gan\u00f3 las elecciones del municipio salte\u00f1o de Aguas Blancas con el 49% de los votos. Un mes antes la Justicia hab\u00eda confirmado su procesamiento en una causa por lavado de dinero. [&hellip;]<\/p>\n","protected":false},"author":2,"featured_media":3692,"comment_status":"open","ping_status":"closed","sticky":false,"template":"","format":"standard","meta":{"footnotes":""},"categories":[6],"tags":[872],"class_list":["post-3691","post","type-post","status-publish","format-standard","has-post-thumbnail","hentry","category-notas","tag-victor-sacca"],"_links":{"self":[{"href":"https:\/\/muycritico.com.ar\/web\/index.php?rest_route=\/wp\/v2\/posts\/3691","targetHints":{"allow":["GET"]}}],"collection":[{"href":"https:\/\/muycritico.com.ar\/web\/index.php?rest_route=\/wp\/v2\/posts"}],"about":[{"href":"https:\/\/muycritico.com.ar\/web\/index.php?rest_route=\/wp\/v2\/types\/post"}],"author":[{"embeddable":true,"href":"https:\/\/muycritico.com.ar\/web\/index.php?rest_route=\/wp\/v2\/users\/2"}],"replies":[{"embeddable":true,"href":"https:\/\/muycritico.com.ar\/web\/index.php?rest_route=%2Fwp%2Fv2%2Fcomments&post=3691"}],"version-history":[{"count":2,"href":"https:\/\/muycritico.com.ar\/web\/index.php?rest_route=\/wp\/v2\/posts\/3691\/revisions"}],"predecessor-version":[{"id":3694,"href":"https:\/\/muycritico.com.ar\/web\/index.php?rest_route=\/wp\/v2\/posts\/3691\/revisions\/3694"}],"wp:featuredmedia":[{"embeddable":true,"href":"https:\/\/muycritico.com.ar\/web\/index.php?rest_route=\/wp\/v2\/media\/3692"}],"wp:attachment":[{"href":"https:\/\/muycritico.com.ar\/web\/index.php?rest_route=%2Fwp%2Fv2%2Fmedia&parent=3691"}],"wp:term":[{"taxonomy":"category","embeddable":true,"href":"https:\/\/muycritico.com.ar\/web\/index.php?rest_route=%2Fwp%2Fv2%2Fcategories&post=3691"},{"taxonomy":"post_tag","embeddable":true,"href":"https:\/\/muycritico.com.ar\/web\/index.php?rest_route=%2Fwp%2Fv2%2Ftags&post=3691"}],"curies":[{"name":"wp","href":"https:\/\/api.w.org\/{rel}","templated":true}]}}