{"id":358,"date":"2023-12-15T09:46:06","date_gmt":"2023-12-15T12:46:06","guid":{"rendered":"https:\/\/muycritico.com.ar\/web\/?p=358"},"modified":"2026-01-18T19:25:56","modified_gmt":"2026-01-18T22:25:56","slug":"herencia-bettina-20-obras-sin-finalizar-y-70-millones-de-deuda-entre-otras-calamidades","status":"publish","type":"post","link":"https:\/\/muycritico.com.ar\/web\/?p=358","title":{"rendered":"HERENCIA BETTINA: 20 OBRAS SIN FINALIZAR Y 70 MILLONES DE DEUDA, ENTRE OTRAS CALAMIDADES"},"content":{"rendered":"<p><strong>Los alarmantes n\u00fameros los dio a conocer el titular de la Secretar\u00eda de Obras P\u00fablicas de la Municipalidad, Sergio Zorpudes, en Hora de Voces (FM Ya 91.3). No descarta que desde el municipio inicien acciones penales contra los funcionarios de la gesti\u00f3n anterior<\/strong><\/p>\n<p><!--more--><\/p>\n<p>Al inicio de su gesti\u00f3n el intendente Durand realiz\u00f3 un relevamiento del estado en que estan las obras que se habia planteado realizar la gesti\u00f3n anterior y no las finaliz\u00f3. \u201cAlgunas est\u00e1n con muy bajo ritmo y eso tambi\u00e9n causa que la municipalidad tenga mayor erogaci\u00f3n de la planificaci\u00f3n que ten\u00eda. Al no cumplir los pasos, una obra que ten\u00eda 60 d\u00edas de ejecuci\u00f3n al hacerla en 9 meses nos sale 3 veces m\u00e1s\u201d, indic\u00f3 el Zorpudes.<\/p>\n<p>Sin embargo, la situaci\u00f3n m\u00e1s compleja que tendr\u00e1 que afrontar la nueva gesti\u00f3n concierne a las irregularidades en la certificaci\u00f3n de obras que se ejecutaron durante la gesti\u00f3n de Bettina Romero.<\/p>\n<p>En principio, se estima que en casi la totalidad de las obras las certificaciones de obra no coinciden con el avance real que debieron tener. Los certificados permiten que se pueda adelantar fondos correspondientes a las siguientes etapas de la ejecuci\u00f3n.<\/p>\n<p>Lamentablemente el actual contexto inflacionario perjudica a\u00fan m\u00e1s la situaci\u00f3n ya que a ra\u00edz de la grave crisis que atraviesa el pa\u00eds, los costos de obra aumentaron y la totalidad de las empresas solicitaron actualizar montos.<\/p>\n<p>\u201cEncontramos obras certificadas al 100, 90, 97%, con un avance del 15% o el 20%. Por eso hablaba de un desorden, quiero creer administrativo, pero eso tambi\u00e9n causa un da\u00f1o enorme al municipio porque se adelant\u00f3 dinero sin hacer la obra, eso realmente es muy grave\u201d, detall\u00f3 Zorpudes.<\/p>\n<p>Seg\u00fan consigna NUEVO DIARIO, el funcionario no descarta que desde el municipio inicien acciones penales contra los funcionarios de la gesti\u00f3n anterior. No solo a ra\u00edz del estado deficitario en el que entregaron la comuna, sino ante la presencia de estas irregularidades en cuanto al manejo de la obra p\u00fablica.<\/p>\n<p>\u201cRespecto a todo este desorden administrativo, la oficina creada va a evaluar contrato por contrato y se encargar\u00e1 en los casos necesarios de pasar directamente a acciones legales\u201d, se\u00f1al\u00f3. Pese al panorama, el recientemente asumido funcionario confirm\u00f3 que buscar\u00e1n la manera de ejecutar un plan de obras destinado a responder a las necesidades de los barrios perif\u00e9ricos de la ciudad.<\/p>\n","protected":false},"excerpt":{"rendered":"<p>Los alarmantes n\u00fameros los dio a conocer el titular de la Secretar\u00eda de Obras P\u00fablicas de la Municipalidad, Sergio Zorpudes, en Hora de Voces (FM Ya 91.3). No descarta que desde el municipio inicien acciones penales contra los funcionarios de la gesti\u00f3n anterior<\/p>\n","protected":false},"author":2,"featured_media":359,"comment_status":"open","ping_status":"closed","sticky":false,"template":"","format":"standard","meta":{"footnotes":""},"categories":[6],"tags":[872],"class_list":["post-358","post","type-post","status-publish","format-standard","has-post-thumbnail","hentry","category-notas","tag-victor-sacca"],"_links":{"self":[{"href":"https:\/\/muycritico.com.ar\/web\/index.php?rest_route=\/wp\/v2\/posts\/358","targetHints":{"allow":["GET"]}}],"collection":[{"href":"https:\/\/muycritico.com.ar\/web\/index.php?rest_route=\/wp\/v2\/posts"}],"about":[{"href":"https:\/\/muycritico.com.ar\/web\/index.php?rest_route=\/wp\/v2\/types\/post"}],"author":[{"embeddable":true,"href":"https:\/\/muycritico.com.ar\/web\/index.php?rest_route=\/wp\/v2\/users\/2"}],"replies":[{"embeddable":true,"href":"https:\/\/muycritico.com.ar\/web\/index.php?rest_route=%2Fwp%2Fv2%2Fcomments&post=358"}],"version-history":[{"count":1,"href":"https:\/\/muycritico.com.ar\/web\/index.php?rest_route=\/wp\/v2\/posts\/358\/revisions"}],"predecessor-version":[{"id":360,"href":"https:\/\/muycritico.com.ar\/web\/index.php?rest_route=\/wp\/v2\/posts\/358\/revisions\/360"}],"wp:featuredmedia":[{"embeddable":true,"href":"https:\/\/muycritico.com.ar\/web\/index.php?rest_route=\/wp\/v2\/media\/359"}],"wp:attachment":[{"href":"https:\/\/muycritico.com.ar\/web\/index.php?rest_route=%2Fwp%2Fv2%2Fmedia&parent=358"}],"wp:term":[{"taxonomy":"category","embeddable":true,"href":"https:\/\/muycritico.com.ar\/web\/index.php?rest_route=%2Fwp%2Fv2%2Fcategories&post=358"},{"taxonomy":"post_tag","embeddable":true,"href":"https:\/\/muycritico.com.ar\/web\/index.php?rest_route=%2Fwp%2Fv2%2Ftags&post=358"}],"curies":[{"name":"wp","href":"https:\/\/api.w.org\/{rel}","templated":true}]}}