{"id":338,"date":"2023-12-12T19:59:56","date_gmt":"2023-12-12T22:59:56","guid":{"rendered":"https:\/\/muycritico.com.ar\/web\/?p=338"},"modified":"2026-01-18T19:25:56","modified_gmt":"2026-01-18T22:25:56","slug":"si-seguimos-como-estamos-vamos-camino-inevitablemente-a-una-hiperinflacion","status":"publish","type":"post","link":"https:\/\/muycritico.com.ar\/web\/?p=338","title":{"rendered":"\u201cSI SEGUIMOS COMO ESTAMOS VAMOS CAMINO INEVITABLEMENTE A UNA HIPERINFLACI\u00d3N\u201d"},"content":{"rendered":"<p><strong>Lo dijo el ministro de econom\u00eda Luis Caputo, tras el esperando paquete de nuevas \u201cmedidas de emergencia econ\u00f3mica\u201d. Recorte profundo de gastos p\u00fablicos y una reforma del Estado. \u201cSi hay sobre abundancia de pesos, el precio de los pesos cae\u201d, destac\u00f3 Caputo sobre el paquete de medidas que apuntar\u00e1n a alcanzar el equilibrio fiscal. \u00bfDe qu\u00e9 son las nueve medidas?<\/strong><\/p>\n<p><!--more--><\/p>\n<p>Quiz\u00e1s la frase m\u00e1s dura fue: \u201cVamos a estar durante unos meses peor que antes, particularmente en t\u00e9rminos de inflaci\u00f3n\u201d, enfatiz\u00f3 al tiempo que asegur\u00f3 que \u201csi seguimos como estamos vamos camino inevitablemente a una hiperinflaci\u00f3n\u201d.<\/p>\n<p>\u201cLa g\u00e9nesis de nuestro problema siempre ha sido el d\u00e9ficit fiscal. Pol\u00edticamente siempre hemos sido adictos al d\u00e9ficit. Lo que nosotros venimos a hacer es lo opuesto a lo que se ha hecho siempre. Venimos a solucionar este problema de ra\u00edz\u201d, afirm\u00f3 Caputo.<\/p>\n<p><strong>Las nueve medidas:<\/strong><\/p>\n<p>\u201cNo se renuevan los contratos laborales del Estado que tengan menos de un a\u00f1o de vigencia\u201d.<\/p>\n<p>\u201cSe decreta la suspensi\u00f3n de la pauta publicitaria del Estado por un a\u00f1o\u201d.<\/p>\n<p>\u201cConforme la ley de ministerios, los ministerios se reducir\u00e1n de 18 a 9 y las secretarias de 106 a 54\u201d.<\/p>\n<p>\u201cVamos a reducir al m\u00ednimo las trasferencias del estado nacional a las provincias\u201d.<\/p>\n<p>\u201cEl Estado nacional no va a licitar obras p\u00fablicas nuevas y va a cancelar las licitaciones aprobadas cuyo desarrollo no haya comenzado\u201d.<\/p>\n<p>\u201cVamos a reducir subsidios a la energ\u00eda y al transporte. El Estado sostiene artificialmente precios baj\u00edsimos a trav\u00e9s de subsidios\u201d.<\/p>\n<p>\u201cVamos a mantener los planes los planes Potenciar Trabajo conforme a lo establecido en el Presupuesto 2023. Vamos a mantener la AUH y la tarjeta alimentar\u201d.<\/p>\n<p>\u201cVamos a sincerar el tipo de cambio oficial a $800. Esto va a estar acompa\u00f1ado de un aumento provisorio del impuesto PAIS a las importaciones y a las retenciones de las exportaciones no agropecuarias\u201d.<\/p>\n<p>\u201cReemplazaremos el sistema de importaciones SIRA por un sistema estad\u00edstico y de informaciones que no requerir\u00e1 de la aprobaci\u00f3n previa de licencias\u201d.<\/p>\n<p><strong>Textuales de Caputo<\/strong><\/p>\n<p>\u201cEstamos heredando una inflaci\u00f3n reprimida que ya se est\u00e1 destapando y que es consecuencia del rezago de la pol\u00edtica monetaria ultra expansiva de estos \u00faltimos cuatro a\u00f1os y controles de precios que a la larga nunca funcionan\u201d.<\/p>\n<p>\u201cEs decir, vamos a estar durante unos meses peor que antes, particularmente en t\u00e9rminos de inflaci\u00f3n. Lo digo as\u00ed, porque como dice el Presidente, es preferible decir una verdad inc\u00f3moda que una mentira confortable\u201d.<\/p>\n<p>\u201cPor esta situaci\u00f3n de emergencia que vamos a vivir, el presidente nos ha pedido que pongamos el foco fundamental en la gente que m\u00e1s puede sufrirlo. Por eso, vamos a implementar una d\u00e9cima medida de importante car\u00e1cter social: vamos a duplicar el plan de AUH y aumentar en un 50% la tarjeta Alimentar\u201d.<\/p>\n<p>\u201cDe algo podemos estar seguros y es que este es el camino correcto. Si seguimos por el otro camino inevitablemente vamos a ir a un escenario de mucha mayor pobreza, mayor inflaci\u00f3n y mayor sufrimiento\u201d.<\/p>\n<p>\u201cSi hacemos finalmente los deberes que nunca hemos querido hacer, permit\u00e1monos permit\u00e1monos so\u00f1ar con volver a ser ese gran pa\u00eds que hace 100 a\u00f1os el mundo entero tanto admiraba\u201d.<\/p>\n","protected":false},"excerpt":{"rendered":"<p>Lo dijo el ministro de econom\u00eda Luis Caputo, tras el esperando paquete de nuevas \u201cmedidas de emergencia econ\u00f3mica\u201d. Recorte profundo de gastos p\u00fablicos y una reforma del Estado. \u201cSi hay sobre abundancia de pesos, el precio de los pesos cae\u201d, destac\u00f3 Caputo sobre el paquete de medidas que apuntar\u00e1n a alcanzar el equilibrio fiscal. \u00bfDe [&hellip;]<\/p>\n","protected":false},"author":2,"featured_media":339,"comment_status":"open","ping_status":"closed","sticky":false,"template":"","format":"standard","meta":{"footnotes":""},"categories":[6],"tags":[872],"class_list":["post-338","post","type-post","status-publish","format-standard","has-post-thumbnail","hentry","category-notas","tag-victor-sacca"],"_links":{"self":[{"href":"https:\/\/muycritico.com.ar\/web\/index.php?rest_route=\/wp\/v2\/posts\/338","targetHints":{"allow":["GET"]}}],"collection":[{"href":"https:\/\/muycritico.com.ar\/web\/index.php?rest_route=\/wp\/v2\/posts"}],"about":[{"href":"https:\/\/muycritico.com.ar\/web\/index.php?rest_route=\/wp\/v2\/types\/post"}],"author":[{"embeddable":true,"href":"https:\/\/muycritico.com.ar\/web\/index.php?rest_route=\/wp\/v2\/users\/2"}],"replies":[{"embeddable":true,"href":"https:\/\/muycritico.com.ar\/web\/index.php?rest_route=%2Fwp%2Fv2%2Fcomments&post=338"}],"version-history":[{"count":1,"href":"https:\/\/muycritico.com.ar\/web\/index.php?rest_route=\/wp\/v2\/posts\/338\/revisions"}],"predecessor-version":[{"id":340,"href":"https:\/\/muycritico.com.ar\/web\/index.php?rest_route=\/wp\/v2\/posts\/338\/revisions\/340"}],"wp:featuredmedia":[{"embeddable":true,"href":"https:\/\/muycritico.com.ar\/web\/index.php?rest_route=\/wp\/v2\/media\/339"}],"wp:attachment":[{"href":"https:\/\/muycritico.com.ar\/web\/index.php?rest_route=%2Fwp%2Fv2%2Fmedia&parent=338"}],"wp:term":[{"taxonomy":"category","embeddable":true,"href":"https:\/\/muycritico.com.ar\/web\/index.php?rest_route=%2Fwp%2Fv2%2Fcategories&post=338"},{"taxonomy":"post_tag","embeddable":true,"href":"https:\/\/muycritico.com.ar\/web\/index.php?rest_route=%2Fwp%2Fv2%2Ftags&post=338"}],"curies":[{"name":"wp","href":"https:\/\/api.w.org\/{rel}","templated":true}]}}