{"id":332,"date":"2023-12-12T18:42:53","date_gmt":"2023-12-12T21:42:53","guid":{"rendered":"https:\/\/muycritico.com.ar\/web\/?p=332"},"modified":"2026-01-18T19:25:57","modified_gmt":"2026-01-18T22:25:57","slug":"asumieron-los-diputados-provinciales-por-los-departamentos-guachipas-y-san-carlos","status":"publish","type":"post","link":"https:\/\/muycritico.com.ar\/web\/?p=332","title":{"rendered":"ASUMIERON LOS DIPUTADOS PROVINCIALES POR LOS DEPARTAMENTOS GUACHIPAS Y SAN CARLOS"},"content":{"rendered":"<p><strong>La toma de juramento a los diputados N\u00e9stor Parra del departamento Guachipas y Ra\u00fal Vargas del departamento San Carlos, electos en los \u00faltimos comicios de mayo, estuvo a cargo del presidente de la C\u00e1mara de Diputados, Esteban Amat Lacroix.<\/strong><\/p>\n<p><!--more--><\/p>\n<p>Posterior a la lectura del acta resolutiva del Tribunal Electoral de la Provincia, los diputados electos prestaron juramento este lunes 11 tras haber culminado sus respectivos mandatos como intendentes de los municipios de Guachipas y de San Carlos.<\/p>\n<p>De cara a esta nueva etapa, los legisladores agradecieron el apoyo de los vecinos de los departamentos que representan, al tiempo que remarcaron su compromiso permanente en pos de trabajar para el desarrollo de cada uno de los departamentos y en beneficio de cada pueblo de la provincia.<\/p>\n<p>De la ceremonia tambi\u00e9n participaron la vicepresidenta primera del Cuerpo, Ver\u00f3nica Saicha Ib\u00e1\u00f1ez; la presidenta de la comisi\u00f3n de Legislaci\u00f3n General, Socorro Villamayor; el secretario Legislativo, Ra\u00fal Medina; el prosecretario Legislativo, Pedro Mellado; el senador por Guachipas, Diego Cari; familiares e invitados especiales.<\/p>\n","protected":false},"excerpt":{"rendered":"<p>La toma de juramento a los diputados N\u00e9stor Parra del departamento Guachipas y Ra\u00fal Vargas del departamento San Carlos, electos en los \u00faltimos comicios de mayo, estuvo a cargo del presidente de la C\u00e1mara de Diputados, Esteban Amat Lacroix.<\/p>\n","protected":false},"author":2,"featured_media":333,"comment_status":"open","ping_status":"closed","sticky":false,"template":"","format":"standard","meta":{"footnotes":""},"categories":[6],"tags":[872],"class_list":["post-332","post","type-post","status-publish","format-standard","has-post-thumbnail","hentry","category-notas","tag-victor-sacca"],"_links":{"self":[{"href":"https:\/\/muycritico.com.ar\/web\/index.php?rest_route=\/wp\/v2\/posts\/332","targetHints":{"allow":["GET"]}}],"collection":[{"href":"https:\/\/muycritico.com.ar\/web\/index.php?rest_route=\/wp\/v2\/posts"}],"about":[{"href":"https:\/\/muycritico.com.ar\/web\/index.php?rest_route=\/wp\/v2\/types\/post"}],"author":[{"embeddable":true,"href":"https:\/\/muycritico.com.ar\/web\/index.php?rest_route=\/wp\/v2\/users\/2"}],"replies":[{"embeddable":true,"href":"https:\/\/muycritico.com.ar\/web\/index.php?rest_route=%2Fwp%2Fv2%2Fcomments&post=332"}],"version-history":[{"count":1,"href":"https:\/\/muycritico.com.ar\/web\/index.php?rest_route=\/wp\/v2\/posts\/332\/revisions"}],"predecessor-version":[{"id":334,"href":"https:\/\/muycritico.com.ar\/web\/index.php?rest_route=\/wp\/v2\/posts\/332\/revisions\/334"}],"wp:featuredmedia":[{"embeddable":true,"href":"https:\/\/muycritico.com.ar\/web\/index.php?rest_route=\/wp\/v2\/media\/333"}],"wp:attachment":[{"href":"https:\/\/muycritico.com.ar\/web\/index.php?rest_route=%2Fwp%2Fv2%2Fmedia&parent=332"}],"wp:term":[{"taxonomy":"category","embeddable":true,"href":"https:\/\/muycritico.com.ar\/web\/index.php?rest_route=%2Fwp%2Fv2%2Fcategories&post=332"},{"taxonomy":"post_tag","embeddable":true,"href":"https:\/\/muycritico.com.ar\/web\/index.php?rest_route=%2Fwp%2Fv2%2Ftags&post=332"}],"curies":[{"name":"wp","href":"https:\/\/api.w.org\/{rel}","templated":true}]}}