{"id":3230,"date":"2024-08-22T09:31:27","date_gmt":"2024-08-22T12:31:27","guid":{"rendered":"https:\/\/muycritico.com.ar\/web\/?p=3230"},"modified":"2026-01-18T19:23:43","modified_gmt":"2026-01-18T22:23:43","slug":"entregan-certificados-al-club-de-chicas-programadoras","status":"publish","type":"post","link":"https:\/\/muycritico.com.ar\/web\/?p=3230","title":{"rendered":"ENTREGAN CERTIFICADOS AL &#8220;CLUB DE CHICAS PROGRAMADORAS&#8221;"},"content":{"rendered":"<p><strong>En el audit\u00f3rium del Sal\u00f3n Ing. Rodolfo Cl\u00e9rico se realiz\u00f3 este mi\u00e9rcoles la entrega de certificados a las j\u00f3venes que completaron el proyecto de capacitaci\u00f3n denominado \u201cClub de Chicas Programadoras\u201d.<\/strong><\/p>\n<p><!--more--><\/p>\n<p>Este espacio de formaci\u00f3n impulsado por la Secretar\u00eda de Modernizaci\u00f3n del gobierno de Salta y la Municipalidad de El Galp\u00f3n, que incluyen charlas y capacitaciones, est\u00e1 destinado a promover en las mujeres el inter\u00e9s y la formaci\u00f3n en las Ciencias de la Computaci\u00f3n.<\/p>\n<p>Con la presencia del intendente Federico Sacca, el director de Inclusi\u00f3n Digital y Participaci\u00f3n Ciudadana de la Secretaria de Modernizaci\u00f3n, Enrique Clement y, el secretario de Finanzas, Leonardo Moya, 10 alumnas recibieron sus respectivos certificados. La actividad\u00a0 tuvo como mentores a Solange D\u00edaz y Andreu Gustavo, con la coordinaci\u00f3n del director, Horacio Vizgarra.<\/p>\n<p>Adem\u00e1s la Secretaria de Modernizaci\u00f3n dict\u00f3 un taller de Ciber bullyng en el colegio 5031 San Francisco Solano.<\/p>\n<p><img loading=\"lazy\" decoding=\"async\" class=\"aligncenter size-full wp-image-3232\" src=\"https:\/\/muycritico.com.ar\/web\/wp-content\/uploads\/2024\/08\/chicas-programadoras.jpg\" alt=\"\" width=\"2048\" height=\"1536\" srcset=\"https:\/\/muycritico.com.ar\/web\/wp-content\/uploads\/2024\/08\/chicas-programadoras.jpg 2048w, https:\/\/muycritico.com.ar\/web\/wp-content\/uploads\/2024\/08\/chicas-programadoras-768x576.jpg 768w, https:\/\/muycritico.com.ar\/web\/wp-content\/uploads\/2024\/08\/chicas-programadoras-1536x1152.jpg 1536w\" sizes=\"auto, (max-width: 2048px) 100vw, 2048px\" \/><\/p>\n","protected":false},"excerpt":{"rendered":"<p>En el audit\u00f3rium del Sal\u00f3n Ing. Rodolfo Cl\u00e9rico se realiz\u00f3 este mi\u00e9rcoles la entrega de certificados a las j\u00f3venes que completaron el proyecto de capacitaci\u00f3n denominado \u201cClub de Chicas Programadoras\u201d.<\/p>\n","protected":false},"author":2,"featured_media":3231,"comment_status":"open","ping_status":"closed","sticky":false,"template":"","format":"standard","meta":{"footnotes":""},"categories":[6],"tags":[872],"class_list":["post-3230","post","type-post","status-publish","format-standard","has-post-thumbnail","hentry","category-notas","tag-victor-sacca"],"_links":{"self":[{"href":"https:\/\/muycritico.com.ar\/web\/index.php?rest_route=\/wp\/v2\/posts\/3230","targetHints":{"allow":["GET"]}}],"collection":[{"href":"https:\/\/muycritico.com.ar\/web\/index.php?rest_route=\/wp\/v2\/posts"}],"about":[{"href":"https:\/\/muycritico.com.ar\/web\/index.php?rest_route=\/wp\/v2\/types\/post"}],"author":[{"embeddable":true,"href":"https:\/\/muycritico.com.ar\/web\/index.php?rest_route=\/wp\/v2\/users\/2"}],"replies":[{"embeddable":true,"href":"https:\/\/muycritico.com.ar\/web\/index.php?rest_route=%2Fwp%2Fv2%2Fcomments&post=3230"}],"version-history":[{"count":1,"href":"https:\/\/muycritico.com.ar\/web\/index.php?rest_route=\/wp\/v2\/posts\/3230\/revisions"}],"predecessor-version":[{"id":3233,"href":"https:\/\/muycritico.com.ar\/web\/index.php?rest_route=\/wp\/v2\/posts\/3230\/revisions\/3233"}],"wp:featuredmedia":[{"embeddable":true,"href":"https:\/\/muycritico.com.ar\/web\/index.php?rest_route=\/wp\/v2\/media\/3231"}],"wp:attachment":[{"href":"https:\/\/muycritico.com.ar\/web\/index.php?rest_route=%2Fwp%2Fv2%2Fmedia&parent=3230"}],"wp:term":[{"taxonomy":"category","embeddable":true,"href":"https:\/\/muycritico.com.ar\/web\/index.php?rest_route=%2Fwp%2Fv2%2Fcategories&post=3230"},{"taxonomy":"post_tag","embeddable":true,"href":"https:\/\/muycritico.com.ar\/web\/index.php?rest_route=%2Fwp%2Fv2%2Ftags&post=3230"}],"curies":[{"name":"wp","href":"https:\/\/api.w.org\/{rel}","templated":true}]}}